{"id":3791,"date":"2026-04-13T14:03:08","date_gmt":"2026-04-13T19:03:08","guid":{"rendered":"https:\/\/conexion-mx.com\/?p=3791"},"modified":"2026-04-13T14:03:08","modified_gmt":"2026-04-13T19:03:08","slug":"mueren-dos-guardias-de-seguridad-privada-tras-caer-a-carcamo-durante-persecucion-en-corregidora-queretaro","status":"publish","type":"post","link":"https:\/\/conexion-mx.com\/?p=3791","title":{"rendered":"Mueren dos guardias de seguridad privada tras caer a c\u00e1rcamo durante persecuci\u00f3n en Corregidora, Quer\u00e9taro"},"content":{"rendered":"<p> <br \/>\n<\/p>\n<div>\n<p>Dos elementos de seguridad privada murieron tras caer a un c\u00e1rcamo pluvial mientras presuntamente persegu\u00edan a un ladr\u00f3n en el municipio de <strong>Corregidora<\/strong>, en el estado de <strong>Quer\u00e9taro<\/strong>.<\/p>\n<p>Los hechos ocurrieron la noche del <strong>domingo<\/strong> en el fraccionamiento <strong>Puerta Real II<\/strong>, en medio de condiciones de lluvia que habr\u00edan reducido la visibilidad en la zona. De acuerdo con reportes preliminares, tres guardias realizaban rondines de vigilancia cuando iniciaron la persecuci\u00f3n de un sospechoso; sin embargo, al desplazarse por el \u00e1rea, cayeron accidentalmente al interior del c\u00e1rcamo.<\/p>\n<aside class=\"htmlinline\"\/>\n<p>Tras el reporte a los <strong>servicios de emergencia<\/strong>, corporaciones municipales y estatales desplegaron un operativo de rescate. Uno de los elementos logr\u00f3 sobrevivir al sujetarse de una barda, por lo que fue auxiliado en el lugar y trasladado a un hospital para su valoraci\u00f3n m\u00e9dica.<\/p>\n<p>Durante las labores iniciales, rescatistas localizaron el <strong>cuerpo<\/strong> sin vida de uno de los guardias, mientras que la b\u00fasqueda del segundo se prolong\u00f3 durante varias horas, debido a las condiciones del lugar.<\/p>\n<p>Fue hasta la ma\u00f1ana de este lunes cuando, con apoyo de <strong>buzos especializados<\/strong>, se logr\u00f3 recuperar el segundo cuerpo.<\/p>\n<p>El director de Protecci\u00f3n Civil de Corregidora, <strong>Omar Lugo Aguilar<\/strong>, confirm\u00f3 que las v\u00edctimas formaban parte de una empresa de seguridad privada y que el incidente ocurri\u00f3 mientras se encontraban en funciones.<\/p>\n<p>Asimismo, detall\u00f3 que en las labores participaron elementos de seguridad p\u00fablica municipal, polic\u00eda estatal, <strong>Protecci\u00f3n Civil <\/strong>estatal y personal especializado en rescate acu\u00e1tico del municipio de <strong>El Marqu\u00e9s<\/strong>.<\/p>\n<p>La zona fue acordonada para permitir las maniobras de recuperaci\u00f3n y las diligencias correspondientes, mientras que la <strong>Fiscal\u00eda General del Estado de Quer\u00e9taro<\/strong> inici\u00f3 las investigaciones para esclarecer las circunstancias del accidente.&#13;<br \/>\n&#13;\n<\/p>\n<p>Autoridades tambi\u00e9n hicieron un llamado a la poblaci\u00f3n a extremar precauciones ante la presencia de lluvias, al advertir que este tipo de infraestructura pluvial puede representar un riesgo, especialmente durante precipitaciones intensas asociadas al frente fr\u00edo n\u00famero 43.&#13;<br \/>\n&#13;<br \/>\n&#13;\n                                <\/p>\n<\/p><\/div>\n<p><script>\n    !function(f,b,e,v,n,t,s)\n    {if(f.fbq)return;n=f.fbq=function(){n.callMethod?\n    n.callMethod.apply(n,arguments):n.queue.push(arguments)};\n    if(!f._fbq)f._fbq=n;n.push=n;n.loaded=!0;n.version='2.0';\n    n.queue=[];t=b.createElement(e);t.async=!0;\n    t.src=v;s=b.getElementsByTagName(e)[0];\n    s.parentNode.insertBefore(t,s)}(window, document,'script',\n    'https:\/\/connect.facebook.net\/en_US\/fbevents.js');\n    fbq('init', '237927003583820');\n    fbq('track', 'PageView');\n  <\/script><script>\n    !function(f,b,e,v,n,t,s)\n    {if(f.fbq)return;n=f.fbq=function(){n.callMethod?\n    n.callMethod.apply(n,arguments):n.queue.push(arguments)};\n    if(!f._fbq)f._fbq=n;n.push=n;n.loaded=!0;n.version='2.0';\n    n.queue=[];t=b.createElement(e);t.async=!0;\n    t.src=v;s=b.getElementsByTagName(e)[0];\n    s.parentNode.insertBefore(t,s)}(window, document,'script',\n    'https:\/\/connect.facebook.net\/en_US\/fbevents.js');\n    fbq('init', '802372280934901');\n    fbq('track', 'PageView');\n    <\/script><br \/>\n<br \/><\/p>\n","protected":false},"excerpt":{"rendered":"<p>Dos elementos de seguridad privada murieron tras caer a un c\u00e1rcamo pluvial mientras presuntamente persegu\u00edan a un ladr\u00f3n en el municipio de Corregidora, en el estado de Quer\u00e9taro. Los hechos ocurrieron la noche del domingo en el fraccionamiento Puerta Real II, en medio de condiciones de lluvia que habr\u00edan reducido la visibilidad en la zona. [&hellip;]<\/p>\n","protected":false},"author":2,"featured_media":3792,"comment_status":"","ping_status":"","sticky":false,"template":"","format":"standard","meta":{"footnotes":""},"categories":[2],"tags":[],"class_list":["post-3791","post","type-post","status-publish","format-standard","has-post-thumbnail","hentry","category-local"],"_links":{"self":[{"href":"https:\/\/conexion-mx.com\/index.php?rest_route=\/wp\/v2\/posts\/3791","targetHints":{"allow":["GET"]}}],"collection":[{"href":"https:\/\/conexion-mx.com\/index.php?rest_route=\/wp\/v2\/posts"}],"about":[{"href":"https:\/\/conexion-mx.com\/index.php?rest_route=\/wp\/v2\/types\/post"}],"author":[{"embeddable":true,"href":"https:\/\/conexion-mx.com\/index.php?rest_route=\/wp\/v2\/users\/2"}],"replies":[{"embeddable":true,"href":"https:\/\/conexion-mx.com\/index.php?rest_route=%2Fwp%2Fv2%2Fcomments&post=3791"}],"version-history":[{"count":0,"href":"https:\/\/conexion-mx.com\/index.php?rest_route=\/wp\/v2\/posts\/3791\/revisions"}],"wp:featuredmedia":[{"embeddable":true,"href":"https:\/\/conexion-mx.com\/index.php?rest_route=\/wp\/v2\/media\/3792"}],"wp:attachment":[{"href":"https:\/\/conexion-mx.com\/index.php?rest_route=%2Fwp%2Fv2%2Fmedia&parent=3791"}],"wp:term":[{"taxonomy":"category","embeddable":true,"href":"https:\/\/conexion-mx.com\/index.php?rest_route=%2Fwp%2Fv2%2Fcategories&post=3791"},{"taxonomy":"post_tag","embeddable":true,"href":"https:\/\/conexion-mx.com\/index.php?rest_route=%2Fwp%2Fv2%2Ftags&post=3791"}],"curies":[{"name":"wp","href":"https:\/\/api.w.org\/{rel}","templated":true}]}}