{"id":3803,"date":"2026-04-14T22:46:12","date_gmt":"2026-04-15T03:46:12","guid":{"rendered":"https:\/\/conexion-mx.com\/?p=3803"},"modified":"2026-04-14T22:46:12","modified_gmt":"2026-04-15T03:46:12","slug":"el-regreso-del-lobo-mexicano-liberan-nueva-manada-en-la-sierra-madre-occidental","status":"publish","type":"post","link":"https:\/\/conexion-mx.com\/?p=3803","title":{"rendered":"El regreso del lobo mexicano: liberan nueva manada en la Sierra Madre Occidental"},"content":{"rendered":"<p> <br \/>\n<\/p>\n<div itemprop=\"articleBody\">\n<div class=\"txt_contenido\">\n<p>En un hecho calificado como hist\u00f3rico para la biodiversidad del pa\u00eds, la <strong>Secretar\u00eda de Medio Ambiente y Recursos Naturales<\/strong> (Semarnat) anunci\u00f3 la liberaci\u00f3n exitosa de una familia de lobos mexicanos\u00a0en el estado de Durango. Esta acci\u00f3n forma parte del <strong>Programa Binacional de Conservaci\u00f3n M\u00e9xico-Estados Unidos<\/strong> y marca un hito en los esfuerzos por repoblar la <strong>Sierra Madre Occidental<\/strong> tras 50 a\u00f1os de ausencia de esta especie emblem\u00e1tica.<\/p>\n<p>La manada liberada el pasado 10 de abril est\u00e1 integrada por <strong>Jhon<\/strong>, el macho alfa; <strong>Miranda<\/strong>, la hembra; y sus <strong>dos cachorros<\/strong> de ocho meses, <strong>El\u00edas y Chuy<\/strong>. El proceso de reintroducci\u00f3n comenz\u00f3 el <strong>25 de marzo<\/strong>, cuando los ejemplares arribaron a la comunidad forestal <strong>El Tarahumar y Baj\u00edos del Tarahumar<\/strong>, en el municipio de Santa Catarina de Tepehuanes. Cabe destacar que este proyecto fue posible gracias al respaldo un\u00e1nime de la <strong>Asamblea<\/strong> de la comunidad local, cuyos integrantes aprobaron el establecimiento de los <strong>lobos<\/strong> en su territorio, sum\u00e1ndose activamente a las<strong> labores de conservaci\u00f3n<\/strong>.<\/p>\n<aside class=\"htmlinline\"\/>\n<h2>\u00bfQu\u00e9 pasar\u00e1 con los lobos mexicanos?<\/h2>\n<p>Antes de alcanzar su libertad plena, la familia permaneci\u00f3 en un recinto de <strong>prerreintroducci\u00f3n<\/strong> bajo la <strong>vigilancia estricta<\/strong> de especialistas. Durante este periodo, se evalu\u00f3 su <strong>comportamiento grupal<\/strong>, su capacidad de interacci\u00f3n y su respuesta a las <strong>condiciones clim\u00e1ticas y geogr\u00e1ficas<\/strong> del h\u00e1bitat. Esta fase fue crucial para asegurar que los ejemplares pudieran <strong>sobrevivir<\/strong> de forma silvestre tras d\u00e9cadas de esfuerzos institucionales por <strong>rescatar a la especie<\/strong> de la <strong>extinci\u00f3n<\/strong>.<\/p>\n<p>Esta familia de lobos se une a otros ejemplares que fueron trasladados a la zona el pasado 13 de marzo, consolidando a <strong>Durango<\/strong> como el segundo estado en M\u00e9xico en recibir poblaciones de <strong>lobo gris mexicano<\/strong>. Los expertos se\u00f1alan que la presencia de estos depredadores es vital para el equilibrio ecol\u00f3gico, ya que su actividad ayuda a <strong>regular las poblaciones<\/strong> de <strong>herb\u00edvoros<\/strong> y favorece la <strong>restauraci\u00f3n<\/strong> funcional de los <strong>bosques templados<\/strong>.<\/p>\n<p>El \u00e9xito de este programa es el resultado de una alianza estrat\u00e9gica entre la academia y el gobierno. Instituciones como la <strong>UNAM<\/strong> y la <strong>UAM<\/strong> han trabajado de la mano con la <strong>Conanp, la Profepa<\/strong> y organismos gubernamentales de <strong>Estados Unidos<\/strong> para garantizar la viabilidad gen\u00e9tica y biol\u00f3gica de la especie.<\/p>\n<p>Con esta liberaci\u00f3n en este abril de 2026, M\u00e9xico reafirma su compromiso con la <strong>restauraci\u00f3n de sus ecosistemas<\/strong> m\u00e1s vulnerables. El regreso del <strong>lobo mexicano<\/strong> no solo representa la recuperaci\u00f3n de un depredador tope, sino el triunfo de la cooperaci\u00f3n cient\u00edfica sobre la amenaza de la <strong>desaparici\u00f3n definitiva<\/strong> de una especie que define la identidad natural del norte del pa\u00eds.<\/p>\n<p>\u00a0<\/p>\n<\/p><\/div>\n<\/p><\/div>\n<p><script>\n    !function(f,b,e,v,n,t,s)\n    {if(f.fbq)return;n=f.fbq=function(){n.callMethod?\n    n.callMethod.apply(n,arguments):n.queue.push(arguments)};\n    if(!f._fbq)f._fbq=n;n.push=n;n.loaded=!0;n.version='2.0';\n    n.queue=[];t=b.createElement(e);t.async=!0;\n    t.src=v;s=b.getElementsByTagName(e)[0];\n    s.parentNode.insertBefore(t,s)}(window, document,'script',\n    'https:\/\/connect.facebook.net\/en_US\/fbevents.js');\n    fbq('init', '237927003583820');\n    fbq('track', 'PageView');\n  <\/script><script>\n    !function(f,b,e,v,n,t,s)\n    {if(f.fbq)return;n=f.fbq=function(){n.callMethod?\n    n.callMethod.apply(n,arguments):n.queue.push(arguments)};\n    if(!f._fbq)f._fbq=n;n.push=n;n.loaded=!0;n.version='2.0';\n    n.queue=[];t=b.createElement(e);t.async=!0;\n    t.src=v;s=b.getElementsByTagName(e)[0];\n    s.parentNode.insertBefore(t,s)}(window, document,'script',\n    'https:\/\/connect.facebook.net\/en_US\/fbevents.js');\n    fbq('init', '802372280934901');\n    fbq('track', 'PageView');\n    <\/script><br \/>\n<br \/><\/p>\n","protected":false},"excerpt":{"rendered":"<p>En un hecho calificado como hist\u00f3rico para la biodiversidad del pa\u00eds, la Secretar\u00eda de Medio Ambiente y Recursos Naturales (Semarnat) anunci\u00f3 la liberaci\u00f3n exitosa de una familia de lobos mexicanos\u00a0en el estado de Durango. Esta acci\u00f3n forma parte del Programa Binacional de Conservaci\u00f3n M\u00e9xico-Estados Unidos y marca un hito en los esfuerzos por repoblar la [&hellip;]<\/p>\n","protected":false},"author":2,"featured_media":3804,"comment_status":"","ping_status":"","sticky":false,"template":"","format":"standard","meta":{"footnotes":""},"categories":[2],"tags":[],"class_list":["post-3803","post","type-post","status-publish","format-standard","has-post-thumbnail","hentry","category-local"],"_links":{"self":[{"href":"https:\/\/conexion-mx.com\/index.php?rest_route=\/wp\/v2\/posts\/3803","targetHints":{"allow":["GET"]}}],"collection":[{"href":"https:\/\/conexion-mx.com\/index.php?rest_route=\/wp\/v2\/posts"}],"about":[{"href":"https:\/\/conexion-mx.com\/index.php?rest_route=\/wp\/v2\/types\/post"}],"author":[{"embeddable":true,"href":"https:\/\/conexion-mx.com\/index.php?rest_route=\/wp\/v2\/users\/2"}],"replies":[{"embeddable":true,"href":"https:\/\/conexion-mx.com\/index.php?rest_route=%2Fwp%2Fv2%2Fcomments&post=3803"}],"version-history":[{"count":0,"href":"https:\/\/conexion-mx.com\/index.php?rest_route=\/wp\/v2\/posts\/3803\/revisions"}],"wp:featuredmedia":[{"embeddable":true,"href":"https:\/\/conexion-mx.com\/index.php?rest_route=\/wp\/v2\/media\/3804"}],"wp:attachment":[{"href":"https:\/\/conexion-mx.com\/index.php?rest_route=%2Fwp%2Fv2%2Fmedia&parent=3803"}],"wp:term":[{"taxonomy":"category","embeddable":true,"href":"https:\/\/conexion-mx.com\/index.php?rest_route=%2Fwp%2Fv2%2Fcategories&post=3803"},{"taxonomy":"post_tag","embeddable":true,"href":"https:\/\/conexion-mx.com\/index.php?rest_route=%2Fwp%2Fv2%2Ftags&post=3803"}],"curies":[{"name":"wp","href":"https:\/\/api.w.org\/{rel}","templated":true}]}}