{"id":3805,"date":"2026-04-14T22:57:37","date_gmt":"2026-04-15T03:57:37","guid":{"rendered":"https:\/\/conexion-mx.com\/?p=3805"},"modified":"2026-04-14T22:57:37","modified_gmt":"2026-04-15T03:57:37","slug":"se-robaron-la-moto-del-influencer-adriano-zendejas-en-vivo-esto-fue-lo-que-paso","status":"publish","type":"post","link":"https:\/\/conexion-mx.com\/?p=3805","title":{"rendered":"\u00bfSe robaron la moto del influencer Adriano Zendejas EN VIVO? Esto fue lo que pas\u00f3"},"content":{"rendered":"<p> <br \/>\n<\/p>\n<div>\n<p>Adriano Zendejas tuvo uno de los momentos m\u00e1s desesperantes de su transmisi\u00f3n en vivo, donde se dio a conocer que no estaba su moto, ya que todos estaban a punto de subir a sus veh\u00edculos para dar una rodada, pero la del <strong>Maestro Shifu<\/strong> no estaba a simple vista en el estacionamiento donde lo dejan.\u00a0<\/p>\n<p>\u00ab\u00bfSe robaron la moto?\u00bb, fue lo que no dej\u00f3 de preguntar el <strong>creador de contenido<\/strong> en vivo, quien se llev\u00f3 uno de los sustos m\u00e1s importantes de su carrera. Afortunadamente, el <strong>clip<\/strong> que circula en las <strong>redes sociales<\/strong> est\u00e1 cortado de manera mal intencionada, ya que el problema termin\u00f3 en que fue una broma de sus compa\u00f1eros, quienes escondieron la moto.<\/p>\n<aside class=\"htmlinline\"\/>\n<blockquote><p>&#13;<\/p>\n<p>\u00abNo est\u00e1 tu moto wey. Real no est\u00e1. Yo te iba a poner tu radio ah\u00ed, te lo iba a poner ah\u00ed. Yo tengo tu llave. No me jodas\u00bb, fue lo que dijo su primo durante la transmisi\u00f3n en vivo, mismo que sorprendi\u00f3\u00a0a todos los espectadores, pero tambi\u00e9n a los presentes<\/p>\n<p>&#13;\n<\/p><\/blockquote>\n<h2>\u00bfQu\u00e9 moto tiene?<\/h2>\n<p><strong>Adriano Zendejas<\/strong> tiene una motocicleta\u00a0<strong>BMW\u00a0S 1000 RR<\/strong>\u00a0que es conocida\u00a0como la c\u00faspide de la ingenier\u00eda alemana en el segmento de las superbikes, destacando por su motor de cuatro cilindros con tecnolog\u00eda <strong>ShiftCam<\/strong> que entrega m\u00e1s de <strong>210 CV<\/strong> con una precisi\u00f3n asombrosa tanto en circuito como en carretera.<\/p>\n<p>Su dise\u00f1o aerodin\u00e1mico, que integra alerones de <strong>fibra de carbono<\/strong> para maximizar la estabilidad a altas velocidades, se complementa con un paquete electr\u00f3nico\u00a0que incluye controles de tracci\u00f3n y deslizamiento asistidos por una <strong>plataforma inercial de seis ejes<\/strong>. Con un peso optimizado cercano a los <strong>197<\/strong> <strong>kg<\/strong>, esta motocicleta no solo ofrece una <strong>aceleraci\u00f3n explosiva y una agilidad quir\u00fargica<\/strong> en las curvas, sino que redefine los est\u00e1ndares de rendimiento y seguridad tecnol\u00f3gica en el mundo de las dos ruedas en este 2026.<\/p>\n<h2>\u00bfQui\u00e9n es Adriano Zendejas?<\/h2>\n<p><strong>Adriano Zendejas<\/strong> es un reconocido <strong>actor<\/strong> y <strong>creador de<\/strong> <strong>contenido mexicano<\/strong> que inici\u00f3 su trayectoria art\u00edstica desde muy joven en la televisi\u00f3n, destacando por su participaci\u00f3n en exitosas telenovelas de la <strong>cadena Televisa<\/strong> como <strong>Juro que te amo, Abismo de pasi\u00f3n y La que no pod\u00eda amar<\/strong>. Durante su etapa como actor infantil y juvenil, se consolid\u00f3 como una de las promesas del entretenimiento en este pa\u00eds.<\/p>\n<p>En a\u00f1os recientes, Adriano dio un giro significativo a su carrera profesional, alej\u00e1ndose parcialmente de los <strong>sets de grabaci\u00f3n<\/strong> para incursionar con \u00e9xito en el mundo del <strong>streaming<\/strong> y las <strong>plataformas digitales<\/strong>. Actualmente, es una figura influyente en comunidades de contenido en vivo, donde interact\u00faa de manera directa con su audiencia a trav\u00e9s de transmisiones que mezclan el <strong>entretenimiento, el humor y un estilo de vida exuberante<\/strong>.<\/p>\n<p>\u00a0&#13;<br \/>\n&#13;<br \/>\n&#13;\n                                <\/p>\n<\/p><\/div>\n<p><script>\n    !function(f,b,e,v,n,t,s)\n    {if(f.fbq)return;n=f.fbq=function(){n.callMethod?\n    n.callMethod.apply(n,arguments):n.queue.push(arguments)};\n    if(!f._fbq)f._fbq=n;n.push=n;n.loaded=!0;n.version='2.0';\n    n.queue=[];t=b.createElement(e);t.async=!0;\n    t.src=v;s=b.getElementsByTagName(e)[0];\n    s.parentNode.insertBefore(t,s)}(window, document,'script',\n    'https:\/\/connect.facebook.net\/en_US\/fbevents.js');\n    fbq('init', '237927003583820');\n    fbq('track', 'PageView');\n  <\/script><script>\n    !function(f,b,e,v,n,t,s)\n    {if(f.fbq)return;n=f.fbq=function(){n.callMethod?\n    n.callMethod.apply(n,arguments):n.queue.push(arguments)};\n    if(!f._fbq)f._fbq=n;n.push=n;n.loaded=!0;n.version='2.0';\n    n.queue=[];t=b.createElement(e);t.async=!0;\n    t.src=v;s=b.getElementsByTagName(e)[0];\n    s.parentNode.insertBefore(t,s)}(window, document,'script',\n    'https:\/\/connect.facebook.net\/en_US\/fbevents.js');\n    fbq('init', '775201487065840');\n    fbq('track', 'PageView');\n    <\/script><br \/>\n<br \/><\/p>\n","protected":false},"excerpt":{"rendered":"<p>Adriano Zendejas tuvo uno de los momentos m\u00e1s desesperantes de su transmisi\u00f3n en vivo, donde se dio a conocer que no estaba su moto, ya que todos estaban a punto de subir a sus veh\u00edculos para dar una rodada, pero la del Maestro Shifu no estaba a simple vista en el estacionamiento donde lo dejan.\u00a0 [&hellip;]<\/p>\n","protected":false},"author":3,"featured_media":3806,"comment_status":"","ping_status":"","sticky":false,"template":"","format":"standard","meta":{"footnotes":""},"categories":[35],"tags":[],"class_list":["post-3805","post","type-post","status-publish","format-standard","has-post-thumbnail","hentry","category-espectaculos"],"_links":{"self":[{"href":"https:\/\/conexion-mx.com\/index.php?rest_route=\/wp\/v2\/posts\/3805","targetHints":{"allow":["GET"]}}],"collection":[{"href":"https:\/\/conexion-mx.com\/index.php?rest_route=\/wp\/v2\/posts"}],"about":[{"href":"https:\/\/conexion-mx.com\/index.php?rest_route=\/wp\/v2\/types\/post"}],"author":[{"embeddable":true,"href":"https:\/\/conexion-mx.com\/index.php?rest_route=\/wp\/v2\/users\/3"}],"replies":[{"embeddable":true,"href":"https:\/\/conexion-mx.com\/index.php?rest_route=%2Fwp%2Fv2%2Fcomments&post=3805"}],"version-history":[{"count":0,"href":"https:\/\/conexion-mx.com\/index.php?rest_route=\/wp\/v2\/posts\/3805\/revisions"}],"wp:featuredmedia":[{"embeddable":true,"href":"https:\/\/conexion-mx.com\/index.php?rest_route=\/wp\/v2\/media\/3806"}],"wp:attachment":[{"href":"https:\/\/conexion-mx.com\/index.php?rest_route=%2Fwp%2Fv2%2Fmedia&parent=3805"}],"wp:term":[{"taxonomy":"category","embeddable":true,"href":"https:\/\/conexion-mx.com\/index.php?rest_route=%2Fwp%2Fv2%2Fcategories&post=3805"},{"taxonomy":"post_tag","embeddable":true,"href":"https:\/\/conexion-mx.com\/index.php?rest_route=%2Fwp%2Fv2%2Ftags&post=3805"}],"curies":[{"name":"wp","href":"https:\/\/api.w.org\/{rel}","templated":true}]}}