{"id":3809,"date":"2026-04-15T06:50:42","date_gmt":"2026-04-15T11:50:42","guid":{"rendered":"https:\/\/conexion-mx.com\/?p=3809"},"modified":"2026-04-15T06:50:42","modified_gmt":"2026-04-15T11:50:42","slug":"el-dia-de-la-madre-es-feriado-en-mexico","status":"publish","type":"post","link":"https:\/\/conexion-mx.com\/?p=3809","title":{"rendered":"\u00bfEl D\u00eda de la Madre es feriado en M\u00e9xico?"},"content":{"rendered":"<p> <br \/>\n<\/p>\n<div itemprop=\"articleBody\">\n<div class=\"txt_contenido\">\n<p>Estamos cada vez m\u00e1s cerca del <strong>D\u00eda de las madres<\/strong>, una de las <strong>celebraciones m\u00e1s importantes para las y los mexicanos<\/strong>, en donde tienen <strong>una raz\u00f3n m\u00e1s para recordarle a sus mam\u00e1s cu\u00e1nto las aman<\/strong>.<\/p>\n<p>Hay quienes deciden ahorrar para <strong>llevar a sus madres de paseo<\/strong>, otros no pierden la oportunidad de <strong>invitarlas a un nuevo lugar y disfrutar de una deliciosa comida<\/strong>. Tambi\u00e9n hay quienes <strong>dan obsequios<\/strong>\u00a0<strong>especiales<\/strong> o <strong>deciden pasar todo el d\u00eda junto a ellas<\/strong>, porque no hay <strong>nada m\u00e1s valioso que pasar\u00a0tiempo de calidad\u00a0junto a quien te dio la vida<\/strong>.<\/p>\n<aside class=\"htmlinline\"\/>\n<p>Sin importar c\u00f3mo desees festejar a tu mam\u00e1, debes saber que <strong>esta fecha no es considerada como d\u00eda feriado <\/strong>en nuestro pa\u00eds. Esto quiere decir que <strong>el 10 de mayo<\/strong>\u00a0<strong>no es\u00a0d\u00eda de descanso obligatorio<\/strong>, por lo cual <strong>tu empresa puede elegir si otorgarte o no\u00a0este d\u00eda libre de labores<\/strong>.<\/p>\n<aside class=\"relacionadas con-foto linea-1078\"><strong class=\"relacionadas-titulo-gral\">Noticias Relacionadas<\/strong><\/aside>\n<p>As\u00ed lo refiere la <strong>Ley Federal del Trabajo <\/strong>(LFT), que determina <strong>cu\u00e1les son considerados d\u00edas festivos <\/strong>durante todo el a\u00f1o, y por lo tanto los trabajadores como los estudiantes de Educaci\u00f3n B\u00e1sica tienen <strong>derecho a descansar<\/strong>. A\u00a0continuaci\u00f3n te los recordamos todos y cu\u00e1les quedan para el 2026.<\/p>\n<div class=\"image-align-center\">\n<figure class=\"image\"><img loading=\"lazy\" decoding=\"async\" alt=\"\" height=\"432\" src=\"https:\/\/heraldodemexico.com.mx\/u\/fotografias\/m\/2026\/4\/14\/f768x1-1272097_1272224_5050.jpg\" width=\"768\"\/>&#13;<figcaption>El 10 de mayo\u00a0no es\u00a0d\u00eda de descanso obligatorio \/ FOTO: Freepik<\/figcaption>&#13;<br \/>\n<\/figure>\n<\/div>\n<h2>\u00bfCu\u00e1ntos d\u00edas feriados quedan en 2026?<\/h2>\n<p>La Ley Federal del Trabajo establece que los\u00a0d\u00edas festivos que quedan para el\u00a02026\u00a0son\u00a0los siguientes:<\/p>\n<ul>&#13;<\/p>\n<li>El viernes 1 de mayo.<\/li>\n<p>&#13;<\/p>\n<li>El mi\u00e9rcoles 16 de septiembre.<\/li>\n<p>&#13;<\/p>\n<li>El lunes 16 de noviembre.<\/li>\n<p>&#13;<\/p>\n<li>El viernes 25 de diciembre.<\/li>\n<p>&#13;\n<\/ul>\n<p>Por su parte, el\u00a0<strong>calendario oficial\u00a0<\/strong>de la Secretar\u00eda de Educaci\u00f3n P\u00fablica (<strong>SEP<\/strong>) establece que\u00a0<strong>no habr\u00e1 clases<\/strong>\u00a0los siguientes d\u00edas del a\u00f1o 2026, antes de que acabe el ciclo escolar 2025-2026:<\/p>\n<ul>&#13;<\/p>\n<li>El viernes 1 de mayo.<\/li>\n<p>&#13;<\/p>\n<li>El martes 5 de mayo.<\/li>\n<p>&#13;<\/p>\n<li>El viernes 15 de mayo.<\/li>\n<p>&#13;\n<\/ul>\n<\/p><\/div>\n<\/p><\/div>\n<p><script>\n    !function(f,b,e,v,n,t,s)\n    {if(f.fbq)return;n=f.fbq=function(){n.callMethod?\n    n.callMethod.apply(n,arguments):n.queue.push(arguments)};\n    if(!f._fbq)f._fbq=n;n.push=n;n.loaded=!0;n.version='2.0';\n    n.queue=[];t=b.createElement(e);t.async=!0;\n    t.src=v;s=b.getElementsByTagName(e)[0];\n    s.parentNode.insertBefore(t,s)}(window, document,'script',\n    'https:\/\/connect.facebook.net\/en_US\/fbevents.js');\n    fbq('init', '237927003583820');\n    fbq('track', 'PageView');\n  <\/script><script>\n    !function(f,b,e,v,n,t,s)\n    {if(f.fbq)return;n=f.fbq=function(){n.callMethod?\n    n.callMethod.apply(n,arguments):n.queue.push(arguments)};\n    if(!f._fbq)f._fbq=n;n.push=n;n.loaded=!0;n.version='2.0';\n    n.queue=[];t=b.createElement(e);t.async=!0;\n    t.src=v;s=b.getElementsByTagName(e)[0];\n    s.parentNode.insertBefore(t,s)}(window, document,'script',\n    'https:\/\/connect.facebook.net\/en_US\/fbevents.js');\n    fbq('init', '802372280934901');\n    fbq('track', 'PageView');\n    <\/script><br \/>\n<br \/><\/p>\n","protected":false},"excerpt":{"rendered":"<p>Estamos cada vez m\u00e1s cerca del D\u00eda de las madres, una de las celebraciones m\u00e1s importantes para las y los mexicanos, en donde tienen una raz\u00f3n m\u00e1s para recordarle a sus mam\u00e1s cu\u00e1nto las aman. Hay quienes deciden ahorrar para llevar a sus madres de paseo, otros no pierden la oportunidad de invitarlas a un [&hellip;]<\/p>\n","protected":false},"author":2,"featured_media":3810,"comment_status":"","ping_status":"","sticky":false,"template":"","format":"standard","meta":{"footnotes":""},"categories":[2],"tags":[],"class_list":["post-3809","post","type-post","status-publish","format-standard","has-post-thumbnail","hentry","category-local"],"_links":{"self":[{"href":"https:\/\/conexion-mx.com\/index.php?rest_route=\/wp\/v2\/posts\/3809","targetHints":{"allow":["GET"]}}],"collection":[{"href":"https:\/\/conexion-mx.com\/index.php?rest_route=\/wp\/v2\/posts"}],"about":[{"href":"https:\/\/conexion-mx.com\/index.php?rest_route=\/wp\/v2\/types\/post"}],"author":[{"embeddable":true,"href":"https:\/\/conexion-mx.com\/index.php?rest_route=\/wp\/v2\/users\/2"}],"replies":[{"embeddable":true,"href":"https:\/\/conexion-mx.com\/index.php?rest_route=%2Fwp%2Fv2%2Fcomments&post=3809"}],"version-history":[{"count":0,"href":"https:\/\/conexion-mx.com\/index.php?rest_route=\/wp\/v2\/posts\/3809\/revisions"}],"wp:featuredmedia":[{"embeddable":true,"href":"https:\/\/conexion-mx.com\/index.php?rest_route=\/wp\/v2\/media\/3810"}],"wp:attachment":[{"href":"https:\/\/conexion-mx.com\/index.php?rest_route=%2Fwp%2Fv2%2Fmedia&parent=3809"}],"wp:term":[{"taxonomy":"category","embeddable":true,"href":"https:\/\/conexion-mx.com\/index.php?rest_route=%2Fwp%2Fv2%2Fcategories&post=3809"},{"taxonomy":"post_tag","embeddable":true,"href":"https:\/\/conexion-mx.com\/index.php?rest_route=%2Fwp%2Fv2%2Ftags&post=3809"}],"curies":[{"name":"wp","href":"https:\/\/api.w.org\/{rel}","templated":true}]}}