{"id":3825,"date":"2026-04-16T15:28:00","date_gmt":"2026-04-16T20:28:00","guid":{"rendered":"https:\/\/conexion-mx.com\/?p=3825"},"modified":"2026-04-16T15:28:00","modified_gmt":"2026-04-16T20:28:00","slug":"clima-en-nayarit-la-ola-de-calor-se-mentiene-en-el-estado-que-tanto-calor-hara-este-17-de-abril","status":"publish","type":"post","link":"https:\/\/conexion-mx.com\/?p=3825","title":{"rendered":"Clima en Nayarit: la ola de calor se mentiene en el estado, \u00bfqu\u00e9 tanto calor har\u00e1 este 17 de abril?"},"content":{"rendered":"<p> <br \/>\n<\/p>\n<div itemprop=\"articleBody\">\n<div class=\"txt_contenido\">\n<p>La ola de calor seguir\u00e1 siendo parte del d\u00eda para las personas de <strong>Nayarit <\/strong>para este <strong>viernes 17 de abril<\/strong>. De acuerdo con la <strong>Comisi\u00f3n Nacional <\/strong>del <strong>Agua <\/strong>(<strong>Conagua<\/strong>). Esto foma parte de las condiciones ocasionadas por una\u00a0l\u00ednea seca\u00a0permanecer\u00e1 sobre el noreste de <strong>M\u00e9xico <\/strong>y generar\u00e1 que la zona est\u00e9 seca.\u00a0<\/p>\n<p>La onda de calor pasar\u00e1 por la parte norte y sur de la entidad, por lo que se prev\u00e9 que se presenten temperaturas altas de entre 40 a 45 grados cent\u00edgrados en algunos puntos. Los municipios donde habr\u00e1 m\u00e1s calor, seg\u00fan e <strong>Servicio Meteorol\u00f3gico Nacional <\/strong>son los siguientes:\u00a0<\/p>\n<aside class=\"htmlinline\"\/>\n<ul>&#13;<\/p>\n<li>Acaponeta.<\/li>\n<p>&#13;<\/p>\n<li>Tecuala.<\/li>\n<p>&#13;<\/p>\n<li>Rosamorada.<\/li>\n<p>&#13;<\/p>\n<li>Santiago Ixcuintla.<\/li>\n<p>&#13;<\/p>\n<li>Tuxpan.<\/li>\n<p>&#13;<\/p>\n<li>Ruiz.<\/li>\n<p>&#13;<\/p>\n<li>San Blas.<\/li>\n<p>&#13;<\/p>\n<li>Compostela.<\/li>\n<p>&#13;<\/p>\n<li>Jala.<\/li>\n<p>&#13;<\/p>\n<li>Ixtl\u00e1n del R\u00edo.<\/li>\n<p>&#13;<\/p>\n<li>Ahuacatl\u00e1n.<\/li>\n<p>&#13;<\/p>\n<li>Amatl\u00e1n de Ca\u00f1as.<\/li>\n<p>&#13;\n<\/ul>\n<figure class=\"image\"><img loading=\"lazy\" decoding=\"async\" alt=\"\" height=\"432\" src=\"https:\/\/heraldodemexico.com.mx\/u\/fotografias\/m\/2025\/6\/28\/f768x1-1148468_1148595_5050.jpg\" width=\"768\"\/>&#13;<figcaption>Para evitar golpes de calor se recomienda evtiar el sol y mantener la hidrataci\u00f3n. FOTO: archivo.<\/figcaption>&#13;<br \/>\n<\/figure>\n<h3>\u00bfCu\u00e1l ser\u00e1 el clima para Acaponeta este viernes 17 de abril de 2026?<\/h3>\n<ul>&#13;<\/p>\n<li>Cielo mayormente despejado con nubosidad dispersa por la ma\u00f1ana.<\/li>\n<p>&#13;<\/p>\n<li>No se prev\u00e9n lluvias para esta regi\u00f3n.<\/li>\n<p>&#13;<\/p>\n<li>Durante el d\u00eda la temperatura oscilar\u00e1 entre los 20 y los 37 grados cent\u00edgrados.<\/li>\n<p>&#13;\n<\/ul>\n<h3>\u00bfCu\u00e1l ser\u00e1 el clima para Huajicori este viernes 17 de abril de 2026?<\/h3>\n<ul>&#13;<\/p>\n<li>Condiciones de sol intenso con ambiente seco.<\/li>\n<p>&#13;<\/p>\n<li>Sin probabilidad de precipitaciones.<\/li>\n<p>&#13;<\/p>\n<li>Durante el d\u00eda la temperatura oscilar\u00e1 entre los 20 y los 38 grados cent\u00edgrados.<\/li>\n<p>&#13;\n<\/ul>\n<h3>\u00bfCu\u00e1l ser\u00e1 el clima para Tecuala este viernes 17 de abril de 2026?<\/h3>\n<ul>&#13;<\/p>\n<li>Predominio de cielo soleado con algunos intervalos de nubes.<\/li>\n<p>&#13;<\/p>\n<li>No se esperan lluvias para este viernes.<\/li>\n<p>&#13;<\/p>\n<li>Durante el d\u00eda la temperatura oscilar\u00e1 entre los 21 y los 36 grados cent\u00edgrados.<\/li>\n<p>&#13;\n<\/ul>\n<figure class=\"image\"><img loading=\"lazy\" decoding=\"async\" alt=\"\" height=\"442\" src=\"https:\/\/heraldodemexico.com.mx\/u\/fotografias\/m\/2026\/4\/15\/f768x1-1272410_1272537_5050.jpg\" width=\"768\"\/>&#13;<figcaption>Se recomienda vestir de manera fresca para evitar los rayos del sol. FOTO: archivo<\/figcaption>&#13;<br \/>\n<\/figure>\n<h3>\u00bfCu\u00e1l ser\u00e1 el clima para Tuxpan este viernes 17 de abril de 2026?<\/h3>\n<ul>&#13;<\/p>\n<li>Cielo despejado con una fuerte radiaci\u00f3n solar.<\/li>\n<p>&#13;<\/p>\n<li>Sin registro de lluvias para el municipio.<\/li>\n<p>&#13;<\/p>\n<li>Durante el d\u00eda la temperatura oscilar\u00e1 entre los 19 y los 36 grados cent\u00edgrados.<\/li>\n<p>&#13;\n<\/ul>\n<h3>\u00bfCu\u00e1l ser\u00e1 el clima para Ruiz este viernes 17 de abril de 2026?<\/h3>\n<ol>&#13;<\/p>\n<li>Ambiente caluroso con cielos mayormente limpios.<\/li>\n<p>&#13;<\/p>\n<li>No se prev\u00e9n lluvias para esta zona.<\/li>\n<p>&#13;<\/p>\n<li>Durante el d\u00eda la temperatura oscilar\u00e1 entre los 18 y los 37 grados cent\u00edgrados.<\/li>\n<p>&#13;\n<\/ol>\n<h3>\u00bfCu\u00e1l ser\u00e1 el clima para Santiago Ixcuintla este viernes 17 de abril de 2026?<\/h3>\n<ul>&#13;<\/p>\n<li>Jornada soleada con ambiente sofocante hacia la tarde.<\/li>\n<p>&#13;<\/p>\n<li>No se pronostican lluvias.<\/li>\n<p>&#13;<\/p>\n<li>Durante el d\u00eda la temperatura oscilar\u00e1 entre los 19 y los 36 grados cent\u00edgrados.<\/li>\n<p>&#13;<\/p>\n<li>Zona Centro y Valles Interiores<\/li>\n<p>&#13;\n<\/ul>\n<h3>\u00bfCu\u00e1l ser\u00e1 el clima para Tepic este viernes 17 de abril de 2026?<\/h3>\n<ul>&#13;<\/p>\n<li>Viento con velocidades moderadas de hasta 13 km\/h provenientes del oeste.<\/li>\n<p>&#13;<\/p>\n<li>Cielo de medio nublado a nublado durante gran parte del d\u00eda.<\/li>\n<p>&#13;<\/p>\n<li>Probabilidad m\u00ednima de lluvia del 10%.<\/li>\n<p>&#13;<\/p>\n<li>Durante el d\u00eda la temperatura oscilar\u00e1 entre los 17 y los 29 grados cent\u00edgrados.<\/li>\n<p>&#13;\n<\/ul>\n<h3>\u00bfCu\u00e1l ser\u00e1 el clima para Xalisco este viernes 17 de abril de 2026?<\/h3>\n<ul>&#13;<\/p>\n<li>Intervalos de nubosidad parcial sin riesgo de precipitaciones.<\/li>\n<p>&#13;<\/p>\n<li>Ambiente c\u00e1lido durante la tarde.<\/li>\n<p>&#13;<\/p>\n<li>Durante el d\u00eda la temperatura oscilar\u00e1 entre los 17 y los 32 grados cent\u00edgrados.<\/li>\n<p>&#13;\n<\/ul>\n<h3>\u00bfCu\u00e1l ser\u00e1 el clima para Santa Teresa este viernes 17 de abril de 2026?<\/h3>\n<ul>&#13;<\/p>\n<li>Cielo despejado con ambiente fresco, caracter\u00edstico de la zona serrana.<\/li>\n<p>&#13;<\/p>\n<li>Sin probabilidad de lluvias.<\/li>\n<p>&#13;<\/p>\n<li>Durante el d\u00eda la temperatura oscilar\u00e1 entre los 13 y los 25 grados cent\u00edgrados.<\/li>\n<p>&#13;\n<\/ul>\n<h3>\u00bfCu\u00e1l ser\u00e1 el clima para Ixtl\u00e1n del R\u00edo este viernes 17 de abril de 2026?<\/h3>\n<ul>&#13;<\/p>\n<li>Cielo despejado con ambiente seco y caluroso.<\/li>\n<p>&#13;<\/p>\n<li>No se esperan precipitaciones para el municipio.<\/li>\n<p>&#13;<\/p>\n<li>Durante el d\u00eda la temperatura oscilar\u00e1 entre los 18 y los 36 grados cent\u00edgrados.<\/li>\n<p>&#13;\n<\/ul>\n<h3>\u00bfCu\u00e1l ser\u00e1 el clima para Jala este viernes 17 de abril de 2026?<\/h3>\n<ul>&#13;<\/p>\n<li>Predominancia de sol durante toda la jornada.<\/li>\n<p>&#13;<\/p>\n<li>Condiciones estables sin registro de lluvias.<\/li>\n<p>&#13;<\/p>\n<li>Durante el d\u00eda la temperatura oscilar\u00e1 entre los 18 y los 35 grados cent\u00edgrados.<\/li>\n<p>&#13;\n<\/ul>\n<h3>\u00bfCu\u00e1l ser\u00e1 el clima para Jes\u00fas Mar\u00eda este viernes 17 de abril de 2026?<\/h3>\n<ul>&#13;<\/p>\n<li>Calor extremo con cielos totalmente despejados.<\/li>\n<p>&#13;<\/p>\n<li>Ambiente \u00e1rido sin posibilidad de lluvias.<\/li>\n<p>&#13;<\/p>\n<li>Durante el d\u00eda la temperatura oscilar\u00e1 entre los 20 y los 41 grados cent\u00edgrados.<\/li>\n<p>&#13;\n<\/ul>\n<figure class=\"image\"><img loading=\"lazy\" decoding=\"async\" alt=\"\" height=\"435\" src=\"https:\/\/heraldodemexico.com.mx\/u\/fotografias\/m\/2026\/4\/16\/f768x1-1272707_1272834_5050.jpeg\" width=\"768\"\/>&#13;<figcaption>Se prev\u00e9n condiciones atmosf\u00e9ricas complicadas. FOTO: archivo.<\/figcaption>&#13;<br \/>\n<\/figure>\n<h3>\u00bfCu\u00e1l ser\u00e1 el clima para San Blas este viernes 17 de abril de 2026?<\/h3>\n<ul>&#13;<\/p>\n<li>Nubosidad dispersa con alta sensaci\u00f3n de humedad.<\/li>\n<p>&#13;<\/p>\n<li>No se prev\u00e9n lluvias para el puerto.<\/li>\n<p>&#13;<\/p>\n<li>Durante el d\u00eda la temperatura oscilar\u00e1 entre los 22 y los 31 grados cent\u00edgrados.<\/li>\n<p>&#13;\n<\/ul>\n<h3>\u00bfCu\u00e1l ser\u00e1 el clima para Bucer\u00edas este viernes 17 de abril de 2026?<\/h3>\n<ul>&#13;<\/p>\n<li>Cielo mayormente soleado con vientos ligeros costeros.<\/li>\n<p>&#13;<\/p>\n<li>Sin probabilidad de lluvias.<\/li>\n<p>&#13;<\/p>\n<li>Durante el d\u00eda la temperatura oscilar\u00e1 entre los 20 y los 32 grados cent\u00edgrados.<\/li>\n<p>&#13;\n<\/ul>\n<h3>\u00bfCu\u00e1l ser\u00e1 el clima para Las Varas este viernes 17 de abril de 2026?<\/h3>\n<ul>&#13;<\/p>\n<li>Jornada con intervalos nubosos y ambiente caluroso.<\/li>\n<p>&#13;<\/p>\n<li>No se esperan precipitaciones.<\/li>\n<p>&#13;<\/p>\n<li>Durante el d\u00eda la temperatura oscilar\u00e1 entre los 19 y los 32 grados cent\u00edgrados.<\/li>\n<p>&#13;\n<\/ul>\n<h3>\u00bfCu\u00e1l ser\u00e1 el clima para Compostela este viernes 17 de abril de 2026?<\/h3>\n<ul>&#13;<\/p>\n<li>Cielo despejado a medio nublado.<\/li>\n<p>&#13;<\/p>\n<li>Sin pron\u00f3stico de lluvias para la cabecera municipal.<\/li>\n<p>&#13;<\/p>\n<li>Durante el d\u00eda la temperatura oscilar\u00e1 entre los 15 y los 31 grados cent\u00edgrados.<\/li>\n<p>&#13;\n<\/ul>\n<\/p><\/div>\n<\/p><\/div>\n<p><script>\n    !function(f,b,e,v,n,t,s)\n    {if(f.fbq)return;n=f.fbq=function(){n.callMethod?\n    n.callMethod.apply(n,arguments):n.queue.push(arguments)};\n    if(!f._fbq)f._fbq=n;n.push=n;n.loaded=!0;n.version='2.0';\n    n.queue=[];t=b.createElement(e);t.async=!0;\n    t.src=v;s=b.getElementsByTagName(e)[0];\n    s.parentNode.insertBefore(t,s)}(window, document,'script',\n    'https:\/\/connect.facebook.net\/en_US\/fbevents.js');\n    fbq('init', '237927003583820');\n    fbq('track', 'PageView');\n  <\/script><script>\n    !function(f,b,e,v,n,t,s)\n    {if(f.fbq)return;n=f.fbq=function(){n.callMethod?\n    n.callMethod.apply(n,arguments):n.queue.push(arguments)};\n    if(!f._fbq)f._fbq=n;n.push=n;n.loaded=!0;n.version='2.0';\n    n.queue=[];t=b.createElement(e);t.async=!0;\n    t.src=v;s=b.getElementsByTagName(e)[0];\n    s.parentNode.insertBefore(t,s)}(window, document,'script',\n    'https:\/\/connect.facebook.net\/en_US\/fbevents.js');\n    fbq('init', '802372280934901');\n    fbq('track', 'PageView');\n    <\/script><br \/>\n<br \/><\/p>\n","protected":false},"excerpt":{"rendered":"<p>La ola de calor seguir\u00e1 siendo parte del d\u00eda para las personas de Nayarit para este viernes 17 de abril. De acuerdo con la Comisi\u00f3n Nacional del Agua (Conagua). Esto foma parte de las condiciones ocasionadas por una\u00a0l\u00ednea seca\u00a0permanecer\u00e1 sobre el noreste de M\u00e9xico y generar\u00e1 que la zona est\u00e9 seca.\u00a0 La onda de calor [&hellip;]<\/p>\n","protected":false},"author":2,"featured_media":3826,"comment_status":"","ping_status":"","sticky":false,"template":"","format":"standard","meta":{"footnotes":""},"categories":[2],"tags":[],"class_list":["post-3825","post","type-post","status-publish","format-standard","has-post-thumbnail","hentry","category-local"],"_links":{"self":[{"href":"https:\/\/conexion-mx.com\/index.php?rest_route=\/wp\/v2\/posts\/3825","targetHints":{"allow":["GET"]}}],"collection":[{"href":"https:\/\/conexion-mx.com\/index.php?rest_route=\/wp\/v2\/posts"}],"about":[{"href":"https:\/\/conexion-mx.com\/index.php?rest_route=\/wp\/v2\/types\/post"}],"author":[{"embeddable":true,"href":"https:\/\/conexion-mx.com\/index.php?rest_route=\/wp\/v2\/users\/2"}],"replies":[{"embeddable":true,"href":"https:\/\/conexion-mx.com\/index.php?rest_route=%2Fwp%2Fv2%2Fcomments&post=3825"}],"version-history":[{"count":0,"href":"https:\/\/conexion-mx.com\/index.php?rest_route=\/wp\/v2\/posts\/3825\/revisions"}],"wp:featuredmedia":[{"embeddable":true,"href":"https:\/\/conexion-mx.com\/index.php?rest_route=\/wp\/v2\/media\/3826"}],"wp:attachment":[{"href":"https:\/\/conexion-mx.com\/index.php?rest_route=%2Fwp%2Fv2%2Fmedia&parent=3825"}],"wp:term":[{"taxonomy":"category","embeddable":true,"href":"https:\/\/conexion-mx.com\/index.php?rest_route=%2Fwp%2Fv2%2Fcategories&post=3825"},{"taxonomy":"post_tag","embeddable":true,"href":"https:\/\/conexion-mx.com\/index.php?rest_route=%2Fwp%2Fv2%2Ftags&post=3825"}],"curies":[{"name":"wp","href":"https:\/\/api.w.org\/{rel}","templated":true}]}}