{"id":3827,"date":"2026-04-16T23:28:41","date_gmt":"2026-04-17T04:28:41","guid":{"rendered":"https:\/\/conexion-mx.com\/?p=3827"},"modified":"2026-04-16T23:28:41","modified_gmt":"2026-04-17T04:28:41","slug":"reabriran-estacionamiento-en-terminal-2-del-aicm-a-partir-de-este-dia","status":"publish","type":"post","link":"https:\/\/conexion-mx.com\/?p=3827","title":{"rendered":"Reabrir\u00e1n estacionamiento en Terminal 2 del AICM a partir de este d\u00eda"},"content":{"rendered":"<p> <br \/>\n<\/p>\n<div itemprop=\"articleBody\">\n<div class=\"txt_contenido\">\n<p>El <strong>Grupo Aeroportuario Marina<\/strong> inform\u00f3 que este <strong>viernes 17 de abril de 2026<\/strong>, a partir de las <strong>8:00 horas<\/strong>, reabrir\u00e1 el acceso a los <strong>pisos 3 y 4 <\/strong>del estacionamiento de la <strong>Terminal 2 <\/strong>en el <strong>Aeropuerto Internacional de la Ciudad de M\u00e9xico<\/strong> (<strong>AICM<\/strong>).<\/p>\n<p>Asimismo, sugiri\u00f3 a los usuarios del <strong>estacionamiento<\/strong> en dicha terminal realizar el el pago por medio de la aplicaci\u00f3n <strong>Copemsa M\u00f3vil<\/strong>, con el fin de agilizar su salida sin filas y sin efectivo, la cual se encuentra disponible en plataformas <strong>iOS<\/strong> y <strong>Android<\/strong>.<\/p>\n<aside class=\"htmlinline\"\/>\n<p>La remodelaci\u00f3n del estacionamiento form\u00f3 parte del\u00a0plan integral de modernizaci\u00f3n puesto en marcha por el <strong>Grupo Aeroportuario Marina<\/strong> en la terminal a\u00e9rea de la capital del pa\u00eds, con miras al inicio del<strong> Mundial de Futbol 2026<\/strong>, que se celebrar\u00e1 en <strong>M\u00e9xico, Estados Unidos y Canad\u00e1<\/strong>.<\/p>\n<div class=\"image-align-center\">\n<figure class=\"image\"><img loading=\"lazy\" decoding=\"async\" alt=\"\" height=\"680\" src=\"https:\/\/heraldodemexico.com.mx\/u\/fotografias\/m\/2026\/4\/16\/f768x1-1273168_1273295_5050.jpeg\" width=\"680\"\/>&#13;<figcaption>El Grupo Aeroportuario Marina inform\u00f3 que este viernes 17 de abril de 2026 reabrir\u00e1n los pisos 3 y 4 del AICM. Foto: X, @AICM_mx<\/figcaption>&#13;<br \/>\n<\/figure>\n<\/div>\n<h2><strong>AICM<\/strong> cuenta con <strong>3 estacionamientos<\/strong> alternos<\/h2>\n<p>Recientemente, el\u00a0<strong>Aeropuerto Internacional de la Ciudad de M\u00e9xico <\/strong>dio a conocer a trav\u00e9s de sus redes sociales que cuenta con<strong> 3 estacionamientos alternos<\/strong>, para la comodidad de los usuarios.<\/p>\n<p>Uno habilitado en la\u00a0<strong>Puerta 6<\/strong> de <strong>Ciudad Deportiva Magdalena, Michuca<\/strong>, desde donde los usuarios se trasladan\u00a0en transporte seguro, continuo y gratuito al aeropuerto; otro ubicado a un costado de la <strong>Glorieta de Terminal 2 <\/strong>y uno m\u00e1s a un costado de la <strong>Terminal 2 <\/strong>sobre la calle <strong>Santos Dumont<\/strong>.\u00a0<\/p>\n<h2>Llama a <strong>planificar llegadas<\/strong> para evitar contratiempos<\/h2>\n<p>Para evitar contratiempos, el <strong>AICM\u00a0<\/strong>recomienda a los<strong> usuarios <\/strong>planear sus<strong> llegadas<\/strong> y acudir al <strong>aeropuerto<\/strong> con anticipaci\u00f3n, utilizar los estacionamientos alternos o las distintas opciones de <strong>transporte p\u00fablico <\/strong>disponibles para llegar a las<strong> terminales a\u00e9reas<\/strong>.<\/p>\n<\/p><\/div>\n<\/p><\/div>\n<p><script>\n    !function(f,b,e,v,n,t,s)\n    {if(f.fbq)return;n=f.fbq=function(){n.callMethod?\n    n.callMethod.apply(n,arguments):n.queue.push(arguments)};\n    if(!f._fbq)f._fbq=n;n.push=n;n.loaded=!0;n.version='2.0';\n    n.queue=[];t=b.createElement(e);t.async=!0;\n    t.src=v;s=b.getElementsByTagName(e)[0];\n    s.parentNode.insertBefore(t,s)}(window, document,'script',\n    'https:\/\/connect.facebook.net\/en_US\/fbevents.js');\n    fbq('init', '237927003583820');\n    fbq('track', 'PageView');\n  <\/script><script>\n    !function(f,b,e,v,n,t,s)\n    {if(f.fbq)return;n=f.fbq=function(){n.callMethod?\n    n.callMethod.apply(n,arguments):n.queue.push(arguments)};\n    if(!f._fbq)f._fbq=n;n.push=n;n.loaded=!0;n.version='2.0';\n    n.queue=[];t=b.createElement(e);t.async=!0;\n    t.src=v;s=b.getElementsByTagName(e)[0];\n    s.parentNode.insertBefore(t,s)}(window, document,'script',\n    'https:\/\/connect.facebook.net\/en_US\/fbevents.js');\n    fbq('init', '802372280934901');\n    fbq('track', 'PageView');\n    <\/script><br \/>\n<br \/><\/p>\n","protected":false},"excerpt":{"rendered":"<p>El Grupo Aeroportuario Marina inform\u00f3 que este viernes 17 de abril de 2026, a partir de las 8:00 horas, reabrir\u00e1 el acceso a los pisos 3 y 4 del estacionamiento de la Terminal 2 en el Aeropuerto Internacional de la Ciudad de M\u00e9xico (AICM). Asimismo, sugiri\u00f3 a los usuarios del estacionamiento en dicha terminal realizar [&hellip;]<\/p>\n","protected":false},"author":2,"featured_media":3828,"comment_status":"","ping_status":"","sticky":false,"template":"","format":"standard","meta":{"footnotes":""},"categories":[2],"tags":[],"class_list":["post-3827","post","type-post","status-publish","format-standard","has-post-thumbnail","hentry","category-local"],"_links":{"self":[{"href":"https:\/\/conexion-mx.com\/index.php?rest_route=\/wp\/v2\/posts\/3827","targetHints":{"allow":["GET"]}}],"collection":[{"href":"https:\/\/conexion-mx.com\/index.php?rest_route=\/wp\/v2\/posts"}],"about":[{"href":"https:\/\/conexion-mx.com\/index.php?rest_route=\/wp\/v2\/types\/post"}],"author":[{"embeddable":true,"href":"https:\/\/conexion-mx.com\/index.php?rest_route=\/wp\/v2\/users\/2"}],"replies":[{"embeddable":true,"href":"https:\/\/conexion-mx.com\/index.php?rest_route=%2Fwp%2Fv2%2Fcomments&post=3827"}],"version-history":[{"count":0,"href":"https:\/\/conexion-mx.com\/index.php?rest_route=\/wp\/v2\/posts\/3827\/revisions"}],"wp:featuredmedia":[{"embeddable":true,"href":"https:\/\/conexion-mx.com\/index.php?rest_route=\/wp\/v2\/media\/3828"}],"wp:attachment":[{"href":"https:\/\/conexion-mx.com\/index.php?rest_route=%2Fwp%2Fv2%2Fmedia&parent=3827"}],"wp:term":[{"taxonomy":"category","embeddable":true,"href":"https:\/\/conexion-mx.com\/index.php?rest_route=%2Fwp%2Fv2%2Fcategories&post=3827"},{"taxonomy":"post_tag","embeddable":true,"href":"https:\/\/conexion-mx.com\/index.php?rest_route=%2Fwp%2Fv2%2Ftags&post=3827"}],"curies":[{"name":"wp","href":"https:\/\/api.w.org\/{rel}","templated":true}]}}