{"id":3829,"date":"2026-04-17T05:06:49","date_gmt":"2026-04-17T10:06:49","guid":{"rendered":"https:\/\/conexion-mx.com\/?p=3829"},"modified":"2026-04-17T05:06:49","modified_gmt":"2026-04-17T10:06:49","slug":"el-canto-vigente-de-cecilia-toussaint-se-presentara-en-un-concierto-intimo-en-polanco","status":"publish","type":"post","link":"https:\/\/conexion-mx.com\/?p=3829","title":{"rendered":"El canto vigente de Cecilia Toussaint se presentar\u00e1 en un concierto \u00edntimo en Polanco"},"content":{"rendered":"<p> <br \/>\n<\/p>\n<div>\n<p>Con 49 a\u00f1os de trayectoria art\u00edstica, la actriz y cantante <strong>Cecilia Toussaint<\/strong> ofrecer\u00e1 un concierto \u00edntimo en <strong>Casa Cent\u2019anni, ubicada en Polanco, el pr\u00f3ximo 17 de abril, <\/strong>donde har\u00e1 un recorrido por su carrera musical.<\/p>\n<blockquote><p>&#13;<\/p>\n<p>\u201cEspero que se la pasen bien, que disfruten la velada, la banda, el espacio, que vivan una experiencia diferente de escuchar a un artista en vivo y que apoyen estos conciertos. Ojal\u00e1 vendamos todo el lugar de nuevo y que todos se vayan muy contentos\u201d, coment\u00f3 <strong>Cecilia <\/strong>en entrevista con\u00a0<strong>El Heraldo de M\u00e9xico.<\/strong><\/p>\n<aside class=\"htmlinline\"\/>&#13;\n<\/p><\/blockquote>\n<p>Asimismo, se\u00f1al\u00f3 si prefiere presentarse ante p\u00fablicos reducidos o masivos.<\/p>\n<blockquote><p>&#13;<\/p>\n<p>\u201cA m\u00ed me gusta cantar donde sea y como sea. Disfruto que la gente est\u00e9 cerca tambi\u00e9n. Este lugar es especial, est\u00e1 muy lindo, muy cuidado. Han puesto atenci\u00f3n en que la gente est\u00e9 c\u00f3moda, escuche bien y beba tranquila\u201d.<\/p>\n<p>&#13;\n<\/p><\/blockquote>\n<p>Por otro lado, mencion\u00f3 c\u00f3mo le ha ido con la banda Madreperla, donde tambi\u00e9n participan <strong>Jos\u00e9 Manuel Aguilera, Alfonso Andr\u00e9 y Federico Fong. <\/strong><\/p>\n<blockquote><p>&#13;<\/p>\n<p>\u201cEstamos muy contentos. Nos gustar\u00eda estar m\u00e1s juntos, pero bueno, la idea original del grupo era simplemente tener el placer de grabar juntos y tocar en vivo. Este domingo estaremos en <strong>Aguascalientes <\/strong>y en agosto en el <strong>Metrop\u00f3litan<\/strong>. Ya pronto van a salir los boletos\u201d.<\/p>\n<p>&#13;\n<\/p><\/blockquote>\n<p>\u201cSeguiremos sacando material nuevo. Estamos vendiendo nuestro vinilo tambi\u00e9n a trav\u00e9s de\u00a0reyvinilo.com. Ah\u00ed estamos d\u00e1ndole con muchas ganas de tocar y estar frente al p\u00fablico\u201d, a\u00f1adi\u00f3 <strong>Toussaint<\/strong>.<\/p>\n<p>Adem\u00e1s, la artista comparti\u00f3 en qu\u00e9 otros proyectos se encuentra actualmente. \u201cEstoy trabajando en la obra\u00a0Con el diablo en el cuerpo, en el teatro bar El Vicio todos los jueves y viernes junto a otras fant\u00e1sticas actrices como <strong>Ver\u00f3nica Langer y Laura de Ita.<\/strong> Estoy grabando una novela, estrenando series y haciendo mi gira por las alcald\u00edas\u201d.&#13;<br \/>\n&#13;\n<\/p>\n<p>A un a\u00f1o de cumplir cinco d\u00e9cadas de trayectoria, Cecilia reflexion\u00f3 sobre su carrera.&#13;<br \/>\n&#13;\n<\/p>\n<blockquote><p>&#13;<\/p>\n<p>\u201cMe siento muy orgullosa porque reconozco en m\u00ed una mujer muy chambeadora, tenaz, respetuosa con mis compa\u00f1eros, con el p\u00fablico y con mi trabajo, que amo profundamente. Todos los d\u00edas trato de ser una mejor persona, actriz, cantante e int\u00e9rprete. Volteo y digo \u2018qu\u00e9 barbaridad, cu\u00e1nta vida\u2019\u201d.&#13;\n<\/p>\n<\/blockquote>\n<p>Y a\u00f1adi\u00f3:&#13;<br \/>\n&#13;\n<\/p>\n<blockquote><p>&#13;<\/p>\n<p>\u201cEstoy con la pila puest\u00edsima y me siento s\u00faper, con ilusi\u00f3n por hacer cosas y muy contenta. No he llegado a un punto en el que diga \u2018h\u00edjole, ya me cans\u00e9 o ya no tengo que hacer\u2019. Hay mil cosas que me faltan\u201d.&#13;\n<\/p>\n<\/blockquote>\n<p>\u00a0&#13;<br \/>\n&#13;\n<\/p>\n<h2><strong>HA DICHO<\/strong><\/h2>\n<blockquote><p>&#13;<\/p>\n<p>\u201cLos m\u00fasicos nos hacemos en vivo, nada m\u00e1s hace falta que la gente se acerque y nos apoye\u201d, Cecilia Toussaint, cantante&#13;\n<\/p>\n<\/blockquote>\n<p>\u00a0&#13;<br \/>\n&#13;\n<\/p>\n<h2><strong>A DETALLE<\/strong><\/h2>\n<ul>&#13;<\/p>\n<li>Cecilia naci\u00f3 el 11 de octubre de 1958.<\/li>\n<p>&#13;<\/p>\n<li>Inici\u00f3 su carrera en 1977.<\/li>\n<p>&#13;<\/p>\n<li>Se present\u00f3 con Madreperla en el \u00faltimo Vive Latino.<\/li>\n<p>&#13;<\/p>\n<li>Actu\u00f3 en\u00a0Rosario Tijeras\u00a0y\u00a0Loco por ella.<\/li>\n<p>&#13;<\/p>\n<li>Tiene m\u00e1s de dos millones de vistas en YouTube.<\/li>\n<p>&#13;<\/p>\n<li>Actuar\u00e1 en la telenovela\u00a0Guardi\u00e1n de mi vida.<\/li>\n<p>&#13;\n<\/ul>\n<p>MAAZ&#13;<br \/>\n&#13;\n<\/p>\n<p>\u00a0&#13;<br \/>\n&#13;<br \/>\n&#13;\n                                <\/p>\n<\/p><\/div>\n<p><script>\n    !function(f,b,e,v,n,t,s)\n    {if(f.fbq)return;n=f.fbq=function(){n.callMethod?\n    n.callMethod.apply(n,arguments):n.queue.push(arguments)};\n    if(!f._fbq)f._fbq=n;n.push=n;n.loaded=!0;n.version='2.0';\n    n.queue=[];t=b.createElement(e);t.async=!0;\n    t.src=v;s=b.getElementsByTagName(e)[0];\n    s.parentNode.insertBefore(t,s)}(window, document,'script',\n    'https:\/\/connect.facebook.net\/en_US\/fbevents.js');\n    fbq('init', '237927003583820');\n    fbq('track', 'PageView');\n  <\/script><script>\n    !function(f,b,e,v,n,t,s)\n    {if(f.fbq)return;n=f.fbq=function(){n.callMethod?\n    n.callMethod.apply(n,arguments):n.queue.push(arguments)};\n    if(!f._fbq)f._fbq=n;n.push=n;n.loaded=!0;n.version='2.0';\n    n.queue=[];t=b.createElement(e);t.async=!0;\n    t.src=v;s=b.getElementsByTagName(e)[0];\n    s.parentNode.insertBefore(t,s)}(window, document,'script',\n    'https:\/\/connect.facebook.net\/en_US\/fbevents.js');\n    fbq('init', '775201487065840');\n    fbq('track', 'PageView');\n    <\/script><br \/>\n<br \/><\/p>\n","protected":false},"excerpt":{"rendered":"<p>Con 49 a\u00f1os de trayectoria art\u00edstica, la actriz y cantante Cecilia Toussaint ofrecer\u00e1 un concierto \u00edntimo en Casa Cent\u2019anni, ubicada en Polanco, el pr\u00f3ximo 17 de abril, donde har\u00e1 un recorrido por su carrera musical. &#13; \u201cEspero que se la pasen bien, que disfruten la velada, la banda, el espacio, que vivan una experiencia diferente [&hellip;]<\/p>\n","protected":false},"author":3,"featured_media":3830,"comment_status":"","ping_status":"","sticky":false,"template":"","format":"standard","meta":{"footnotes":""},"categories":[35],"tags":[],"class_list":["post-3829","post","type-post","status-publish","format-standard","has-post-thumbnail","hentry","category-espectaculos"],"_links":{"self":[{"href":"https:\/\/conexion-mx.com\/index.php?rest_route=\/wp\/v2\/posts\/3829","targetHints":{"allow":["GET"]}}],"collection":[{"href":"https:\/\/conexion-mx.com\/index.php?rest_route=\/wp\/v2\/posts"}],"about":[{"href":"https:\/\/conexion-mx.com\/index.php?rest_route=\/wp\/v2\/types\/post"}],"author":[{"embeddable":true,"href":"https:\/\/conexion-mx.com\/index.php?rest_route=\/wp\/v2\/users\/3"}],"replies":[{"embeddable":true,"href":"https:\/\/conexion-mx.com\/index.php?rest_route=%2Fwp%2Fv2%2Fcomments&post=3829"}],"version-history":[{"count":0,"href":"https:\/\/conexion-mx.com\/index.php?rest_route=\/wp\/v2\/posts\/3829\/revisions"}],"wp:featuredmedia":[{"embeddable":true,"href":"https:\/\/conexion-mx.com\/index.php?rest_route=\/wp\/v2\/media\/3830"}],"wp:attachment":[{"href":"https:\/\/conexion-mx.com\/index.php?rest_route=%2Fwp%2Fv2%2Fmedia&parent=3829"}],"wp:term":[{"taxonomy":"category","embeddable":true,"href":"https:\/\/conexion-mx.com\/index.php?rest_route=%2Fwp%2Fv2%2Fcategories&post=3829"},{"taxonomy":"post_tag","embeddable":true,"href":"https:\/\/conexion-mx.com\/index.php?rest_route=%2Fwp%2Fv2%2Ftags&post=3829"}],"curies":[{"name":"wp","href":"https:\/\/api.w.org\/{rel}","templated":true}]}}