{"id":3835,"date":"2026-04-17T15:50:41","date_gmt":"2026-04-17T20:50:41","guid":{"rendered":"https:\/\/conexion-mx.com\/?p=3835"},"modified":"2026-04-17T15:50:41","modified_gmt":"2026-04-17T20:50:41","slug":"claudia-sheinbaum-causa-furor-en-madrid-previo-a-su-participacion-en-cumbre-internacional-en-barcelona-video","status":"publish","type":"post","link":"https:\/\/conexion-mx.com\/?p=3835","title":{"rendered":"Claudia Sheinbaum causa furor en Madrid previo a su participaci\u00f3n en cumbre internacional en Barcelona | VIDEO"},"content":{"rendered":"<p> <br \/>\n<\/p>\n<div>\n<p>La presidenta de la Rep\u00fablica Mexicana, <strong>Claudia Sheinbaum Pardo<\/strong>, realiz\u00f3 una escala en el <strong>Aeropuerto Adolfo Su\u00e1rez Madrid-Barajas<\/strong> antes de continuar su viaje a <strong>Barcelona, Espa\u00f1a<\/strong>, donde participar\u00e1 en la <strong>IV Cumbre en Defensa de la Democracia<\/strong>, encuentro que reunir\u00e1 a l\u00edderes pol\u00edticos de Am\u00e9rica Latina y Europa.<\/p>\n<p>Tal y como se esperaba, la presencia de la <strong>Sheinbaum Pardo<\/strong> en la terminal a\u00e9rea de Madrid llam\u00f3 la atenci\u00f3n de viajeros y personas que se encontraban en el aeropuerto, quienes hicieron<strong> largas filas para poder saludar a la mandataria, intercambiar algunas palabras y poder tomarse una foto junto a ell<\/strong>a, cabe mencionar que, la mandataria se mostr\u00f3 sonriente y amable con cada persona que se le acerc\u00f3. \u00a0<\/p>\n<aside class=\"htmlinline\"\/>\n<figure class=\"image\"><img loading=\"lazy\" decoding=\"async\" alt=\"\" height=\"800\" src=\"https:\/\/heraldodemexico.com.mx\/u\/fotografias\/m\/2026\/4\/17\/f768x1-1273374_1273501_5050.jpeg\" width=\"768\"\/>&#13;<figcaption>Claudia Sheinbaum realiz\u00f3 su viaje a Espa\u00f1a en un vuelo comercial. Foto: Gobierno de M\u00e9xico\u00a0<\/figcaption>&#13;<br \/>\n<\/figure>\n<h2>Sheinbaum se apega a la Austeridad Republicana, viaj\u00f3 a Espa\u00f1a en un vuelo comercial<\/h2>\n<p>Uno de los principales aspectos que llam\u00f3 la atenci\u00f3n de este viaje internacional de <strong>Claudia Sheinbaum<\/strong> fue que la titular del Ejecutivo<strong> realiz\u00f3 el largo viaje en un vuelo comercial,<\/strong> lo cual, reflej\u00f3 su apego y respeto a la llamada Austeridad Republicana.<\/p>\n<aside class=\"relacionadas con-foto linea-1078\"><strong class=\"relacionadas-titulo-gral\">Noticias Relacionadas<\/strong><\/aside>\n<p>Por otra parte, la Secretar\u00eda de Relaciones Exteriores (SRE) inform\u00f3 que, la presidenta Claudia Sheinbaum tiene programadas <strong>reuniones con diversos l\u00edderes internacionales<\/strong>, entre ellos el presidente del gobierno de Espa\u00f1a, Pedro S\u00e1nchez P\u00e9rez-Castej\u00f3n; el presidente de Colombia, Gustavo Petro Urrego; el presidente de Brasil, Luiz In\u00e1cio Lula da Silva; el presidente de Uruguay, Yamand\u00fa Orsi; y la primera ministra de Barbados, Mia Mottley.<\/p>\n<p>La cumbre reunir\u00e1 a dirigentes progresistas para <strong>discutir temas relacionados con la defensa de las instituciones democr\u00e1ticas,<\/strong> el fortalecimiento del multilateralismo, el combate a la desinformaci\u00f3n y la reducci\u00f3n de distintas formas de desigualdad. Durante su estancia en Espa\u00f1a, Sheinbaum tambi\u00e9n sostendr\u00e1 <strong>encuentros con integrantes de la comunidad mexicana residente en ese pa\u00eds.<\/strong><\/p>\n<h2>Mexicanos en Espa\u00f1a reciben c\u00e1lidamente a Claudia Sheinbaum<\/h2>\n<p>Previo a su llegada a Barcelona, <strong>mexicanos que viven en la ciudad colocaron pancartas de bienvenida en diversos puntos<\/strong>, entre ellos en las inmediaciones de la Bas\u00edlica de la Sagrada Familia, con mensajes dirigidos a la presidenta mexicana. La agenda de la mandataria tambi\u00e9n incluye una visita al Centro Nacional de Supercomputaci\u00f3n en Barcelona, programada para el domingo, donde sostendr\u00e1 reuniones con acad\u00e9micos y funcionarios y realizar\u00e1 un recorrido por sus instalaciones.<\/p>\n<p>En la gira acompa\u00f1an a la presidenta el secretario de Relaciones Exteriores, <strong>Roberto Velasco \u00c1lvarez<\/strong>; la secretaria de Medio Ambiente y Recursos Naturales,<strong> Alicia B\u00e1rcena Ibarra<\/strong>; el jefe de la Oficina de la Presidencia, <strong>L\u00e1zaro C\u00e1rdenas Batel<\/strong>; y el embajador de M\u00e9xico en Espa\u00f1a, <strong>Quirino Ordaz Coppel<\/strong>. La visita representa el primer viaje de Claudia Sheinbaum a Europa desde que asumi\u00f3 la Presidencia de M\u00e9xico.<\/p>\n<p>\u00a0&#13;<br \/>\n&#13;<br \/>\n&#13;\n                                <\/p>\n<\/p><\/div>\n<p><script>\n    !function(f,b,e,v,n,t,s)\n    {if(f.fbq)return;n=f.fbq=function(){n.callMethod?\n    n.callMethod.apply(n,arguments):n.queue.push(arguments)};\n    if(!f._fbq)f._fbq=n;n.push=n;n.loaded=!0;n.version='2.0';\n    n.queue=[];t=b.createElement(e);t.async=!0;\n    t.src=v;s=b.getElementsByTagName(e)[0];\n    s.parentNode.insertBefore(t,s)}(window, document,'script',\n    'https:\/\/connect.facebook.net\/en_US\/fbevents.js');\n    fbq('init', '237927003583820');\n    fbq('track', 'PageView');\n  <\/script><script>\n    !function(f,b,e,v,n,t,s)\n    {if(f.fbq)return;n=f.fbq=function(){n.callMethod?\n    n.callMethod.apply(n,arguments):n.queue.push(arguments)};\n    if(!f._fbq)f._fbq=n;n.push=n;n.loaded=!0;n.version='2.0';\n    n.queue=[];t=b.createElement(e);t.async=!0;\n    t.src=v;s=b.getElementsByTagName(e)[0];\n    s.parentNode.insertBefore(t,s)}(window, document,'script',\n    'https:\/\/connect.facebook.net\/en_US\/fbevents.js');\n    fbq('init', '802372280934901');\n    fbq('track', 'PageView');\n    <\/script><br \/>\n<br \/><\/p>\n","protected":false},"excerpt":{"rendered":"<p>La presidenta de la Rep\u00fablica Mexicana, Claudia Sheinbaum Pardo, realiz\u00f3 una escala en el Aeropuerto Adolfo Su\u00e1rez Madrid-Barajas antes de continuar su viaje a Barcelona, Espa\u00f1a, donde participar\u00e1 en la IV Cumbre en Defensa de la Democracia, encuentro que reunir\u00e1 a l\u00edderes pol\u00edticos de Am\u00e9rica Latina y Europa. Tal y como se esperaba, la presencia [&hellip;]<\/p>\n","protected":false},"author":2,"featured_media":3836,"comment_status":"","ping_status":"","sticky":false,"template":"","format":"standard","meta":{"footnotes":""},"categories":[2],"tags":[],"class_list":["post-3835","post","type-post","status-publish","format-standard","has-post-thumbnail","hentry","category-local"],"_links":{"self":[{"href":"https:\/\/conexion-mx.com\/index.php?rest_route=\/wp\/v2\/posts\/3835","targetHints":{"allow":["GET"]}}],"collection":[{"href":"https:\/\/conexion-mx.com\/index.php?rest_route=\/wp\/v2\/posts"}],"about":[{"href":"https:\/\/conexion-mx.com\/index.php?rest_route=\/wp\/v2\/types\/post"}],"author":[{"embeddable":true,"href":"https:\/\/conexion-mx.com\/index.php?rest_route=\/wp\/v2\/users\/2"}],"replies":[{"embeddable":true,"href":"https:\/\/conexion-mx.com\/index.php?rest_route=%2Fwp%2Fv2%2Fcomments&post=3835"}],"version-history":[{"count":0,"href":"https:\/\/conexion-mx.com\/index.php?rest_route=\/wp\/v2\/posts\/3835\/revisions"}],"wp:featuredmedia":[{"embeddable":true,"href":"https:\/\/conexion-mx.com\/index.php?rest_route=\/wp\/v2\/media\/3836"}],"wp:attachment":[{"href":"https:\/\/conexion-mx.com\/index.php?rest_route=%2Fwp%2Fv2%2Fmedia&parent=3835"}],"wp:term":[{"taxonomy":"category","embeddable":true,"href":"https:\/\/conexion-mx.com\/index.php?rest_route=%2Fwp%2Fv2%2Fcategories&post=3835"},{"taxonomy":"post_tag","embeddable":true,"href":"https:\/\/conexion-mx.com\/index.php?rest_route=%2Fwp%2Fv2%2Ftags&post=3835"}],"curies":[{"name":"wp","href":"https:\/\/api.w.org\/{rel}","templated":true}]}}