{"id":3839,"date":"2026-04-18T00:41:15","date_gmt":"2026-04-18T05:41:15","guid":{"rendered":"https:\/\/conexion-mx.com\/?p=3839"},"modified":"2026-04-18T00:41:15","modified_gmt":"2026-04-18T05:41:15","slug":"hay-una-deuda-historica-en-la-justicia-para-mujeres-victimas-de-violencia-citlalli-hernandez","status":"publish","type":"post","link":"https:\/\/conexion-mx.com\/?p=3839","title":{"rendered":"Hay una deuda hist\u00f3rica en la justicia para mujeres v\u00edctimas de violencia: Citlalli Hern\u00e1ndez"},"content":{"rendered":"<p> <br \/>\n<\/p>\n<div>\n<p><strong>Citlalli Hern\u00e1ndez <\/strong>habl\u00f3 en exclusiva para\u00a0el programa<strong> Rep\u00fablica H con Sof\u00eda Garc\u00eda para El Heraldo Televisi\u00f3n <\/strong>y explic\u00f3 c\u00f3mo se trabajaba desde la Secretar\u00eda de las Mujeres, dependencia que encabez\u00f3 hasta hace poco,\u00a0para brindar justicia a las mexicanas, adem\u00e1s abord\u00f3 los problemas que se presentaron en el caso del <strong>feminicidio de Edith Guadalupe<\/strong>, quien fue hallada sin vida en un edificio en Avenida Revoluci\u00f3n, en la alcald\u00eda <strong>Benito Ju\u00e1rez.<\/strong><\/p>\n<p><strong>Citlalli Hern\u00e1ndez <\/strong>abord\u00f3 sin rodeos uno de los temas m\u00e1s sensibles de su gesti\u00f3n: las fallas estructurales en las <strong>fiscal\u00edas <\/strong>locales y la deuda hist\u00f3rica que el sistema de justicia mexicano mantiene con las mujeres v\u00edctimas de violencia, comenzando por el caso de <strong>Edith Guadalupe.<\/strong><\/p>\n<aside class=\"htmlinline\"\/>\n<p>\u00abEste es un caso doloroso, lamentable, que da cuenta de c\u00f3mo este es uno de los grandes pendientes que todos los d\u00edas en la <strong>Secretar\u00eda de las Mujeres <\/strong>combatimos\u00bb, afirm\u00f3 <strong>Hern\u00e1ndez <\/strong>al referirse a un caso espec\u00edfico que evidenci\u00f3 las deficiencias en la procuraci\u00f3n de justicia con perspectiva de g\u00e9nero.<\/p>\n<aside class=\"relacionadas con-foto linea-1078\"><strong class=\"relacionadas-titulo-gral\">Noticias Relacionadas<\/strong><\/aside>\n<p>La militante de Morena fue contundente: las <strong>fiscal\u00edas <\/strong>y los poderes de justicia locales tienen que transformarse. No como una aspiraci\u00f3n lejana, sino como una necesidad urgente que afecta la vida y la seguridad de millones de mujeres en el pa\u00eds.<\/p>\n<p>Sin embargo, tambi\u00e9n reconoci\u00f3 avances. En el caso espec\u00edfico de la <strong>Ciudad de M\u00e9xico,<\/strong> destac\u00f3 la coordinaci\u00f3n con una <strong>fiscal <\/strong>comprometida, con quien trabajaron de manera conjunta para acompa\u00f1ar a diversas v\u00edctimas. Fue precisamente en ese proceso donde salieron a la luz funcionarios que no cumpl\u00edan adecuadamente con sus responsabilidades.<\/p>\n<p>\u00abEn el camino nos fuimos encontrando funcionarios que no hac\u00edan bien su trabajo; es parte del <strong>trabajo <\/strong>que quiz\u00e1s no se ve, pero cuando dos cabezas trabajan de manera coordinada, nos permite ubicar esas fallas, corregirlas y atenderlas\u00bb, explic\u00f3.<\/p>\n<p><strong>Hern\u00e1ndez celebr\u00f3 <\/strong>que la <strong>Fiscal\u00eda <\/strong>haya <strong>actuado <\/strong>de <strong>inmediato <\/strong>para investigar y, en su caso, sancionar a los <strong>servidores p\u00fablicos<\/strong> <strong>se\u00f1alados<\/strong>. Para ella, esa rapidez de respuesta es se\u00f1al de que la coordinaci\u00f3n institucional funciona cuando existe voluntad pol\u00edtica real.<\/p>\n<p>El gran reto, insisti\u00f3, no es solo identificar las <strong>fallas<\/strong>: es garantizar la transformaci\u00f3n de todas las instituciones con perspectiva de g\u00e9nero y con la convicci\u00f3n de que la vida de las mujeres tiene que cambiar estructuralmente.&#13;<br \/>\n&#13;\n<\/p>\n<p>Aunque <strong>Hern\u00e1ndez <\/strong>dej\u00f3 la <strong>Secretar\u00eda de las Mujeres,<\/strong> advirti\u00f3 que el trabajo no se detiene. Antes de su salida, asegur\u00f3 haber dejado todo encaminado para que ning\u00fan caso, ning\u00fan protocolo ni ning\u00fan proceso quedara sin atenci\u00f3n. La instituci\u00f3n, dijo, naci\u00f3 fuerte y as\u00ed continuar\u00e1.&#13;<br \/>\n&#13;\n<\/p>\n<p>La procuraci\u00f3n de justicia sigue siendo, en sus propias palabras, el pendiente m\u00e1s urgente: el que m\u00e1s duele, el que m\u00e1s cuesta y el que m\u00e1s vidas tiene en juego.&#13;<br \/>\n&#13;\n<\/p>\n<p>Ve aqu\u00ed la entrevista completa:&#13;<br \/>\n&#13;\n<\/p>\n<p>\u00a0&#13;<br \/>\n&#13;<br \/>\n&#13;\n                                <\/p>\n<\/p><\/div>\n<p><script>\n    !function(f,b,e,v,n,t,s)\n    {if(f.fbq)return;n=f.fbq=function(){n.callMethod?\n    n.callMethod.apply(n,arguments):n.queue.push(arguments)};\n    if(!f._fbq)f._fbq=n;n.push=n;n.loaded=!0;n.version='2.0';\n    n.queue=[];t=b.createElement(e);t.async=!0;\n    t.src=v;s=b.getElementsByTagName(e)[0];\n    s.parentNode.insertBefore(t,s)}(window, document,'script',\n    'https:\/\/connect.facebook.net\/en_US\/fbevents.js');\n    fbq('init', '237927003583820');\n    fbq('track', 'PageView');\n  <\/script><script>\n    !function(f,b,e,v,n,t,s)\n    {if(f.fbq)return;n=f.fbq=function(){n.callMethod?\n    n.callMethod.apply(n,arguments):n.queue.push(arguments)};\n    if(!f._fbq)f._fbq=n;n.push=n;n.loaded=!0;n.version='2.0';\n    n.queue=[];t=b.createElement(e);t.async=!0;\n    t.src=v;s=b.getElementsByTagName(e)[0];\n    s.parentNode.insertBefore(t,s)}(window, document,'script',\n    'https:\/\/connect.facebook.net\/en_US\/fbevents.js');\n    fbq('init', '802372280934901');\n    fbq('track', 'PageView');\n    <\/script><br \/>\n<br \/><\/p>\n","protected":false},"excerpt":{"rendered":"<p>Citlalli Hern\u00e1ndez habl\u00f3 en exclusiva para\u00a0el programa Rep\u00fablica H con Sof\u00eda Garc\u00eda para El Heraldo Televisi\u00f3n y explic\u00f3 c\u00f3mo se trabajaba desde la Secretar\u00eda de las Mujeres, dependencia que encabez\u00f3 hasta hace poco,\u00a0para brindar justicia a las mexicanas, adem\u00e1s abord\u00f3 los problemas que se presentaron en el caso del feminicidio de Edith Guadalupe, quien fue [&hellip;]<\/p>\n","protected":false},"author":2,"featured_media":3840,"comment_status":"","ping_status":"","sticky":false,"template":"","format":"standard","meta":{"footnotes":""},"categories":[2],"tags":[],"class_list":["post-3839","post","type-post","status-publish","format-standard","has-post-thumbnail","hentry","category-local"],"_links":{"self":[{"href":"https:\/\/conexion-mx.com\/index.php?rest_route=\/wp\/v2\/posts\/3839","targetHints":{"allow":["GET"]}}],"collection":[{"href":"https:\/\/conexion-mx.com\/index.php?rest_route=\/wp\/v2\/posts"}],"about":[{"href":"https:\/\/conexion-mx.com\/index.php?rest_route=\/wp\/v2\/types\/post"}],"author":[{"embeddable":true,"href":"https:\/\/conexion-mx.com\/index.php?rest_route=\/wp\/v2\/users\/2"}],"replies":[{"embeddable":true,"href":"https:\/\/conexion-mx.com\/index.php?rest_route=%2Fwp%2Fv2%2Fcomments&post=3839"}],"version-history":[{"count":0,"href":"https:\/\/conexion-mx.com\/index.php?rest_route=\/wp\/v2\/posts\/3839\/revisions"}],"wp:featuredmedia":[{"embeddable":true,"href":"https:\/\/conexion-mx.com\/index.php?rest_route=\/wp\/v2\/media\/3840"}],"wp:attachment":[{"href":"https:\/\/conexion-mx.com\/index.php?rest_route=%2Fwp%2Fv2%2Fmedia&parent=3839"}],"wp:term":[{"taxonomy":"category","embeddable":true,"href":"https:\/\/conexion-mx.com\/index.php?rest_route=%2Fwp%2Fv2%2Fcategories&post=3839"},{"taxonomy":"post_tag","embeddable":true,"href":"https:\/\/conexion-mx.com\/index.php?rest_route=%2Fwp%2Fv2%2Ftags&post=3839"}],"curies":[{"name":"wp","href":"https:\/\/api.w.org\/{rel}","templated":true}]}}