{"id":3841,"date":"2026-04-18T03:39:24","date_gmt":"2026-04-18T08:39:24","guid":{"rendered":"https:\/\/conexion-mx.com\/?p=3841"},"modified":"2026-04-18T03:39:24","modified_gmt":"2026-04-18T08:39:24","slug":"nombran-a-edgar-dario-garcia-vejar-director-operativo-de-la-orquesta-filarmonica-de-la-ciudad-de-mexico","status":"publish","type":"post","link":"https:\/\/conexion-mx.com\/?p=3841","title":{"rendered":"Nombran a Edgar Dar\u00edo Garc\u00eda V\u00e9jar director operativo de la Orquesta Filarm\u00f3nica de la Ciudad de M\u00e9xico"},"content":{"rendered":"<p> <br \/>\n<\/p>\n<div itemprop=\"articleBody\">\n<div class=\"txt_contenido\">\n<p><strong>La Secretar\u00eda de Cultura de la Ciudad de M\u00e9xico, <\/strong>se\u00f1al\u00f3\u00a0que a partir del<strong> 1\u00b0de abril de 2026,<\/strong>\u00a0<strong>Dal\u00ed Estrada Sour<\/strong>\u00a0dej\u00f3 el cargo de directora operativa de la\u00a0<strong>Orquesta Filarm\u00f3nica de la Ciudad de M\u00e9xico<\/strong>. En su lugar, asumi\u00f3 la responsabilidad el promotor cultural\u00a0<strong>Edgar Dar\u00edo Garc\u00eda V\u00e9jar.<\/strong><\/p>\n<h2>Trayectoria en gesti\u00f3n cultural y producci\u00f3n art\u00edstica<\/h2>\n<p><strong>Edgar Garc\u00eda V\u00e9jar<\/strong> tiene una s\u00f3lida trayectoria en <strong>programaci\u00f3n, producci\u00f3n y desarrollo de proyectos multidisciplinarios.<\/strong> Su trabajo se ha centrado en conectar <strong>iniciativas culturales, impulsar a nuevas generaciones de artistas y acercar la cultura a m\u00e1s p\u00fablicos.<\/strong><\/p>\n<aside class=\"htmlinline\"\/>\n<p>Se desempe\u00f1o como gerente\u00a0del\u00a0<strong>Centro de Experimentaci\u00f3n y Producci\u00f3n de M\u00fasica Contempor\u00e1nea\u00a0del\u00a0Instituto Nacional de Bellas Artes y Literatura, <\/strong>donde promovi\u00f3\u00a0una programaci\u00f3n diversa y ampli\u00f3 el alcance de la m\u00fasica contempor\u00e1nea.<\/p>\n<p class=\"image-align-center\"><img loading=\"lazy\" decoding=\"async\" alt=\"\" height=\"400\" src=\"https:\/\/heraldodemexico.com.mx\/u\/fotografias\/m\/2020\/12\/3\/f768x400-290269_334172_5050.jpg\" width=\"768\"\/><\/p>\n<p>Ha sido consultor en diversos proyectos art\u00edsticos, tanto independientes como privados, y ha participado en la producci\u00f3n de m\u00faltiples espect\u00e1culos esc\u00e9nicos. Su trayectoria tambi\u00e9n lo ha llevado a colaborar en festivales y encuentros, entre los que destacan:<\/p>\n<ul>&#13;<\/p>\n<li><strong>Un Desierto para la Danza<\/strong><\/li>\n<p>&#13;<\/p>\n<li><strong>Jornadas Art\u00edsticas del Museo Iconogr\u00e1fico del Quijote<\/strong><\/li>\n<p>&#13;<\/p>\n<li><strong>Confluencias, en colaboraci\u00f3n con LArtes y el Odin Teatret<\/strong><\/li>\n<p>&#13;<\/p>\n<li><strong>VISO OUT FESTIVAL<\/strong><\/li>\n<p>&#13;\n<\/ul>\n<h2>Formaci\u00f3n acad\u00e9mica en artes esc\u00e9nicas<\/h2>\n<p>Es maestro en <strong>Direcci\u00f3n Esc\u00e9nica\u00a0por la Escuela Nacional de Arte Teatral del INBAL <\/strong>y licenciado en<strong> Artes Esc\u00e9nicas por la\u00a0Universidad de Sonora.\u00a0<\/strong>Tambi\u00e9n tiene\u00a0\u00a0con un certificado en estudios contempor\u00e1neos por el Instituto <strong>17 de Estudios Cr\u00edticos.<\/strong><\/p>\n<p>Con este nuevo nombramiento, <strong>La Orquesta Filarm\u00f3nica\u00a0de la Ciudad de M\u00e9xico <\/strong>inicia un nuevo ciclo enfocado en fortalecer su <strong>v\u00ednculo\u00a0con el p\u00fablico y ampliar su oferta art\u00edstica.<\/strong><\/p>\n<\/p><\/div>\n<\/p><\/div>\n<p><script>\n    !function(f,b,e,v,n,t,s)\n    {if(f.fbq)return;n=f.fbq=function(){n.callMethod?\n    n.callMethod.apply(n,arguments):n.queue.push(arguments)};\n    if(!f._fbq)f._fbq=n;n.push=n;n.loaded=!0;n.version='2.0';\n    n.queue=[];t=b.createElement(e);t.async=!0;\n    t.src=v;s=b.getElementsByTagName(e)[0];\n    s.parentNode.insertBefore(t,s)}(window, document,'script',\n    'https:\/\/connect.facebook.net\/en_US\/fbevents.js');\n    fbq('init', '237927003583820');\n    fbq('track', 'PageView');\n  <\/script><br \/>\n<br \/><\/p>\n","protected":false},"excerpt":{"rendered":"<p>La Secretar\u00eda de Cultura de la Ciudad de M\u00e9xico, se\u00f1al\u00f3\u00a0que a partir del 1\u00b0de abril de 2026,\u00a0Dal\u00ed Estrada Sour\u00a0dej\u00f3 el cargo de directora operativa de la\u00a0Orquesta Filarm\u00f3nica de la Ciudad de M\u00e9xico. En su lugar, asumi\u00f3 la responsabilidad el promotor cultural\u00a0Edgar Dar\u00edo Garc\u00eda V\u00e9jar. Trayectoria en gesti\u00f3n cultural y producci\u00f3n art\u00edstica Edgar Garc\u00eda V\u00e9jar tiene [&hellip;]<\/p>\n","protected":false},"author":4,"featured_media":3842,"comment_status":"","ping_status":"","sticky":false,"template":"","format":"standard","meta":{"footnotes":""},"categories":[33],"tags":[],"class_list":["post-3841","post","type-post","status-publish","format-standard","has-post-thumbnail","hentry","category-cultura"],"_links":{"self":[{"href":"https:\/\/conexion-mx.com\/index.php?rest_route=\/wp\/v2\/posts\/3841","targetHints":{"allow":["GET"]}}],"collection":[{"href":"https:\/\/conexion-mx.com\/index.php?rest_route=\/wp\/v2\/posts"}],"about":[{"href":"https:\/\/conexion-mx.com\/index.php?rest_route=\/wp\/v2\/types\/post"}],"author":[{"embeddable":true,"href":"https:\/\/conexion-mx.com\/index.php?rest_route=\/wp\/v2\/users\/4"}],"replies":[{"embeddable":true,"href":"https:\/\/conexion-mx.com\/index.php?rest_route=%2Fwp%2Fv2%2Fcomments&post=3841"}],"version-history":[{"count":0,"href":"https:\/\/conexion-mx.com\/index.php?rest_route=\/wp\/v2\/posts\/3841\/revisions"}],"wp:featuredmedia":[{"embeddable":true,"href":"https:\/\/conexion-mx.com\/index.php?rest_route=\/wp\/v2\/media\/3842"}],"wp:attachment":[{"href":"https:\/\/conexion-mx.com\/index.php?rest_route=%2Fwp%2Fv2%2Fmedia&parent=3841"}],"wp:term":[{"taxonomy":"category","embeddable":true,"href":"https:\/\/conexion-mx.com\/index.php?rest_route=%2Fwp%2Fv2%2Fcategories&post=3841"},{"taxonomy":"post_tag","embeddable":true,"href":"https:\/\/conexion-mx.com\/index.php?rest_route=%2Fwp%2Fv2%2Ftags&post=3841"}],"curies":[{"name":"wp","href":"https:\/\/api.w.org\/{rel}","templated":true}]}}