{"id":3857,"date":"2026-04-19T17:02:57","date_gmt":"2026-04-19T22:02:57","guid":{"rendered":"https:\/\/conexion-mx.com\/?p=3857"},"modified":"2026-04-19T17:02:57","modified_gmt":"2026-04-19T22:02:57","slug":"inauguran-la-edicion-41-del-festival-internacional-de-cine-de-guadalajara","status":"publish","type":"post","link":"https:\/\/conexion-mx.com\/?p=3857","title":{"rendered":"Inauguran la edici\u00f3n 41 del Festival Internacional de Cine de Guadalajara"},"content":{"rendered":"<p> <br \/>\n<\/p>\n<div>\n<p>Con la presencia de actores como <strong>Kate del Castillo, Edgar Ram\u00edrez, Cristo Fern\u00e1ndez, Diana Bovio y el director Fernando Eimbcke<\/strong>, se llev\u00f3 a cabo la ceremonia de inauguraci\u00f3n de la edici\u00f3n 41 del <strong>Festival Internacional de Cine de Guadalajara.<\/strong><\/p>\n<p><strong>Ver\u00f3nica Delgadillo<\/strong>, presidenta municipal de <strong>Guadalajara<\/strong>, comparti\u00f3 algunas palabras con motivo de la <strong>inauguraci\u00f3n<\/strong>. \u201cEste espacio se ha convertido en un punto de <strong>encuentro <\/strong>para quienes <strong>imaginan <\/strong>crear y creer en el poder del arte para transformar. Porque el <strong>cine <\/strong>no solo nos cuenta historias. El cine nos hace sentir, nos hace pensar, imaginar, so\u00f1ar y muchas veces enriquece nuestra <strong>historia<\/strong>\u201d.<\/p>\n<aside class=\"htmlinline\"\/>\n<p>Por su parte, el presidente municipal de <strong>Zapopan<\/strong>, Juan Jos\u00e9 Frangie, coment\u00f3: \u201cHoy m\u00e1s que nunca, las industrias creativas son las <strong>industrias <\/strong>del presente y del futuro. Por eso hemos decidido apostar por ellas con acciones concretas. Somos el \u00fanico <strong>gobierno municipal <\/strong>del pa\u00eds que cuenta con una direcci\u00f3n de industrias creativas y con un \u00e1rea especializada en el impulso del <strong>sector audiovisual<\/strong>\u201d.<\/p>\n<aside class=\"relacionadas con-foto linea-1078\"><strong class=\"relacionadas-titulo-gral\">Noticias Relacionadas<\/strong><\/aside>\n<blockquote><p>&#13;<\/p>\n<p>\u201cTodo esto forma parte de una visi\u00f3n muy clara: construir la ciudad de las ni\u00f1as y los ni\u00f1os, una ciudad donde el <strong>acceso <\/strong>al <strong>arte <\/strong>y a la cultura no ser\u00e1 un privilegio, sino una herramienta para formar personas. Porque cuando apoyamos el cine y las industrias creativas, tambi\u00e9n impulsamos el talento, la innovaci\u00f3n y nuevas oportunidades para nuevas generaciones\u201d, agreg\u00f3.<\/p>\n<p>&#13;\n<\/p><\/blockquote>\n<p>La directora general del festival, <strong>Estrella Araiza Brise\u00f1o,<\/strong> reafirm\u00f3 su <strong>compromiso <\/strong>con el evento. \u201cSeguimos construyendo un festival donde la diferencia no nos separe, sino que nos <strong>fortalezca<\/strong>, donde cada <strong>historia <\/strong>tenga un lugar y cada persona tambi\u00e9n. Gracias por <strong>acompa\u00f1arnos <\/strong>en este camino. Sigamos imaginando juntos el futuro del <strong>cine<\/strong>\u201d.<\/p>\n<p>Durante la inauguraci\u00f3n tambi\u00e9n se condecoraron a varias figuras del cine, como fue el caso de<strong> Luisa Huertas<\/strong>, quien recibi\u00f3 el Mayahuel de Plata por su trayectoria en el cine mexicano. \u201cLo mejor que me ha pasado en la vida ha sido ser madre. Gracias, familia, hija, por c\u00f3mo me han apoyado siempre. Aunado a esto, haber decidido desde ni\u00f1a ser <strong>actriz<\/strong>. Ahora, al recibir este reconocimiento me siento plena de <strong>gratitud<\/strong>, alegr\u00eda y me hace <strong>pensar <\/strong>que ha valido la pena\u201d, mencion\u00f3.<\/p>\n<p>Y a\u00f1adi\u00f3: \u201c<strong>Actuar <\/strong>es mi forma de vida y lo he hecho con plena conciencia y responsabilidad. El <strong>cine <\/strong>recoge el devenir de la humanidad, retrata el alma de los seres humanos con <strong>defectos <\/strong>y con <strong>cualidades<\/strong>\u201d.<\/p>\n<p>El <strong>cineasta chileno Pablo Larra\u00edn<\/strong> recibi\u00f3 el homenaje iberoamericano y expres\u00f3: \u201cQuiero compartir esto con mi hermano, quien ha producido todo lo que he dirigido en mi vida. Ser\u00eda <strong>imposible <\/strong>imaginarme sin su <strong>presencia<\/strong>, su cari\u00f1o, su talento y su trabajo, as\u00ed como sin todo el equipo de <strong>F\u00e1bula<\/strong>, con el que hemos construido algo muy valioso\u201d.&#13;<br \/>\n&#13;\n<\/p>\n<p><strong>Maite Alberdi<\/strong> tambi\u00e9n recibi\u00f3 el homenaje internacional. \u201cMuchas gracias al festival por este <strong>reconocimiento<\/strong>. El festival de <strong>Guadalajara <\/strong>ha sido un espacio para reflexionar sobre el <strong>cine <\/strong>y la <strong>realidad <\/strong>que es mi materia prima. <strong>M\u00e9xico <\/strong>ha sido una extensi\u00f3n de <strong>Chile<\/strong>, una industria que me ha acogido y me ha acompa\u00f1ado en todas mis obras\u201d, dijo.&#13;<br \/>\n&#13;\n<\/p>\n<p>El actor venezolano <strong>Edgar Ram\u00edrez<\/strong> obtuvo el mismo reconocimiento. Al recibirlo, declar\u00f3 estar \u201cmuy emocionado y confundido. No estoy seguro de qu\u00e9 hago aqu\u00ed y si soy realmente merecedor de esto. Esto pasa en el festival m\u00e1s antiguo de M\u00e9xico, en un pa\u00eds que para m\u00ed significa tanto y est\u00e1 tan profundamente ligado a mi carrera como actor. Soy actor por un mexicano. <strong>Guillermo Arriaga<\/strong> me convenci\u00f3 de intentar ser actor y aqu\u00ed seguimos\u201d.&#13;<br \/>\n&#13;\n<\/p>\n<p>Adem\u00e1s, comparti\u00f3 un mensaje de apoyo a sus <strong>compatriotas<\/strong>. \u201cNadie quiere irse de su hogar a la fuerza. Nadie deja atr\u00e1s su casa, su idioma, sus afectos, sus muertos o la vida que imagin\u00f3 para s\u00ed mismo, a menos que quedarse se haya vuelto imposible. El exilio no es solamente cambiar de lugar, es aprender a vivir con un desgarro permanente\u201d.&#13;<br \/>\n&#13;<br \/>\n&#13;\n                                <\/p>\n<\/p><\/div>\n<p><script>\n    !function(f,b,e,v,n,t,s)\n    {if(f.fbq)return;n=f.fbq=function(){n.callMethod?\n    n.callMethod.apply(n,arguments):n.queue.push(arguments)};\n    if(!f._fbq)f._fbq=n;n.push=n;n.loaded=!0;n.version='2.0';\n    n.queue=[];t=b.createElement(e);t.async=!0;\n    t.src=v;s=b.getElementsByTagName(e)[0];\n    s.parentNode.insertBefore(t,s)}(window, document,'script',\n    'https:\/\/connect.facebook.net\/en_US\/fbevents.js');\n    fbq('init', '237927003583820');\n    fbq('track', 'PageView');\n  <\/script><br \/>\n<br \/><\/p>\n","protected":false},"excerpt":{"rendered":"<p>Con la presencia de actores como Kate del Castillo, Edgar Ram\u00edrez, Cristo Fern\u00e1ndez, Diana Bovio y el director Fernando Eimbcke, se llev\u00f3 a cabo la ceremonia de inauguraci\u00f3n de la edici\u00f3n 41 del Festival Internacional de Cine de Guadalajara. Ver\u00f3nica Delgadillo, presidenta municipal de Guadalajara, comparti\u00f3 algunas palabras con motivo de la inauguraci\u00f3n. \u201cEste espacio [&hellip;]<\/p>\n","protected":false},"author":4,"featured_media":3858,"comment_status":"","ping_status":"","sticky":false,"template":"","format":"standard","meta":{"footnotes":""},"categories":[33],"tags":[],"class_list":["post-3857","post","type-post","status-publish","format-standard","has-post-thumbnail","hentry","category-cultura"],"_links":{"self":[{"href":"https:\/\/conexion-mx.com\/index.php?rest_route=\/wp\/v2\/posts\/3857","targetHints":{"allow":["GET"]}}],"collection":[{"href":"https:\/\/conexion-mx.com\/index.php?rest_route=\/wp\/v2\/posts"}],"about":[{"href":"https:\/\/conexion-mx.com\/index.php?rest_route=\/wp\/v2\/types\/post"}],"author":[{"embeddable":true,"href":"https:\/\/conexion-mx.com\/index.php?rest_route=\/wp\/v2\/users\/4"}],"replies":[{"embeddable":true,"href":"https:\/\/conexion-mx.com\/index.php?rest_route=%2Fwp%2Fv2%2Fcomments&post=3857"}],"version-history":[{"count":0,"href":"https:\/\/conexion-mx.com\/index.php?rest_route=\/wp\/v2\/posts\/3857\/revisions"}],"wp:featuredmedia":[{"embeddable":true,"href":"https:\/\/conexion-mx.com\/index.php?rest_route=\/wp\/v2\/media\/3858"}],"wp:attachment":[{"href":"https:\/\/conexion-mx.com\/index.php?rest_route=%2Fwp%2Fv2%2Fmedia&parent=3857"}],"wp:term":[{"taxonomy":"category","embeddable":true,"href":"https:\/\/conexion-mx.com\/index.php?rest_route=%2Fwp%2Fv2%2Fcategories&post=3857"},{"taxonomy":"post_tag","embeddable":true,"href":"https:\/\/conexion-mx.com\/index.php?rest_route=%2Fwp%2Fv2%2Ftags&post=3857"}],"curies":[{"name":"wp","href":"https:\/\/api.w.org\/{rel}","templated":true}]}}