{"id":3859,"date":"2026-04-19T17:56:10","date_gmt":"2026-04-19T22:56:10","guid":{"rendered":"https:\/\/conexion-mx.com\/?p=3859"},"modified":"2026-04-19T17:56:10","modified_gmt":"2026-04-19T22:56:10","slug":"sheinbaum-visita-supercomputadora-en-barcelona-para-impulsar-proyecto-coatlicue","status":"publish","type":"post","link":"https:\/\/conexion-mx.com\/?p=3859","title":{"rendered":"Sheinbaum visita supercomputadora en Barcelona para impulsar proyecto Coatlicue"},"content":{"rendered":"<p> <br \/>\n<\/p>\n<div>\n<p>La <strong>Presidenta Claudia Sheinbaum Pardo visit\u00f3 el Centro Nacional de Supercomputaci\u00f3n de Barcelona<\/strong> (<strong>BSC-CNS, por sus siglas en ingl\u00e9<\/strong>b), como parte de la colaboraci\u00f3n con el <strong>Gobierno de M\u00e9xico <\/strong>para el desarrollo de la <strong>supercomputadora mexicana Coatlicue<\/strong>, que ayudar\u00e1 al desarrollo nacional y cient\u00edfico.<\/p>\n<p>\u201cEstamos en la <strong>Universidad Polit\u00e9cnica de Catalu\u00f1a<\/strong>, en el <strong>Centro de Superc\u00f3mputo<\/strong>, que nos estamos hermanando para hacer el <strong>proyecto Coatlicue en M\u00e9xico<\/strong>, que es la gran supercomputadora que va a ayudar al desarrollo cient\u00edfico y al desarrollo del pa\u00eds\u201d, dijo a trav\u00e9s de un video en sus redes sociales, grabado en la escultura de una cabeza Olmeca donada por la Universidad de Veracruz al BSC.<\/p>\n<aside class=\"htmlinline\"\/>\n<p>Como parte de la visita, la<strong> Jefa del Ejecutivo Federal <\/strong>realiz\u00f3 un recorrido por la supercomputadora<strong> Mare Nostrum 5 <\/strong>y por los ordenadores cu\u00e1nticos. Adem\u00e1s, en el encuentro se dialog\u00f3 con acad\u00e9micos sobre proyectos de <strong>colaboraci\u00f3n cient\u00edfica<\/strong> entre <strong>M\u00e9xico<\/strong> y el <strong>BSC-CNS<\/strong>.<\/p>\n<div class=\"image-align-center\">\n<figure class=\"image\"><img loading=\"lazy\" decoding=\"async\" alt=\"\" height=\"453\" src=\"https:\/\/heraldodemexico.com.mx\/u\/fotografias\/m\/2026\/4\/19\/f768x1-1273926_1274053_5050.jpeg\" width=\"680\"\/>&#13;<figcaption>En el encuentro se dialog\u00f3 con acad\u00e9micos sobre proyectos de colaboraci\u00f3n cient\u00edfica entre M\u00e9xico y el BSC-CNS. Foto: Especial<\/figcaption>&#13;<br \/>\n<\/figure>\n<\/div>\n<h2><strong>M\u00e9xico<\/strong> y <strong>Barcelona<\/strong> fortalecen cooperaci\u00f3n para el desarrollo tecnol\u00f3gico<\/h2>\n<p>Durante la visita de la mandataria mexicana al <strong>BSC-CNS<\/strong> estuvieron presentes, el director de esa instituci\u00f3n, Mateo Valero; el presidente del Gobierno de la Generalitat de Catalu\u00f1a, Salvador Illa; la ministra de Ciencia, Innovaci\u00f3n y Universidades del Gobierno de Espa\u00f1a, Diana Morant; la consejera de Investigaci\u00f3n y Universidades del Gobierno de la Generalitat de Catalu\u00f1a, N\u00faria Montserrat; el alcalde de Barcelona, Jaume Collboni; y como invitado especial Joan Manuel Serrat.\u00a0<\/p>\n<p>En su visita, la <strong>Jefa del Ejecutivo Federal <\/strong>estuvo acompa\u00f1ada por el secretario de Relaciones Exteriores, Roberto Velasco \u00c1lvarez; el jefe de la Oficina de la Presidencia de la Rep\u00fablica, L\u00e1zaro C\u00e1rdenas Batel, el embajador de M\u00e9xico en Espa\u00f1a, Quirino Ordaz Coppel y el c\u00f3nsul general de M\u00e9xico en Barcelona, Alfonso Navarro.\u00a0<\/p>\n<div class=\"image-align-center\">\n<figure class=\"image\"><img loading=\"lazy\" decoding=\"async\" alt=\"\" height=\"453\" src=\"https:\/\/heraldodemexico.com.mx\/u\/fotografias\/m\/2026\/4\/19\/f768x1-1273927_1274054_5050.jpeg\" width=\"680\"\/>&#13;<figcaption>El Gobierno de M\u00e9xico suscribi\u00f3 un convenio de colaboraci\u00f3n con el\u00a0BSC-CNS para la creaci\u00f3n del Centro Mexicano de Superc\u00f3mputo. Foto: Especial<\/figcaption>&#13;<br \/>\n<\/figure>\n<\/div>\n<h2><strong>Centro Mexicano de Superc\u00f3mputo <\/strong>avanza con apoyo internacional<\/h2>\n<p>En <strong>noviembre de 2025<\/strong>, el <strong>Gobierno de M\u00e9xico<\/strong> suscribi\u00f3 un convenio de colaboraci\u00f3n con el\u00a0<strong>BSC-CNS<\/strong> para la creaci\u00f3n del <strong>Centro Mexicano de Superc\u00f3mputo<\/strong>.<\/p>\n<p>A trav\u00e9s de la <strong>Agencia de Transformaci\u00f3n Digital y Telecomunicaciones<\/strong> (<strong>ATDT<\/strong>) y la <strong>Secretar\u00eda de Ciencia, Humanidades, Tecnolog\u00eda e Innovaci\u00f3n<\/strong> (<strong>Secihti<\/strong>), M\u00e9xico desarrolla la supercomputadora p\u00fablica mexicana\u00a0<strong>Coatlicue<\/strong>,\u00a0que ser\u00e1 la m\u00e1s poderosa de Am\u00e9rica Latina, operada por mexicanas y mexicanos que se forman en el\u00a0<strong>Centro Nacional de Supercomputaci\u00f3n de Barcelona<\/strong>.<\/p>\n<\/p><\/div>\n<p><script>\n    !function(f,b,e,v,n,t,s)\n    {if(f.fbq)return;n=f.fbq=function(){n.callMethod?\n    n.callMethod.apply(n,arguments):n.queue.push(arguments)};\n    if(!f._fbq)f._fbq=n;n.push=n;n.loaded=!0;n.version='2.0';\n    n.queue=[];t=b.createElement(e);t.async=!0;\n    t.src=v;s=b.getElementsByTagName(e)[0];\n    s.parentNode.insertBefore(t,s)}(window, document,'script',\n    'https:\/\/connect.facebook.net\/en_US\/fbevents.js');\n    fbq('init', '237927003583820');\n    fbq('track', 'PageView');\n  <\/script><script>\n    !function(f,b,e,v,n,t,s)\n    {if(f.fbq)return;n=f.fbq=function(){n.callMethod?\n    n.callMethod.apply(n,arguments):n.queue.push(arguments)};\n    if(!f._fbq)f._fbq=n;n.push=n;n.loaded=!0;n.version='2.0';\n    n.queue=[];t=b.createElement(e);t.async=!0;\n    t.src=v;s=b.getElementsByTagName(e)[0];\n    s.parentNode.insertBefore(t,s)}(window, document,'script',\n    'https:\/\/connect.facebook.net\/en_US\/fbevents.js');\n    fbq('init', '802372280934901');\n    fbq('track', 'PageView');\n    <\/script><br \/>\n<br \/><\/p>\n","protected":false},"excerpt":{"rendered":"<p>La Presidenta Claudia Sheinbaum Pardo visit\u00f3 el Centro Nacional de Supercomputaci\u00f3n de Barcelona (BSC-CNS, por sus siglas en ingl\u00e9b), como parte de la colaboraci\u00f3n con el Gobierno de M\u00e9xico para el desarrollo de la supercomputadora mexicana Coatlicue, que ayudar\u00e1 al desarrollo nacional y cient\u00edfico. \u201cEstamos en la Universidad Polit\u00e9cnica de Catalu\u00f1a, en el Centro de [&hellip;]<\/p>\n","protected":false},"author":2,"featured_media":3860,"comment_status":"","ping_status":"","sticky":false,"template":"","format":"standard","meta":{"footnotes":""},"categories":[2],"tags":[],"class_list":["post-3859","post","type-post","status-publish","format-standard","has-post-thumbnail","hentry","category-local"],"_links":{"self":[{"href":"https:\/\/conexion-mx.com\/index.php?rest_route=\/wp\/v2\/posts\/3859","targetHints":{"allow":["GET"]}}],"collection":[{"href":"https:\/\/conexion-mx.com\/index.php?rest_route=\/wp\/v2\/posts"}],"about":[{"href":"https:\/\/conexion-mx.com\/index.php?rest_route=\/wp\/v2\/types\/post"}],"author":[{"embeddable":true,"href":"https:\/\/conexion-mx.com\/index.php?rest_route=\/wp\/v2\/users\/2"}],"replies":[{"embeddable":true,"href":"https:\/\/conexion-mx.com\/index.php?rest_route=%2Fwp%2Fv2%2Fcomments&post=3859"}],"version-history":[{"count":0,"href":"https:\/\/conexion-mx.com\/index.php?rest_route=\/wp\/v2\/posts\/3859\/revisions"}],"wp:featuredmedia":[{"embeddable":true,"href":"https:\/\/conexion-mx.com\/index.php?rest_route=\/wp\/v2\/media\/3860"}],"wp:attachment":[{"href":"https:\/\/conexion-mx.com\/index.php?rest_route=%2Fwp%2Fv2%2Fmedia&parent=3859"}],"wp:term":[{"taxonomy":"category","embeddable":true,"href":"https:\/\/conexion-mx.com\/index.php?rest_route=%2Fwp%2Fv2%2Fcategories&post=3859"},{"taxonomy":"post_tag","embeddable":true,"href":"https:\/\/conexion-mx.com\/index.php?rest_route=%2Fwp%2Fv2%2Ftags&post=3859"}],"curies":[{"name":"wp","href":"https:\/\/api.w.org\/{rel}","templated":true}]}}