{"id":3863,"date":"2026-04-20T09:58:45","date_gmt":"2026-04-20T14:58:45","guid":{"rendered":"https:\/\/conexion-mx.com\/?p=3863"},"modified":"2026-04-20T09:58:45","modified_gmt":"2026-04-20T14:58:45","slug":"sheinbaum-se-reunira-el-martes-con-gasolineros-ante-el-aumento-en-el-precio-del-diesel","status":"publish","type":"post","link":"https:\/\/conexion-mx.com\/?p=3863","title":{"rendered":"Sheinbaum se reunir\u00e1 el martes con gasolineros ante el aumento en el precio del di\u00e9sel"},"content":{"rendered":"<p> <br \/>\n<\/p>\n<div>\n<p>La presidenta <strong>Claudia Sheinbaum Pardo<\/strong> anunci\u00f3 que este martes se reunir\u00e1 con empresarios gasolineros ante el alza del\u00a0precio del di\u00e9sel, \u201cno puede estarse pasando\u201d y se trabaja para bajar el precio de <strong>28 pesos el litro<\/strong>.<\/p>\n<p>En la conferencia en <strong>Palacio Nacional, C\u00e9sar Iv\u00e1n Escalante Ruiz<\/strong>, titular de la Procuradur\u00eda Federal del Consumidor (Profeco), est\u00e1 en promedio el litro de di\u00e9sel en 28.50 peso y se le est\u00e1 haciendo un seguimiento especial.<\/p>\n<aside class=\"htmlinline\"\/>\n<p>\u201cNo hay raz\u00f3n de ser para el precio que est\u00e1n poniendo en el di\u00e9sel muchas gasolineras. No tiene raz\u00f3n de ser. Se est\u00e1 dando un apoyo de disminuci\u00f3n del IEPS basado en una f\u00f3rmula que se estableci\u00f3 desde hace tiempo. Es decir, se est\u00e1n destinando recursos p\u00fablicos para subsidiar el di\u00e9sel, y, sin embargo, muchos gasolineros est\u00e1n poniendo el precio del di\u00e9sel muy alto. Entonces, ahora estamos con lonas, pero tambi\u00e9n vamos a hacer, pues, toda la revisi\u00f3n de por qu\u00e9 es esta raz\u00f3n, con el SAT y con todas las instituciones que tiene el gobierno de M\u00e9xico\u201d, afirm\u00f3.<\/p>\n<div class=\"image-align-center\">\n<figure class=\"image\"><img loading=\"lazy\" decoding=\"async\" alt=\"\" height=\"441\" src=\"https:\/\/heraldodemexico.com.mx\/u\/fotografias\/m\/2026\/4\/20\/f768x1-1274104_1274231_5050.png\" width=\"768\"\/>&#13;<figcaption>Foto: Gobierno de M\u00e9xico<\/figcaption>&#13;<br \/>\n<\/figure>\n<\/div>\n<h2>Revisar\u00e1n alza al precio del di\u00e9sel<\/h2>\n<p>La <strong>presidenta Sheinbaum Pardo<\/strong> dijo que este martes por la tarde sostendr\u00e1 un encuentro con los gasolineros ya que \u201cno tienen por qu\u00e9 estar poniendo el di\u00e9sel en este en este nivel\u201d<\/p>\n<p>\u201cDecirle a los consumidores que carguen di\u00e9sel, en donde hay precios accesibles que est\u00e1n dentro del margen. Y, adem\u00e1s, estaba en 100 d\u00f3lares el precio de el petr\u00f3leo mexicano, hoy est\u00e1 en 88, y estamos revisando con secretar\u00eda de hacienda para poder incluso disminuir m\u00e1s de 28 pesos. O sea, todav\u00eda que cueste menos el di\u00e9sel. Entonces, ma\u00f1ana nos reunimos y no pueden estarse pasando en este precio, que representa, pues, un impacto a todo el transporte de mercanc\u00edas en el pa\u00eds\u201d, asegur\u00f3<\/p>\n<p><strong>El titular de Profeco<\/strong> explic\u00f3 que se realiza un monitoreo a nivel nacional del <strong>precio del di\u00e9sel<\/strong>.<\/p>\n<p>\u201cAqu\u00ed hay un esfuerzo muy importante que hemos estado trabajando con los gasolineros. Ya tenemos un 54.6 por ciento de cumplimiento de de de estaciones de servicio que venden el di\u00e9sel en menos de 28.28 centavos. De 28.29 a 28.50, un 11.44. Es decir, ya tenemos un 65 por ciento de estaciones que venden en menos de 28.50 a, pero todav\u00eda tenemos un 34.50 que vende en m\u00e1s de 28.51 centavos\u201d, dijo.<\/p>\n<p>Afirm\u00f3 que se mantiene dialog\u00f3 permanente con los gasolineros y se mantiene la estrategia de colocaci\u00f3n de lonas en estaciones donde est\u00e1n altos los precios de los combustibles.&#13;<br \/>\n&#13;\n<\/p>\n<p>\u201cSeguimos fortaleciendo nuestro monitoreo de 44 visitas. Hemos colocado 14 lonas con las estaciones que se est\u00e1n volando, la verdad, con los precios. Recordar que este es un procedimiento que inicia un d\u00eda antes de la colocaci\u00f3n de la lona, en donde se le solicita informaci\u00f3n a los proveedores de por qu\u00e9 est\u00e1n vendiendo tan caro\u201d, indic\u00f3.&#13;<br \/>\n&#13;\n<\/p>\n<p>\u201cSe analiza toda la informaci\u00f3n comercial, y en caso de que no coincida con el margen de ganancia, es cuando se le coloca la lona. Vamos a continuar, se colocan tambi\u00e9n sellos de advertencia y vamos a fortalecer este monitoreo\u201d, a\u00f1adi\u00f3.&#13;<br \/>\n&#13;\n<\/p>\n<p>Dijo que canasta PACIC se mantiene por en 910 pesos.&#13;<br \/>\n&#13;<br \/>\n&#13;\n                                <\/p>\n<\/p><\/div>\n<p><script>\n    !function(f,b,e,v,n,t,s)\n    {if(f.fbq)return;n=f.fbq=function(){n.callMethod?\n    n.callMethod.apply(n,arguments):n.queue.push(arguments)};\n    if(!f._fbq)f._fbq=n;n.push=n;n.loaded=!0;n.version='2.0';\n    n.queue=[];t=b.createElement(e);t.async=!0;\n    t.src=v;s=b.getElementsByTagName(e)[0];\n    s.parentNode.insertBefore(t,s)}(window, document,'script',\n    'https:\/\/connect.facebook.net\/en_US\/fbevents.js');\n    fbq('init', '237927003583820');\n    fbq('track', 'PageView');\n  <\/script><script>\n    !function(f,b,e,v,n,t,s)\n    {if(f.fbq)return;n=f.fbq=function(){n.callMethod?\n    n.callMethod.apply(n,arguments):n.queue.push(arguments)};\n    if(!f._fbq)f._fbq=n;n.push=n;n.loaded=!0;n.version='2.0';\n    n.queue=[];t=b.createElement(e);t.async=!0;\n    t.src=v;s=b.getElementsByTagName(e)[0];\n    s.parentNode.insertBefore(t,s)}(window, document,'script',\n    'https:\/\/connect.facebook.net\/en_US\/fbevents.js');\n    fbq('init', '802372280934901');\n    fbq('track', 'PageView');\n    <\/script><br \/>\n<br \/><\/p>\n","protected":false},"excerpt":{"rendered":"<p>La presidenta Claudia Sheinbaum Pardo anunci\u00f3 que este martes se reunir\u00e1 con empresarios gasolineros ante el alza del\u00a0precio del di\u00e9sel, \u201cno puede estarse pasando\u201d y se trabaja para bajar el precio de 28 pesos el litro. En la conferencia en Palacio Nacional, C\u00e9sar Iv\u00e1n Escalante Ruiz, titular de la Procuradur\u00eda Federal del Consumidor (Profeco), est\u00e1 [&hellip;]<\/p>\n","protected":false},"author":2,"featured_media":3864,"comment_status":"","ping_status":"","sticky":false,"template":"","format":"standard","meta":{"footnotes":""},"categories":[2],"tags":[],"class_list":["post-3863","post","type-post","status-publish","format-standard","has-post-thumbnail","hentry","category-local"],"_links":{"self":[{"href":"https:\/\/conexion-mx.com\/index.php?rest_route=\/wp\/v2\/posts\/3863","targetHints":{"allow":["GET"]}}],"collection":[{"href":"https:\/\/conexion-mx.com\/index.php?rest_route=\/wp\/v2\/posts"}],"about":[{"href":"https:\/\/conexion-mx.com\/index.php?rest_route=\/wp\/v2\/types\/post"}],"author":[{"embeddable":true,"href":"https:\/\/conexion-mx.com\/index.php?rest_route=\/wp\/v2\/users\/2"}],"replies":[{"embeddable":true,"href":"https:\/\/conexion-mx.com\/index.php?rest_route=%2Fwp%2Fv2%2Fcomments&post=3863"}],"version-history":[{"count":0,"href":"https:\/\/conexion-mx.com\/index.php?rest_route=\/wp\/v2\/posts\/3863\/revisions"}],"wp:featuredmedia":[{"embeddable":true,"href":"https:\/\/conexion-mx.com\/index.php?rest_route=\/wp\/v2\/media\/3864"}],"wp:attachment":[{"href":"https:\/\/conexion-mx.com\/index.php?rest_route=%2Fwp%2Fv2%2Fmedia&parent=3863"}],"wp:term":[{"taxonomy":"category","embeddable":true,"href":"https:\/\/conexion-mx.com\/index.php?rest_route=%2Fwp%2Fv2%2Fcategories&post=3863"},{"taxonomy":"post_tag","embeddable":true,"href":"https:\/\/conexion-mx.com\/index.php?rest_route=%2Fwp%2Fv2%2Ftags&post=3863"}],"curies":[{"name":"wp","href":"https:\/\/api.w.org\/{rel}","templated":true}]}}