{"id":3865,"date":"2026-04-20T14:33:05","date_gmt":"2026-04-20T19:33:05","guid":{"rendered":"https:\/\/conexion-mx.com\/?p=3865"},"modified":"2026-04-20T14:33:05","modified_gmt":"2026-04-20T19:33:05","slug":"angela-aguilar-habria-corrido-a-nodal-de-su-rancho-en-zacatecas-filtran-conversaciones","status":"publish","type":"post","link":"https:\/\/conexion-mx.com\/?p=3865","title":{"rendered":"\u00c1ngela Aguilar habr\u00eda corrido a Nodal de su rancho en Zacatecas; filtran conversaciones"},"content":{"rendered":"<p> <br \/>\n<\/p>\n<div>\n<p>Los nombres de <strong>Christian Nodal y \u00c1ngela Aguilar <\/strong>se volvieron a poner en <strong>tendencia <\/strong>entre el p\u00fablico tras el estreno de \u2018Un vals\u2019, la <strong>nueva canci\u00f3n del mariache\u00f1o<\/strong> y aunque su letra hab\u00eda emocionado a muchos porque estar\u00eda dedicada a su esposa, en redes se desat\u00f3 la pol\u00e9mica tras el estreno del video musical en el que aparece una modelo id\u00e9ntica a Cazzu, ex novia y madre de la hija del cantante.\u00a0<\/p>\n<p>Desde entonces ha crecido el <strong>rumor <\/strong>de una supuesta <strong>tensi\u00f3n <\/strong>entre los esposos que inici\u00f3 cuando el periodista Gustavo Adolfo Infante habl\u00f3 de una supuesta <strong>separaci\u00f3n entre ambos.<\/strong> Aunque la versi\u00f3n no ha sido confirmada por los involucrados, sus familias o sus equipos, las especulaciones y <strong>rumores <\/strong>no paran de crecer y ahora se filtraron unos chats que ser\u00edan la prueba definitiva de que <strong>hay problemas en el para\u00edso.\u00a0<\/strong><\/p>\n<aside class=\"htmlinline\"\/>\n<p>Y es que seg\u00fan se ha dado a conocer en las \u00faltimas horas, tras la <strong>tensi\u00f3n <\/strong>que provoc\u00f3 el <strong>videoclip de Nodal <\/strong>supuestamente ocasion\u00f3 que<strong> \u00c1ngela Aguilar corriera a su esposo de su hogar, <\/strong>es decir, el<strong> rancho en Zacatecas <\/strong>donde viven los cantantes. Aqu\u00ed te contamos todos los detalles, pero te recordamos que no se trata de una postura oficial.\u00a0<\/p>\n<h2>\u00bfQu\u00e9 se sabe del supuesto divorcio de Nodal y \u00c1ngela Aguilar?<\/h2>\n<p>Hasta ahora <strong>no hay una versi\u00f3n oficial<\/strong> que confirme que el matrimonio est\u00e1 pensando en el divorcio, sino simples <strong>especulaciones<\/strong>. Una de las m\u00e1s fuertes sobre la <strong>supuesta separaci\u00f3n de los esposos la filtr\u00f3 Reina Venenosa<\/strong> al compartir una serie de mensajes que recibi\u00f3 de gente supuestamente cercana a los empleados del rancho de \u00c1ngela que hablan de una pelea fuerte.\u00a0<\/p>\n<blockquote><p>&#13;<\/p>\n<p>\u201cYa <strong>en el rancho se corri\u00f3 el rumor que Christian y \u00c1ngela se pelearon<\/strong> y que se van a separar. Me dice que real s\u00ed se pelearon, pues la gente del rancho confirman\u201d, sentenci\u00f3 la fuente an\u00f3nima a Reina Venenosa.\u00a0<\/p>\n<p>&#13;\n<\/p><\/blockquote>\n<p>De acuerdo con los <strong>detalles <\/strong>del mensaje, la tensi\u00f3n entre los esposos no solo escal\u00f3 a una pelea, sino que incluso la<strong> hija de Pepe Aguilar le habr\u00eda pedido a Nodal que se fuera del lugar,<\/strong> tanto as\u00ed que aparentemente \u00e9l ya se habr\u00eda llevado todas sus cosas.\u00a0<\/p>\n<blockquote><p>&#13;<\/p>\n<p>\u201cMand\u00f3 sacar la ropa de Christian del rancho, que le dio un cl\u00f3set a \u00e9l y que todo ya lo sac\u00f3\u201d, revel\u00f3 la persona quien cita como fuente a un trabajador del rancho de la int\u00e9rprete y quien accedi\u00f3 a que sus declaraciones salieran a la luz.\u00a0<\/p>\n<p>&#13;\n<\/p><\/blockquote>\n<figure class=\"image\"><img loading=\"lazy\" decoding=\"async\" alt=\"\" height=\"435\" src=\"https:\/\/heraldodemexico.com.mx\/u\/fotografias\/m\/2026\/4\/20\/f768x1-1274151_1274278_5050.jpeg\" width=\"768\"\/>&#13;<figcaption>Estos son los mensajes que se filtraron. (Foto: IG @reinaveneenosa y @angela_aguilar_)<\/figcaption>&#13;<br \/>\n<\/figure>\n<p>Hasta ahora no se tienen m\u00e1s detalles de la informaci\u00f3n revelada por <strong>Reina Venenosa <\/strong>a trav\u00e9s de Instagram; sin embargo, las <strong>especulaciones <\/strong>no dejan de crecer en redes sociales. Adem\u00e1s, este fin de semana la <strong>periodista Flor Rubio<\/strong> dio a conocer que pese a ponerse en contacto con la oficina de <strong>Nodal<\/strong>, no ha recibido respuesta alguna.\u00a0&#13;<br \/>\n&#13;\n<\/p>\n<blockquote><p>&#13;<\/p>\n<p>\u201cYo sigo esperando una reacci\u00f3n por parte de la oficina de Nodal que me han contestado: \u2018Hola, s\u00ed, estoy a la espera de indicaciones\u2019, pero no me han dicho: \u2018No, siguen juntos\u2019, alguna informaci\u00f3n no me la han confirmado\u201d, dijo.\u00a0&#13;\n<\/p>\n<\/blockquote>\n<p>Cabe aclarar que <strong>Flor Rubio<\/strong> y su equipo hablaban sobre un video de 2022 que se viraliz\u00f3 este fin de semana en el que se ve a Nodal saliendo de un hotel con una modelo, algo que desat\u00f3 la pol\u00e9mica en redes, aunque los fans recuerdan que el clip no es reciente.&#13;<br \/>\n&#13;<br \/>\n&#13;\n                                <\/p>\n<\/p><\/div>\n<p><script>\n    !function(f,b,e,v,n,t,s)\n    {if(f.fbq)return;n=f.fbq=function(){n.callMethod?\n    n.callMethod.apply(n,arguments):n.queue.push(arguments)};\n    if(!f._fbq)f._fbq=n;n.push=n;n.loaded=!0;n.version='2.0';\n    n.queue=[];t=b.createElement(e);t.async=!0;\n    t.src=v;s=b.getElementsByTagName(e)[0];\n    s.parentNode.insertBefore(t,s)}(window, document,'script',\n    'https:\/\/connect.facebook.net\/en_US\/fbevents.js');\n    fbq('init', '237927003583820');\n    fbq('track', 'PageView');\n  <\/script><script>\n    !function(f,b,e,v,n,t,s)\n    {if(f.fbq)return;n=f.fbq=function(){n.callMethod?\n    n.callMethod.apply(n,arguments):n.queue.push(arguments)};\n    if(!f._fbq)f._fbq=n;n.push=n;n.loaded=!0;n.version='2.0';\n    n.queue=[];t=b.createElement(e);t.async=!0;\n    t.src=v;s=b.getElementsByTagName(e)[0];\n    s.parentNode.insertBefore(t,s)}(window, document,'script',\n    'https:\/\/connect.facebook.net\/en_US\/fbevents.js');\n    fbq('init', '775201487065840');\n    fbq('track', 'PageView');\n    <\/script><br \/>\n<br \/><\/p>\n","protected":false},"excerpt":{"rendered":"<p>Los nombres de Christian Nodal y \u00c1ngela Aguilar se volvieron a poner en tendencia entre el p\u00fablico tras el estreno de \u2018Un vals\u2019, la nueva canci\u00f3n del mariache\u00f1o y aunque su letra hab\u00eda emocionado a muchos porque estar\u00eda dedicada a su esposa, en redes se desat\u00f3 la pol\u00e9mica tras el estreno del video musical en [&hellip;]<\/p>\n","protected":false},"author":3,"featured_media":3866,"comment_status":"","ping_status":"","sticky":false,"template":"","format":"standard","meta":{"footnotes":""},"categories":[35],"tags":[],"class_list":["post-3865","post","type-post","status-publish","format-standard","has-post-thumbnail","hentry","category-espectaculos"],"_links":{"self":[{"href":"https:\/\/conexion-mx.com\/index.php?rest_route=\/wp\/v2\/posts\/3865","targetHints":{"allow":["GET"]}}],"collection":[{"href":"https:\/\/conexion-mx.com\/index.php?rest_route=\/wp\/v2\/posts"}],"about":[{"href":"https:\/\/conexion-mx.com\/index.php?rest_route=\/wp\/v2\/types\/post"}],"author":[{"embeddable":true,"href":"https:\/\/conexion-mx.com\/index.php?rest_route=\/wp\/v2\/users\/3"}],"replies":[{"embeddable":true,"href":"https:\/\/conexion-mx.com\/index.php?rest_route=%2Fwp%2Fv2%2Fcomments&post=3865"}],"version-history":[{"count":0,"href":"https:\/\/conexion-mx.com\/index.php?rest_route=\/wp\/v2\/posts\/3865\/revisions"}],"wp:featuredmedia":[{"embeddable":true,"href":"https:\/\/conexion-mx.com\/index.php?rest_route=\/wp\/v2\/media\/3866"}],"wp:attachment":[{"href":"https:\/\/conexion-mx.com\/index.php?rest_route=%2Fwp%2Fv2%2Fmedia&parent=3865"}],"wp:term":[{"taxonomy":"category","embeddable":true,"href":"https:\/\/conexion-mx.com\/index.php?rest_route=%2Fwp%2Fv2%2Fcategories&post=3865"},{"taxonomy":"post_tag","embeddable":true,"href":"https:\/\/conexion-mx.com\/index.php?rest_route=%2Fwp%2Fv2%2Ftags&post=3865"}],"curies":[{"name":"wp","href":"https:\/\/api.w.org\/{rel}","templated":true}]}}