{"id":3867,"date":"2026-04-20T18:17:20","date_gmt":"2026-04-20T23:17:20","guid":{"rendered":"https:\/\/conexion-mx.com\/?p=3867"},"modified":"2026-04-20T18:17:20","modified_gmt":"2026-04-20T23:17:20","slug":"alianza-entre-inecc-amexcid-y-jica-impulsa-expertos-en-calidad-del-aire-en-mexico","status":"publish","type":"post","link":"https:\/\/conexion-mx.com\/?p=3867","title":{"rendered":"Alianza entre INECC, AMEXCID y JICA impulsa expertos en calidad del aire en M\u00e9xico"},"content":{"rendered":"<p> <br \/>\n<\/p>\n<div itemprop=\"articleBody\">\n<div class=\"txt_contenido\">\n<p>El<strong> Instituto Nacional de Ecolog\u00eda y Cambio Clim\u00e1tico (INECC)<\/strong> imparti\u00f3 la segunda edici\u00f3n\u00a0del <strong>Curso Internacional para el Fortalecimiento de la Gobernanza en el Control de la Calidad del Aire<\/strong>, con la participaci\u00f3n de <strong>15 especialistas de 8 pa\u00edses en la regi\u00f3n Mesoamericana.\u00a0<\/strong><\/p>\n<p>Durante una semana, los participantes <strong>se<\/strong> <strong>capacitaron<\/strong> en el<strong> manejo, validaci\u00f3n y an\u00e1lisis de datos de calidad del aire, <\/strong>con sesiones sobre el funcionamiento de estaciones de monitoreo, <strong>aseguramiento de calidad y procesamiento de informaci\u00f3n atmosf\u00e9rica.<\/strong><\/p>\n<aside class=\"htmlinline\"\/>\n<p>El programa incluy\u00f3 visitas t\u00e9cnicas a <strong>laboratorios especializados y unidades m\u00f3viles equipadas con tecnolog\u00eda de punta para la evaluaci\u00f3n del aire en zonas con mayores retos ambientales.\u00a0<\/strong><\/p>\n<h2>Planes de acci\u00f3n concretos para mejorar el aire en cada pa\u00eds<\/h2>\n<p>Al concluir el curso, cada participante present\u00f3 un plan de acci\u00f3n con medidas espec\u00edficas para su pa\u00eds las acciones principales incluyen <strong>modernizar las redes de monitoreo, definir nuevos puntos de medici\u00f3n, mejorar el manejo y difusi\u00f3n de datos<\/strong>, fortalecer la<strong> coordinaci\u00f3n entre instituciones y continuar la capacitaci\u00f3n t\u00e9cnica.<\/strong><\/p>\n<p class=\"image-align-center\"><img loading=\"lazy\" decoding=\"async\" alt=\"\" height=\"400\" src=\"https:\/\/heraldodemexico.com.mx\/u\/fotografias\/m\/2026\/1\/9\/f768x400-1230889_1274792_5050.jpg\" width=\"768\"\/><\/p>\n<p>Tambi\u00e9n se identific\u00f3 como pendiente mejorar el dise\u00f1o de estas redes y <strong>actualizar los inventarios de emisiones.<\/strong><\/p>\n<h2>M\u00e9xico como referente regional en pol\u00edtica ambiental basada en evidencia<\/h2>\n<p>En la ceremonia de clausura y entrega de reconocimientos estuvieron presentes <strong>Jos\u00e9 Abraham Ort\u00ednez, encargado de despacho de la Direcci\u00f3n General del\u00a0INECC; Karla L\u00f3pez, en representaci\u00f3n del\u00a0Proyecto Mesoam\u00e9rica; Norio Yonezaki, asesor senior del\u00a0JMPP; y Ana Ayala, directora de Cooperaci\u00f3n Sur\u2013Sur y Alianza del Pac\u00edfico de\u00a0AMEXCID.<\/strong><\/p>\n<p>Con estas acciones, el\u00a0<strong>INECC<\/strong>\u00a0reafirma su compromiso de <strong>fortalecer las capacidades t\u00e9cnicas y cient\u00edficas en calidad del aire, <\/strong>promover la cooperaci\u00f3n internacional y respaldar pol\u00edticas p\u00fablicas basadas en evidencia para <strong>proteger la salud de la poblaci\u00f3n y el medio ambiente en la regi\u00f3n.<\/strong>&#13;<br \/>\n&#13;<br \/>\n&#13;\n                                <\/p>\n<\/p><\/div>\n<\/p><\/div>\n<p><script>\n    !function(f,b,e,v,n,t,s)\n    {if(f.fbq)return;n=f.fbq=function(){n.callMethod?\n    n.callMethod.apply(n,arguments):n.queue.push(arguments)};\n    if(!f._fbq)f._fbq=n;n.push=n;n.loaded=!0;n.version='2.0';\n    n.queue=[];t=b.createElement(e);t.async=!0;\n    t.src=v;s=b.getElementsByTagName(e)[0];\n    s.parentNode.insertBefore(t,s)}(window, document,'script',\n    'https:\/\/connect.facebook.net\/en_US\/fbevents.js');\n    fbq('init', '237927003583820');\n    fbq('track', 'PageView');\n  <\/script><script>\n    !function(f,b,e,v,n,t,s)\n    {if(f.fbq)return;n=f.fbq=function(){n.callMethod?\n    n.callMethod.apply(n,arguments):n.queue.push(arguments)};\n    if(!f._fbq)f._fbq=n;n.push=n;n.loaded=!0;n.version='2.0';\n    n.queue=[];t=b.createElement(e);t.async=!0;\n    t.src=v;s=b.getElementsByTagName(e)[0];\n    s.parentNode.insertBefore(t,s)}(window, document,'script',\n    'https:\/\/connect.facebook.net\/en_US\/fbevents.js');\n    fbq('init', '802372280934901');\n    fbq('track', 'PageView');\n    <\/script><br \/>\n<br \/><\/p>\n","protected":false},"excerpt":{"rendered":"<p>El Instituto Nacional de Ecolog\u00eda y Cambio Clim\u00e1tico (INECC) imparti\u00f3 la segunda edici\u00f3n\u00a0del Curso Internacional para el Fortalecimiento de la Gobernanza en el Control de la Calidad del Aire, con la participaci\u00f3n de 15 especialistas de 8 pa\u00edses en la regi\u00f3n Mesoamericana.\u00a0 Durante una semana, los participantes se capacitaron en el manejo, validaci\u00f3n y an\u00e1lisis [&hellip;]<\/p>\n","protected":false},"author":2,"featured_media":3868,"comment_status":"","ping_status":"","sticky":false,"template":"","format":"standard","meta":{"footnotes":""},"categories":[2],"tags":[],"class_list":["post-3867","post","type-post","status-publish","format-standard","has-post-thumbnail","hentry","category-local"],"_links":{"self":[{"href":"https:\/\/conexion-mx.com\/index.php?rest_route=\/wp\/v2\/posts\/3867","targetHints":{"allow":["GET"]}}],"collection":[{"href":"https:\/\/conexion-mx.com\/index.php?rest_route=\/wp\/v2\/posts"}],"about":[{"href":"https:\/\/conexion-mx.com\/index.php?rest_route=\/wp\/v2\/types\/post"}],"author":[{"embeddable":true,"href":"https:\/\/conexion-mx.com\/index.php?rest_route=\/wp\/v2\/users\/2"}],"replies":[{"embeddable":true,"href":"https:\/\/conexion-mx.com\/index.php?rest_route=%2Fwp%2Fv2%2Fcomments&post=3867"}],"version-history":[{"count":0,"href":"https:\/\/conexion-mx.com\/index.php?rest_route=\/wp\/v2\/posts\/3867\/revisions"}],"wp:featuredmedia":[{"embeddable":true,"href":"https:\/\/conexion-mx.com\/index.php?rest_route=\/wp\/v2\/media\/3868"}],"wp:attachment":[{"href":"https:\/\/conexion-mx.com\/index.php?rest_route=%2Fwp%2Fv2%2Fmedia&parent=3867"}],"wp:term":[{"taxonomy":"category","embeddable":true,"href":"https:\/\/conexion-mx.com\/index.php?rest_route=%2Fwp%2Fv2%2Fcategories&post=3867"},{"taxonomy":"post_tag","embeddable":true,"href":"https:\/\/conexion-mx.com\/index.php?rest_route=%2Fwp%2Fv2%2Ftags&post=3867"}],"curies":[{"name":"wp","href":"https:\/\/api.w.org\/{rel}","templated":true}]}}