{"id":3869,"date":"2026-04-20T20:05:24","date_gmt":"2026-04-21T01:05:24","guid":{"rendered":"https:\/\/conexion-mx.com\/?p=3869"},"modified":"2026-04-20T20:05:24","modified_gmt":"2026-04-21T01:05:24","slug":"banco-plata-rompe-record-en-el-zocalo-con-andrea-bocelli-ante-mas-de-300-mil-personas","status":"publish","type":"post","link":"https:\/\/conexion-mx.com\/?p=3869","title":{"rendered":"Banco Plata rompe r\u00e9cord en el Z\u00f3calo con Andrea Bocelli ante m\u00e1s de 300 mil personas"},"content":{"rendered":"<p> <br \/>\n<\/p>\n<div>\n<p>La plancha del<strong> Z\u00f3calo de la Ciudad de M\u00e9xico <\/strong>se convirti\u00f3 en el escenario de una de las noches musicales m\u00e1s multitudinarias de los \u00faltimos a\u00f1os al reunir a m\u00e1s de 300 mil personas para el concierto de <strong>Andrea Bocelli<\/strong>, en un evento respaldado por Banco Plata que hizo historia al consolidar el concierto m\u00e1s grande realizado en este espacio.<\/p>\n<p>La velada recorri\u00f3 tres d\u00e9cadas de trayectoria del tenor italiano con un programa que combin\u00f3 \u00f3pera, cumbia, pop y momentos orquestales. Desde el inicio el tono se defini\u00f3 con piezas cl\u00e1sicas del repertorio de Giuseppe Verdi como \u201cLa donna \u00e8 mobile\u201d y fragmentos de Il trovatore interpretados con acompa\u00f1amiento de la <strong>Orquesta del Palacio de Miner\u00eda<\/strong>.<\/p>\n<aside class=\"htmlinline\"\/>\n<p class=\"image-align-center\"><img loading=\"lazy\" decoding=\"async\" alt=\"\" height=\"512\" src=\"https:\/\/heraldodemexico.com.mx\/u\/fotografias\/m\/2026\/4\/20\/f768x1-1274213_1274340_5050.jpg\" width=\"768\"\/><\/p>\n<p>A lo largo del concierto, Bocelli estuvo acompa\u00f1ado por la <strong>soprano Larisa Mart\u00ednez y el bar\u00edtono Juan Carlos Heredia<\/strong>, quienes se integraron en distintos momentos con duetos de obras como La traviata y Carmen, manteniendo la estructura cl\u00e1sica del programa.<\/p>\n<p>La ejecuci\u00f3n incluy\u00f3 piezas de gran formato como Carmina Burana as\u00ed como la participaci\u00f3n de la violinista Rusanda Panfili con \u201cLibertango\u201d mientras intervenciones coreogr\u00e1ficas aportaron dinamismo esc\u00e9nico durante la noche.<\/p>\n<p>Uno de los momentos clave ocurri\u00f3 tras una pausa en la que Bocelli dej\u00f3 el escenario y la orquesta continu\u00f3 con una secci\u00f3n instrumental. El silencio dio paso a un cambio de ritmo cuando la plancha del Z\u00f3calo se ilumin\u00f3 para recibir a <strong>Los \u00c1ngeles Azules y Ximena Sari\u00f1ana<\/strong>, quienes interpretaron \u201cMis sentimientos\u201d desatando la respuesta del p\u00fablico.<\/p>\n<p class=\"image-align-center\"><img loading=\"lazy\" decoding=\"async\" alt=\"\" height=\"511\" src=\"https:\/\/heraldodemexico.com.mx\/u\/fotografias\/m\/2026\/4\/20\/f768x1-1274218_1274345_5050.jpg\" width=\"768\"\/><\/p>\n<p>Durante este bloque, Sari\u00f1ana agradeci\u00f3 la presencia de los asistentes y destac\u00f3 la colaboraci\u00f3n entre artistas y <strong>Banco Plata <\/strong>para hacer posible un encuentro de esta magnitud. M\u00e1s adelante, Bocelli regres\u00f3 al escenario para participar con flauta transversal mientras la cantante interpret\u00f3 \u201cWhat a Wonderful World\u201d en uno de los momentos m\u00e1s inesperados del programa.&#13;<br \/>\n&#13;\n<\/p>\n<p>La fusi\u00f3n continu\u00f3 con \u201cVivo por ella\u201d interpretada junto a Los \u00c1ngeles Azules en una versi\u00f3n adaptada al ritmo de cumbia, seguida por miles de voces en la plancha del <strong>Z\u00f3calo<\/strong>.&#13;<br \/>\n&#13;\n<\/p>\n<p>En la recta final el tenor realiz\u00f3 una primera despedida pero ante la insistencia del p\u00fablico regres\u00f3 para interpretar \u201cPor ti volar\u00e9\u201d, uno de los momentos m\u00e1s emotivos de la noche. El cierre lleg\u00f3 con \u201cNessun dorma\u201d, del compositor <strong>Giacomo Puccini.<\/strong>&#13;<br \/>\n&#13;\n<\/p>\n<p class=\"image-align-center\"><img loading=\"lazy\" decoding=\"async\" alt=\"\" height=\"511\" src=\"https:\/\/heraldodemexico.com.mx\/u\/fotografias\/m\/2026\/4\/20\/f768x1-1274219_1274346_5050.jpg\" width=\"768\"\/>&#13;<br \/>\n&#13;\n<\/p>\n<p>La plancha permaneci\u00f3 llena hasta el \u00faltimo minuto en una noche que no solo recorri\u00f3 distintos g\u00e9neros musicales, sino que tambi\u00e9n marc\u00f3 un precedente en la historia de los espect\u00e1culos masivos en la Ciudad de M\u00e9xico, con Banco Plata como impulsor de un evento cultural de acceso p\u00fablico y de escala sin precedentes.&#13;<br \/>\n&#13;\n<\/p>\n<p>MMV&#13;<br \/>\n&#13;<br \/>\n&#13;\n                                <\/p>\n<\/p><\/div>\n<p><script>\n    !function(f,b,e,v,n,t,s)\n    {if(f.fbq)return;n=f.fbq=function(){n.callMethod?\n    n.callMethod.apply(n,arguments):n.queue.push(arguments)};\n    if(!f._fbq)f._fbq=n;n.push=n;n.loaded=!0;n.version='2.0';\n    n.queue=[];t=b.createElement(e);t.async=!0;\n    t.src=v;s=b.getElementsByTagName(e)[0];\n    s.parentNode.insertBefore(t,s)}(window, document,'script',\n    'https:\/\/connect.facebook.net\/en_US\/fbevents.js');\n    fbq('init', '237927003583820');\n    fbq('track', 'PageView');\n  <\/script><script>\n    !function(f,b,e,v,n,t,s)\n    {if(f.fbq)return;n=f.fbq=function(){n.callMethod?\n    n.callMethod.apply(n,arguments):n.queue.push(arguments)};\n    if(!f._fbq)f._fbq=n;n.push=n;n.loaded=!0;n.version='2.0';\n    n.queue=[];t=b.createElement(e);t.async=!0;\n    t.src=v;s=b.getElementsByTagName(e)[0];\n    s.parentNode.insertBefore(t,s)}(window, document,'script',\n    'https:\/\/connect.facebook.net\/en_US\/fbevents.js');\n    fbq('init', '1188480345046653');\n    fbq('track', 'PageView');\n    <\/script><br \/>\n<br \/><\/p>\n","protected":false},"excerpt":{"rendered":"<p>La plancha del Z\u00f3calo de la Ciudad de M\u00e9xico se convirti\u00f3 en el escenario de una de las noches musicales m\u00e1s multitudinarias de los \u00faltimos a\u00f1os al reunir a m\u00e1s de 300 mil personas para el concierto de Andrea Bocelli, en un evento respaldado por Banco Plata que hizo historia al consolidar el concierto m\u00e1s [&hellip;]<\/p>\n","protected":false},"author":3,"featured_media":3870,"comment_status":"","ping_status":"","sticky":false,"template":"","format":"standard","meta":{"footnotes":""},"categories":[34],"tags":[],"class_list":["post-3869","post","type-post","status-publish","format-standard","has-post-thumbnail","hentry","category-sociedad"],"_links":{"self":[{"href":"https:\/\/conexion-mx.com\/index.php?rest_route=\/wp\/v2\/posts\/3869","targetHints":{"allow":["GET"]}}],"collection":[{"href":"https:\/\/conexion-mx.com\/index.php?rest_route=\/wp\/v2\/posts"}],"about":[{"href":"https:\/\/conexion-mx.com\/index.php?rest_route=\/wp\/v2\/types\/post"}],"author":[{"embeddable":true,"href":"https:\/\/conexion-mx.com\/index.php?rest_route=\/wp\/v2\/users\/3"}],"replies":[{"embeddable":true,"href":"https:\/\/conexion-mx.com\/index.php?rest_route=%2Fwp%2Fv2%2Fcomments&post=3869"}],"version-history":[{"count":0,"href":"https:\/\/conexion-mx.com\/index.php?rest_route=\/wp\/v2\/posts\/3869\/revisions"}],"wp:featuredmedia":[{"embeddable":true,"href":"https:\/\/conexion-mx.com\/index.php?rest_route=\/wp\/v2\/media\/3870"}],"wp:attachment":[{"href":"https:\/\/conexion-mx.com\/index.php?rest_route=%2Fwp%2Fv2%2Fmedia&parent=3869"}],"wp:term":[{"taxonomy":"category","embeddable":true,"href":"https:\/\/conexion-mx.com\/index.php?rest_route=%2Fwp%2Fv2%2Fcategories&post=3869"},{"taxonomy":"post_tag","embeddable":true,"href":"https:\/\/conexion-mx.com\/index.php?rest_route=%2Fwp%2Fv2%2Ftags&post=3869"}],"curies":[{"name":"wp","href":"https:\/\/api.w.org\/{rel}","templated":true}]}}