{"id":3871,"date":"2026-04-21T02:44:05","date_gmt":"2026-04-21T07:44:05","guid":{"rendered":"https:\/\/conexion-mx.com\/?p=3871"},"modified":"2026-04-21T02:44:05","modified_gmt":"2026-04-21T07:44:05","slug":"publican-lista-de-finalistas-a-consejeros-del-ine","status":"publish","type":"post","link":"https:\/\/conexion-mx.com\/?p=3871","title":{"rendered":"Publican lista de finalistas a consejeros del INE"},"content":{"rendered":"<p> <br \/>\n<\/p>\n<div>\n<p>La Junta de Coordinaci\u00f3n Pol\u00edtica de la C\u00e1mara de Diputados (Jucopo) de la dio a conocer las tres quintetas de los aspirantes a consejeros del <strong>Instituto Nacional Electoral (INE).\u00a0<\/strong><\/p>\n<p>En la <strong>primera quinteta<\/strong>, conformada s\u00f3lo por hombres, se encuentran: Arturo Manuel Ch\u00e1vez L\u00f3pez, director de Talleres Gr\u00e1ficos de M\u00e9xico; Armando Hern\u00e1ndez Cruz, expresidente del Tribunal Electoral de la Ciudad de Mexico y que entra como discapacidad; Juan Manuel Guerrero Jim\u00e9nez;<strong> Armando Xavier Maldonado Acosta<\/strong>, Director Jur\u00eddico del Instituto Electoral y de Participaci\u00f3n Ciudadana de Tabasco (IEPCT); y Daniel Preciado Temiquel, magistrado del Tribunal Electoral de Guerrero.\u00a0<\/p>\n<aside class=\"htmlinline\"\/>\n<p>La<strong> segunda quinteta<\/strong>, que est\u00e1 conformada por mujeres, son: Blanca Yassahara Cruz Garc\u00eda, la consejera presidenta del Instituto Electoral del Estado de Puebla (IEE); Laura Daniella Dur\u00e1n Ceja, consejera electoral del Estado de M\u00e9xico; Miriam Guadalupe Hinojosa Diek, ex Consejera Electoral de la Comisi\u00f3n Estatal Electoral de Nuevo Le\u00f3n; Marta Alejandra Tello Mendoza, Jefa de la Unidad de Investigaci\u00f3n de la Escuela Judicial Electoral del TEPJF y quien entra por discapacidad; y Mar\u00eda Magdalena Vila Dom\u00ednguez, consejera del instituto electoral de <strong>Chiapas<\/strong>.\u00a0<\/p>\n<aside class=\"relacionadas con-foto linea-1078\"><strong class=\"relacionadas-titulo-gral\">Noticias Relacionadas<\/strong><\/aside>\n<p>La <strong>tercera quinteta<\/strong>, es mixta, donde aparecen: Bernardo Valle Monroy, ex consejero electoral de la Ciudad de M\u00e9xico y quien redact\u00f3 el Plan A de Claudia Sheinbaum; Armando Ambriz Hern\u00e1ndez, presidente del Tribunal electoral de la capital; Silvia Guadalupe Bustos V\u00e1zquez, consejera electoral de Jalisco; Claudia D\u00edaz Tablada, magistrada electoral de Veracruz; y Frida Denise G\u00f3mez Puga, la titular del <strong>\u00d3rgano Interno de Control del Instituto Electoral de Tamaulipas.\u00a0<\/strong><\/p>\n<h2>Dar\u00e1n a conocer acuerdo pr\u00f3ximo martes\u00a0<\/h2>\n<p>El presidente de la Jucopo, <strong>Ricardo Monreal<\/strong> inform\u00f3 que este martes se reunir\u00e1n a las 14:30 horas con los coordinadores parlamentarios de las distintas fuerzas para llegar a un acuerdo y seleccionar a una persona de cada una de las quintetas.\u00a0<\/p>\n<p>Posteriormente, dijo, enviar\u00e1n una terna al pleno que deber\u00e1 ser avalada por mayor\u00eda calificada, que son 334 de los 500 legisladores.\u00a0<\/p>\n<blockquote><p>&#13;<\/p>\n<p>\u201cPor la tarde vamos a intentar construir el acuerdo; a las dos y media yo les plantear\u00e9 alguna propuesta a ver si me acompa\u00f1an\u201d, refiri\u00f3.\u00a0<\/p>\n<p>&#13;\n<\/p><\/blockquote>\n<p>Ante cuestionamientos de la oposici\u00f3n sobre los criterios de selecci\u00f3n, el coordinador respald\u00f3 el trabajo del comit\u00e9 t\u00e9cnico de evaluaci\u00f3n dijo que \u201ccreo que el comit\u00e9 de evaluaci\u00f3n cumpli\u00f3 con su trabajo\u2026 actu\u00f3 de manera profesional, no le veo ning\u00fan sesgo\u201d.\u00a0&#13;<br \/>\n&#13;\n<\/p>\n<h2>Destacan proceso y decisi\u00f3n un\u00e1nime en renovaci\u00f3n de consejeros del INE<\/h2>\n<p>A\u00f1adi\u00f3 que el proceso incluy\u00f3 \u201cex\u00e1menes de idoneidad, ex\u00e1menes escritos, entrevistas\u201d, y destac\u00f3 que la decisi\u00f3n fue un\u00e1nime.&#13;<br \/>\n&#13;\n<\/p>\n<p>Tambi\u00e9n descart\u00f3 solicitar explicaciones formales, \u201cnos sentimos satisfechos con su trabajo\u201d.&#13;<br \/>\n&#13;\n<\/p>\n<p>Al salir de la reuni\u00f3n que dur\u00f3 poco m\u00e1s de 30 minutos, el coordinador del PAN, <strong>El\u00edas Lixa <\/strong>se\u00f1al\u00f3 que los perfiles coinciden con los que hab\u00edan sido anticipados en medios de comunicaci\u00f3n, lo que calific\u00f3 como \u201cno sorpresivo\u201d.\u00a0&#13;<br \/>\n&#13;\n<\/p>\n<p>No obstante, evit\u00f3 emitir una valoraci\u00f3n de fondo hasta revisar a detalle la informaci\u00f3n de cada aspirante.&#13;<br \/>\n&#13;\n<\/p>\n<blockquote><p>&#13;<\/p>\n<p>\u201cEl problema m\u00e1s grave es que casualmente ma\u00f1ana propongan a las tres personas que han sido se\u00f1aladas con absoluto hiperv\u00ednculo con el gobierno. Probablemente sea una<strong> cr\u00f3nica de una terna cuatroteita anunciada<\/strong>\u201d, apunt\u00f3.\u00a0&#13;\n<\/p>\n<\/blockquote>\n<p>Asimismo, dijo que una de las quintetas no contiene una acci\u00f3n afirmativa como lo solicit\u00f3 el <strong>Tribunal Electoral<\/strong>, lo que podr\u00eda derivar en dificultades jur\u00eddicas para cumplir con el procedimiento.&#13;<br \/>\n&#13;\n<\/p>\n<p>Por su parte, el coordinador del PRI,<strong> Rub\u00e9n Moreira<\/strong> manifest\u00f3 su rechazo al proceso de selecci\u00f3n de aspirantes, al se\u00f1alar que su bancada no est\u00e1 conforme con la forma en que se llevaron a cabo las evaluaciones.&#13;<br \/>\n&#13;\n<\/p>\n<p>Indic\u00f3 que desconoce los criterios utilizados para definir los perfiles incluidos en las quintetas, as\u00ed como la manera en que se lleg\u00f3 a las propuestas presentadas.\u00a0&#13;<br \/>\n&#13;\n<\/p>\n<p>Adelant\u00f3 que no acompa\u00f1ar\u00e1n la eventual votaci\u00f3n de los perfiles.&#13;<br \/>\n&#13;\n<\/p>\n<blockquote><p>&#13;<\/p>\n<p>\u201cQue los voten aquellos que est\u00e9n de acuerdo con el proceso\u201d, concluy\u00f3.&#13;\n<\/p>\n<\/blockquote><\/div>\n<p><script>\n    !function(f,b,e,v,n,t,s)\n    {if(f.fbq)return;n=f.fbq=function(){n.callMethod?\n    n.callMethod.apply(n,arguments):n.queue.push(arguments)};\n    if(!f._fbq)f._fbq=n;n.push=n;n.loaded=!0;n.version='2.0';\n    n.queue=[];t=b.createElement(e);t.async=!0;\n    t.src=v;s=b.getElementsByTagName(e)[0];\n    s.parentNode.insertBefore(t,s)}(window, document,'script',\n    'https:\/\/connect.facebook.net\/en_US\/fbevents.js');\n    fbq('init', '237927003583820');\n    fbq('track', 'PageView');\n  <\/script><script>\n    !function(f,b,e,v,n,t,s)\n    {if(f.fbq)return;n=f.fbq=function(){n.callMethod?\n    n.callMethod.apply(n,arguments):n.queue.push(arguments)};\n    if(!f._fbq)f._fbq=n;n.push=n;n.loaded=!0;n.version='2.0';\n    n.queue=[];t=b.createElement(e);t.async=!0;\n    t.src=v;s=b.getElementsByTagName(e)[0];\n    s.parentNode.insertBefore(t,s)}(window, document,'script',\n    'https:\/\/connect.facebook.net\/en_US\/fbevents.js');\n    fbq('init', '802372280934901');\n    fbq('track', 'PageView');\n    <\/script><br \/>\n<br \/><\/p>\n","protected":false},"excerpt":{"rendered":"<p>La Junta de Coordinaci\u00f3n Pol\u00edtica de la C\u00e1mara de Diputados (Jucopo) de la dio a conocer las tres quintetas de los aspirantes a consejeros del Instituto Nacional Electoral (INE).\u00a0 En la primera quinteta, conformada s\u00f3lo por hombres, se encuentran: Arturo Manuel Ch\u00e1vez L\u00f3pez, director de Talleres Gr\u00e1ficos de M\u00e9xico; Armando Hern\u00e1ndez Cruz, expresidente del Tribunal [&hellip;]<\/p>\n","protected":false},"author":2,"featured_media":3872,"comment_status":"","ping_status":"","sticky":false,"template":"","format":"standard","meta":{"footnotes":""},"categories":[2],"tags":[],"class_list":["post-3871","post","type-post","status-publish","format-standard","has-post-thumbnail","hentry","category-local"],"_links":{"self":[{"href":"https:\/\/conexion-mx.com\/index.php?rest_route=\/wp\/v2\/posts\/3871","targetHints":{"allow":["GET"]}}],"collection":[{"href":"https:\/\/conexion-mx.com\/index.php?rest_route=\/wp\/v2\/posts"}],"about":[{"href":"https:\/\/conexion-mx.com\/index.php?rest_route=\/wp\/v2\/types\/post"}],"author":[{"embeddable":true,"href":"https:\/\/conexion-mx.com\/index.php?rest_route=\/wp\/v2\/users\/2"}],"replies":[{"embeddable":true,"href":"https:\/\/conexion-mx.com\/index.php?rest_route=%2Fwp%2Fv2%2Fcomments&post=3871"}],"version-history":[{"count":0,"href":"https:\/\/conexion-mx.com\/index.php?rest_route=\/wp\/v2\/posts\/3871\/revisions"}],"wp:featuredmedia":[{"embeddable":true,"href":"https:\/\/conexion-mx.com\/index.php?rest_route=\/wp\/v2\/media\/3872"}],"wp:attachment":[{"href":"https:\/\/conexion-mx.com\/index.php?rest_route=%2Fwp%2Fv2%2Fmedia&parent=3871"}],"wp:term":[{"taxonomy":"category","embeddable":true,"href":"https:\/\/conexion-mx.com\/index.php?rest_route=%2Fwp%2Fv2%2Fcategories&post=3871"},{"taxonomy":"post_tag","embeddable":true,"href":"https:\/\/conexion-mx.com\/index.php?rest_route=%2Fwp%2Fv2%2Ftags&post=3871"}],"curies":[{"name":"wp","href":"https:\/\/api.w.org\/{rel}","templated":true}]}}