{"id":3877,"date":"2026-04-21T10:45:03","date_gmt":"2026-04-21T15:45:03","guid":{"rendered":"https:\/\/conexion-mx.com\/?p=3877"},"modified":"2026-04-21T10:45:03","modified_gmt":"2026-04-21T15:45:03","slug":"rosa-icela-rodriguez-llama-positivo-al-encuentro-con-alto-comisionado-de-las-naciones-unidas-para-derechos-humanos","status":"publish","type":"post","link":"https:\/\/conexion-mx.com\/?p=3877","title":{"rendered":"Rosa Icela Rodr\u00edguez llama \u00abpositivo\u00bb al encuentro con alto comisionado de las Naciones Unidas para Derechos Humanos"},"content":{"rendered":"<p> <br \/>\n<\/p>\n<div itemprop=\"articleBody\">\n<div class=\"txt_contenido\">\n<p>La secretaria de <strong>Gobernaci\u00f3n<\/strong>, Rosa Icela Rodr\u00edguez calific\u00f3 de \u201c<strong>positiva<\/strong>\u201d la reuni\u00f3n con Volker T\u00fcrk, alto comisionado de las Naciones Unidas para los <strong>Derechos Humanos<\/strong>. En la conferencia de prensa en Palacio Nacional, la secretaria <strong>Rosa Icela Rodr\u00edguez<\/strong> se\u00f1al\u00f3 que se le expuso el trabajo del gobierno de M\u00e9xico para combatir las desapariciones y los cambios en las leyes.<\/p>\n<p>\u201cEl resultado fue positivo, lo primero fue exponer c\u00f3mo es el sistema de <strong>Derechos Humanos<\/strong> en M\u00e9xico, c\u00f3mo est\u00e1 este gran sistema que tenemos en M\u00e9xico y que se ha ido construyendo y que en la actualidad se ha reforzado, entonces, hablamos digamos de todos los temas y hubo muchas preguntas sobre discriminaci\u00f3n, sobre el tema de b\u00fasqueda, sobre el tema de v\u00edctimas, sobre migraci\u00f3n, sobre todos los programas los planes que tenemos en M\u00e9xico\u201d, explic\u00f3.<\/p>\n<aside class=\"htmlinline\"\/>\n<p>Rosa Icela Rodr\u00edguez dijo que se mantuvo la postura del gobierno de M\u00e9xico de rechazar el informe sobre desaparici\u00f3n forzada y de mantener la colaboraci\u00f3n con todas las agencias de la ONU.<\/p>\n<p>\u201cNo, no hubo as\u00ed como un tema, pero nosotros manifestamos la posici\u00f3n que hemos manifestado p\u00fablicamente de colaborar ampliamente con todos los organismos de Naciones Unidas\u201d, asever\u00f3.<\/p>\n<p>edg<\/p>\n<\/p><\/div>\n<\/p><\/div>\n<p><script>\n    !function(f,b,e,v,n,t,s)\n    {if(f.fbq)return;n=f.fbq=function(){n.callMethod?\n    n.callMethod.apply(n,arguments):n.queue.push(arguments)};\n    if(!f._fbq)f._fbq=n;n.push=n;n.loaded=!0;n.version='2.0';\n    n.queue=[];t=b.createElement(e);t.async=!0;\n    t.src=v;s=b.getElementsByTagName(e)[0];\n    s.parentNode.insertBefore(t,s)}(window, document,'script',\n    'https:\/\/connect.facebook.net\/en_US\/fbevents.js');\n    fbq('init', '237927003583820');\n    fbq('track', 'PageView');\n  <\/script><script>\n    !function(f,b,e,v,n,t,s)\n    {if(f.fbq)return;n=f.fbq=function(){n.callMethod?\n    n.callMethod.apply(n,arguments):n.queue.push(arguments)};\n    if(!f._fbq)f._fbq=n;n.push=n;n.loaded=!0;n.version='2.0';\n    n.queue=[];t=b.createElement(e);t.async=!0;\n    t.src=v;s=b.getElementsByTagName(e)[0];\n    s.parentNode.insertBefore(t,s)}(window, document,'script',\n    'https:\/\/connect.facebook.net\/en_US\/fbevents.js');\n    fbq('init', '802372280934901');\n    fbq('track', 'PageView');\n    <\/script><br \/>\n<br \/><\/p>\n","protected":false},"excerpt":{"rendered":"<p>La secretaria de Gobernaci\u00f3n, Rosa Icela Rodr\u00edguez calific\u00f3 de \u201cpositiva\u201d la reuni\u00f3n con Volker T\u00fcrk, alto comisionado de las Naciones Unidas para los Derechos Humanos. En la conferencia de prensa en Palacio Nacional, la secretaria Rosa Icela Rodr\u00edguez se\u00f1al\u00f3 que se le expuso el trabajo del gobierno de M\u00e9xico para combatir las desapariciones y los [&hellip;]<\/p>\n","protected":false},"author":2,"featured_media":3878,"comment_status":"","ping_status":"","sticky":false,"template":"","format":"standard","meta":{"footnotes":""},"categories":[2],"tags":[],"class_list":["post-3877","post","type-post","status-publish","format-standard","has-post-thumbnail","hentry","category-local"],"_links":{"self":[{"href":"https:\/\/conexion-mx.com\/index.php?rest_route=\/wp\/v2\/posts\/3877","targetHints":{"allow":["GET"]}}],"collection":[{"href":"https:\/\/conexion-mx.com\/index.php?rest_route=\/wp\/v2\/posts"}],"about":[{"href":"https:\/\/conexion-mx.com\/index.php?rest_route=\/wp\/v2\/types\/post"}],"author":[{"embeddable":true,"href":"https:\/\/conexion-mx.com\/index.php?rest_route=\/wp\/v2\/users\/2"}],"replies":[{"embeddable":true,"href":"https:\/\/conexion-mx.com\/index.php?rest_route=%2Fwp%2Fv2%2Fcomments&post=3877"}],"version-history":[{"count":0,"href":"https:\/\/conexion-mx.com\/index.php?rest_route=\/wp\/v2\/posts\/3877\/revisions"}],"wp:featuredmedia":[{"embeddable":true,"href":"https:\/\/conexion-mx.com\/index.php?rest_route=\/wp\/v2\/media\/3878"}],"wp:attachment":[{"href":"https:\/\/conexion-mx.com\/index.php?rest_route=%2Fwp%2Fv2%2Fmedia&parent=3877"}],"wp:term":[{"taxonomy":"category","embeddable":true,"href":"https:\/\/conexion-mx.com\/index.php?rest_route=%2Fwp%2Fv2%2Fcategories&post=3877"},{"taxonomy":"post_tag","embeddable":true,"href":"https:\/\/conexion-mx.com\/index.php?rest_route=%2Fwp%2Fv2%2Ftags&post=3877"}],"curies":[{"name":"wp","href":"https:\/\/api.w.org\/{rel}","templated":true}]}}