{"id":3881,"date":"2026-04-21T18:46:03","date_gmt":"2026-04-21T23:46:03","guid":{"rendered":"https:\/\/conexion-mx.com\/?p=3881"},"modified":"2026-04-21T18:46:03","modified_gmt":"2026-04-21T23:46:03","slug":"citlalli-hernandez-se-reune-con-coordinadores-de-morena-y-aliados","status":"publish","type":"post","link":"https:\/\/conexion-mx.com\/?p=3881","title":{"rendered":"Citlalli Hern\u00e1ndez se re\u00fane con coordinadores de Morena y aliados"},"content":{"rendered":"<p> <br \/>\n<\/p>\n<div itemprop=\"articleBody\">\n<div class=\"txt_contenido\">\n<p>La presidenta de la <strong>Comisi\u00f3n Nacional de Elecciones de Morena<\/strong>, Citlalli Hern\u00e1ndez acudi\u00f3 a la C\u00e1mara de Diputados para reunirse con los coordinadores de Morena y el Partido del Trabajo, <strong>Ricardo Monreal <\/strong>y Reginaldo Sandoval, respectivamente.\u00a0<\/p>\n<p>Esto en el marco de la conformaci\u00f3n de la terna para la elecci\u00f3n de tres nuevos consejeros electorales del <strong>Instituto Nacional Electoral (INE),<\/strong> donde los rumores se\u00f1alan que el <strong>PT <\/strong>es quien est\u00e1 trabando este proceso.\u00a0<\/p>\n<aside class=\"htmlinline\"\/>\n<h2>Hern\u00e1ndez asegur\u00f3 no tener conocimiento de cambios en Morena<\/h2>\n<p>Al cuestionarle si podr\u00eda confirmar que la dirigente nacional de su partido, <strong>Luisa Alcalde <\/strong>dejar\u00eda su cargo y en su lugar asumir\u00eda la secretar\u00eda de bienestar, Ariadna Montiel, la extitular de la secretar\u00eda de las mujeres neg\u00f3 tener conocimiento de esto.\u00a0-\u00bfNos podr\u00edas confirmar si Luisa se va a de Morena y llega Adriana Montiel?, se le pregunt\u00f3.\u00a0<\/p>\n<aside class=\"relacionadas con-foto linea-1078\"><strong class=\"relacionadas-titulo-gral\">Noticias Relacionadas<\/strong><\/aside>\n<p>-No lo s\u00e9, respondi\u00f3.\u00a0<\/p>\n<p>Asimismo, dijo que est\u00e1 \u201cya estamos en di\u00e1logo\u201d con sus aliados.\u00a0<\/p>\n<p>Cabe destacar que Hern\u00e1ndez Mora renunci\u00f3 a su cargo federal, con el objetivo de organizar la estructura electoral rumbo a 2027 y apoyar en la coordinaci\u00f3n de alianzas.<\/p>\n<\/p><\/div>\n<\/p><\/div>\n<p><script>\n    !function(f,b,e,v,n,t,s)\n    {if(f.fbq)return;n=f.fbq=function(){n.callMethod?\n    n.callMethod.apply(n,arguments):n.queue.push(arguments)};\n    if(!f._fbq)f._fbq=n;n.push=n;n.loaded=!0;n.version='2.0';\n    n.queue=[];t=b.createElement(e);t.async=!0;\n    t.src=v;s=b.getElementsByTagName(e)[0];\n    s.parentNode.insertBefore(t,s)}(window, document,'script',\n    'https:\/\/connect.facebook.net\/en_US\/fbevents.js');\n    fbq('init', '237927003583820');\n    fbq('track', 'PageView');\n  <\/script><script>\n    !function(f,b,e,v,n,t,s)\n    {if(f.fbq)return;n=f.fbq=function(){n.callMethod?\n    n.callMethod.apply(n,arguments):n.queue.push(arguments)};\n    if(!f._fbq)f._fbq=n;n.push=n;n.loaded=!0;n.version='2.0';\n    n.queue=[];t=b.createElement(e);t.async=!0;\n    t.src=v;s=b.getElementsByTagName(e)[0];\n    s.parentNode.insertBefore(t,s)}(window, document,'script',\n    'https:\/\/connect.facebook.net\/en_US\/fbevents.js');\n    fbq('init', '802372280934901');\n    fbq('track', 'PageView');\n    <\/script><br \/>\n<br \/><\/p>\n","protected":false},"excerpt":{"rendered":"<p>La presidenta de la Comisi\u00f3n Nacional de Elecciones de Morena, Citlalli Hern\u00e1ndez acudi\u00f3 a la C\u00e1mara de Diputados para reunirse con los coordinadores de Morena y el Partido del Trabajo, Ricardo Monreal y Reginaldo Sandoval, respectivamente.\u00a0 Esto en el marco de la conformaci\u00f3n de la terna para la elecci\u00f3n de tres nuevos consejeros electorales del [&hellip;]<\/p>\n","protected":false},"author":2,"featured_media":3882,"comment_status":"","ping_status":"","sticky":false,"template":"","format":"standard","meta":{"footnotes":""},"categories":[2],"tags":[],"class_list":["post-3881","post","type-post","status-publish","format-standard","has-post-thumbnail","hentry","category-local"],"_links":{"self":[{"href":"https:\/\/conexion-mx.com\/index.php?rest_route=\/wp\/v2\/posts\/3881","targetHints":{"allow":["GET"]}}],"collection":[{"href":"https:\/\/conexion-mx.com\/index.php?rest_route=\/wp\/v2\/posts"}],"about":[{"href":"https:\/\/conexion-mx.com\/index.php?rest_route=\/wp\/v2\/types\/post"}],"author":[{"embeddable":true,"href":"https:\/\/conexion-mx.com\/index.php?rest_route=\/wp\/v2\/users\/2"}],"replies":[{"embeddable":true,"href":"https:\/\/conexion-mx.com\/index.php?rest_route=%2Fwp%2Fv2%2Fcomments&post=3881"}],"version-history":[{"count":0,"href":"https:\/\/conexion-mx.com\/index.php?rest_route=\/wp\/v2\/posts\/3881\/revisions"}],"wp:featuredmedia":[{"embeddable":true,"href":"https:\/\/conexion-mx.com\/index.php?rest_route=\/wp\/v2\/media\/3882"}],"wp:attachment":[{"href":"https:\/\/conexion-mx.com\/index.php?rest_route=%2Fwp%2Fv2%2Fmedia&parent=3881"}],"wp:term":[{"taxonomy":"category","embeddable":true,"href":"https:\/\/conexion-mx.com\/index.php?rest_route=%2Fwp%2Fv2%2Fcategories&post=3881"},{"taxonomy":"post_tag","embeddable":true,"href":"https:\/\/conexion-mx.com\/index.php?rest_route=%2Fwp%2Fv2%2Ftags&post=3881"}],"curies":[{"name":"wp","href":"https:\/\/api.w.org\/{rel}","templated":true}]}}