{"id":3891,"date":"2026-04-22T18:51:57","date_gmt":"2026-04-22T23:51:57","guid":{"rendered":"https:\/\/conexion-mx.com\/?p=3891"},"modified":"2026-04-22T18:51:57","modified_gmt":"2026-04-22T23:51:57","slug":"congreso-cdmx-inicia-entrevistas-para-consejo-ciudadano-de-derechos-humanos","status":"publish","type":"post","link":"https:\/\/conexion-mx.com\/?p=3891","title":{"rendered":"Congreso CDMX inicia entrevistas para Consejo Ciudadano de Derechos Humanos"},"content":{"rendered":"<p> <br \/>\n<\/p>\n<div>\n<p>El <strong>Congreso de la Ciudad de M\u00e9xico <\/strong>puso en marcha la primera ronda de entrevistas a personas aspirantes a integrar el <strong>Consejo Ciudadano Honorario<\/strong> de la <strong>Comisi\u00f3n de Derechos Humanos capitalina<\/strong>, en un proceso que busca renovar este \u00f3rgano consultivo.<br \/>&#13;<br \/>\nDurante esta jornada comparecieron <strong>Saturnino Manuel Canto Chac, Marisol Aguilar Contreras, Roberto Borges Zurita, Alejandra Constanza Ancheita Pagaza, Mar\u00eda Sirvent Bravo Ahuja<\/strong> y<strong> Enrique Arcipreste Morales<\/strong>, quienes presentaron sus perfiles ante legisladores y personas integrantes del consejo.<\/p>\n<p>La convocatoria fue publicada el pasado<strong> 14 de abril<\/strong> y deriv\u00f3 en la validaci\u00f3n de <strong>37 aspirantes<\/strong> que cumplieron con los requisitos legales y documentales, cuyas entrevistas continuar\u00e1n los <strong>d\u00edas 24, 27 y 30 de abril <\/strong>bajo el principio de m\u00e1xima publicidad. En su exposici\u00f3n, <strong>Saturnino Manuel Canto Chac <\/strong>plante\u00f3 el fortalecimiento institucional de la <strong>Comisi\u00f3n<\/strong> como eje central, acompa\u00f1ado de una gesti\u00f3n p\u00fablica con enfoque de derechos humanos y mayor vinculaci\u00f3n con la ciudadan\u00eda.<\/p>\n<aside class=\"htmlinline\"\/>\n<blockquote><p>&#13;<\/p>\n<p>\u201cSe requiere tambi\u00e9n una gesti\u00f3n p\u00fablica con enfoque de <strong>derechos humanos<\/strong>. (\u2026) El fortalecimiento de los sujetos de exigibilidad de <strong>derechos<\/strong>\u201d, sostuvo.\u00a0<\/p>\n<p>&#13;\n<\/p><\/blockquote>\n<div class=\"image-align-center\">\n<figure class=\"image\"><img loading=\"lazy\" decoding=\"async\" alt=\"\" height=\"383\" src=\"https:\/\/heraldodemexico.com.mx\/u\/fotografias\/m\/2026\/4\/22\/f768x1-1275327_1275454_5050.png\" width=\"680\"\/>&#13;<figcaption>El Congreso de la Ciudad de M\u00e9xico puso en marcha la primera ronda de entrevistas. Foto: Congreso de la Ciudad de M\u00e9xico<\/figcaption>&#13;<br \/>\n<\/figure>\n<\/div>\n<h2>5 ejes de acci\u00f3n<\/h2>\n<p>Desde otra perspectiva, <strong>Marisol Aguilar Contreras<\/strong> coloc\u00f3 en el centro la desigualdad estructural y la necesidad de incorporar un enfoque antirracista e interseccional en la pol\u00edtica p\u00fablica de la capital.<\/p>\n<blockquote><p>&#13;<\/p>\n<p>\u201cHablar hoy de derechos humanos en la <strong>Ciudad de M\u00e9xico<\/strong> implica necesariamente hablar de desigualdad y discriminaci\u00f3n estructural\u201d, expuso.\u00a0<\/p>\n<p>&#13;\n<\/p><\/blockquote>\n<p>A su vez, <strong>Roberto Borges Zurita<\/strong> deline\u00f3 cinco ejes de acci\u00f3n orientados a robustecer a la <strong>Comisi\u00f3n<\/strong>, entre ellos la actualizaci\u00f3n de su marco normativo, la creaci\u00f3n de un observatorio especializado y una mayor presencia en el debate p\u00fablico. Dentro de ese planteamiento, tambi\u00e9n propuso reforzar la capacitaci\u00f3n de <strong>servidores p\u00fablicos<\/strong> y aprovechar herramientas internacionales para fortalecer la protecci\u00f3n de derechos humanos.\u00a0<\/p>\n<h2>Espacio de incidencia real<\/h2>\n<p>M\u00e1s adelante,<strong> Alejandra Constanza Ancheita Pagaza<\/strong> advirti\u00f3 que el <strong>Consejo Ciudadano Honorario <\/strong>no debe limitarse a una funci\u00f3n simb\u00f3lica, sino consolidarse como un espacio de incidencia real dentro de la Comisi\u00f3n.<\/p>\n<blockquote><p>&#13;<\/p>\n<p>\u201cNo concibo el consejo como un \u00f3rgano decorativo. (\u2026) Es una oportunidad para fortalecer de manera real la gobernanza de la <strong>Comisi\u00f3n<\/strong>\u201d, afirm\u00f3.\u00a0&#13;\n<\/p>\n<\/blockquote>\n<p>Con una trayectoria de m\u00e1s de <strong>25 a\u00f1os<\/strong>, <strong>Mar\u00eda Sirvent Bravo Ahuja <\/strong>enfatiz\u00f3 la necesidad de construir justicia desde el territorio y no \u00fanicamente desde los espacios institucionales.&#13;<br \/>\n&#13;\n<\/p>\n<blockquote><p>&#13;<\/p>\n<p>\u201cLa justicia no se construye solo desde los<strong> tribunales<\/strong> o los expedientes, sino desde el territorio, desde las personas\u201d, se\u00f1al\u00f3, al destacar la importancia de acercar las instituciones a quienes enfrentan mayores condiciones de<strong> vulnerabilidad<\/strong>.\u00a0&#13;\n<\/p>\n<\/blockquote>\n<h2>Trabajo de prevenci\u00f3n<\/h2>\n<p>Finalmente, <strong>Enrique Arcipreste Morales<\/strong> expuso su experiencia en litigio estrat\u00e9gico en materia de derechos sexuales y reproductivos, as\u00ed como su participaci\u00f3n en casos que derivaron en resoluciones de la <strong>Suprema Corte<\/strong>.&#13;<br \/>\n&#13;\n<\/p>\n<blockquote><p>&#13;<\/p>\n<p>\u201cLa comisi\u00f3n no s\u00f3lo tiene la<strong> facultad<\/strong> de emitir recomendaciones. (\u2026) Una parte muy importante de su trabajo debe ser la prevenci\u00f3n\u201d, afirm\u00f3, al advertir que \u201cla<strong> justicia<\/strong> tard\u00eda a veces no se siente como justicia\u201d.&#13;\n<\/p>\n<\/blockquote><\/div>\n<p><script>\n    !function(f,b,e,v,n,t,s)\n    {if(f.fbq)return;n=f.fbq=function(){n.callMethod?\n    n.callMethod.apply(n,arguments):n.queue.push(arguments)};\n    if(!f._fbq)f._fbq=n;n.push=n;n.loaded=!0;n.version='2.0';\n    n.queue=[];t=b.createElement(e);t.async=!0;\n    t.src=v;s=b.getElementsByTagName(e)[0];\n    s.parentNode.insertBefore(t,s)}(window, document,'script',\n    'https:\/\/connect.facebook.net\/en_US\/fbevents.js');\n    fbq('init', '237927003583820');\n    fbq('track', 'PageView');\n  <\/script><script>\n    !function(f,b,e,v,n,t,s)\n    {if(f.fbq)return;n=f.fbq=function(){n.callMethod?\n    n.callMethod.apply(n,arguments):n.queue.push(arguments)};\n    if(!f._fbq)f._fbq=n;n.push=n;n.loaded=!0;n.version='2.0';\n    n.queue=[];t=b.createElement(e);t.async=!0;\n    t.src=v;s=b.getElementsByTagName(e)[0];\n    s.parentNode.insertBefore(t,s)}(window, document,'script',\n    'https:\/\/connect.facebook.net\/en_US\/fbevents.js');\n    fbq('init', '802372280934901');\n    fbq('track', 'PageView');\n    <\/script><br \/>\n<br \/><\/p>\n","protected":false},"excerpt":{"rendered":"<p>El Congreso de la Ciudad de M\u00e9xico puso en marcha la primera ronda de entrevistas a personas aspirantes a integrar el Consejo Ciudadano Honorario de la Comisi\u00f3n de Derechos Humanos capitalina, en un proceso que busca renovar este \u00f3rgano consultivo.&#13; Durante esta jornada comparecieron Saturnino Manuel Canto Chac, Marisol Aguilar Contreras, Roberto Borges Zurita, Alejandra [&hellip;]<\/p>\n","protected":false},"author":2,"featured_media":3892,"comment_status":"","ping_status":"","sticky":false,"template":"","format":"standard","meta":{"footnotes":""},"categories":[2],"tags":[],"class_list":["post-3891","post","type-post","status-publish","format-standard","has-post-thumbnail","hentry","category-local"],"_links":{"self":[{"href":"https:\/\/conexion-mx.com\/index.php?rest_route=\/wp\/v2\/posts\/3891","targetHints":{"allow":["GET"]}}],"collection":[{"href":"https:\/\/conexion-mx.com\/index.php?rest_route=\/wp\/v2\/posts"}],"about":[{"href":"https:\/\/conexion-mx.com\/index.php?rest_route=\/wp\/v2\/types\/post"}],"author":[{"embeddable":true,"href":"https:\/\/conexion-mx.com\/index.php?rest_route=\/wp\/v2\/users\/2"}],"replies":[{"embeddable":true,"href":"https:\/\/conexion-mx.com\/index.php?rest_route=%2Fwp%2Fv2%2Fcomments&post=3891"}],"version-history":[{"count":0,"href":"https:\/\/conexion-mx.com\/index.php?rest_route=\/wp\/v2\/posts\/3891\/revisions"}],"wp:featuredmedia":[{"embeddable":true,"href":"https:\/\/conexion-mx.com\/index.php?rest_route=\/wp\/v2\/media\/3892"}],"wp:attachment":[{"href":"https:\/\/conexion-mx.com\/index.php?rest_route=%2Fwp%2Fv2%2Fmedia&parent=3891"}],"wp:term":[{"taxonomy":"category","embeddable":true,"href":"https:\/\/conexion-mx.com\/index.php?rest_route=%2Fwp%2Fv2%2Fcategories&post=3891"},{"taxonomy":"post_tag","embeddable":true,"href":"https:\/\/conexion-mx.com\/index.php?rest_route=%2Fwp%2Fv2%2Ftags&post=3891"}],"curies":[{"name":"wp","href":"https:\/\/api.w.org\/{rel}","templated":true}]}}