{"id":3893,"date":"2026-04-22T19:07:26","date_gmt":"2026-04-23T00:07:26","guid":{"rendered":"https:\/\/conexion-mx.com\/?p=3893"},"modified":"2026-04-22T19:07:26","modified_gmt":"2026-04-23T00:07:26","slug":"yo-marcos-la-obra-que-rescata-al-pintor-indigena-de-la-virgen-de-guadalupe-y-cuestiona-que-historias-recordamos","status":"publish","type":"post","link":"https:\/\/conexion-mx.com\/?p=3893","title":{"rendered":"\u201cYo, Marcos\u201d: la obra que rescata al pintor ind\u00edgena de la Virgen de Guadalupe y cuestiona qu\u00e9 historias recordamos"},"content":{"rendered":"<p> <br \/>\n<\/p>\n<div>\n<p>Todo comenz\u00f3 con un recuerdo de la infancia\u00a0Alberto Ju\u00e1rez visitando la <strong>Bas\u00edlica de Guadalupe\u00a0<\/strong>acompa\u00f1ado por su madre y su abuela para ver a una figura que le resultaba familiar: una madre con rasgos y color de piel similares a los de las mujeres de su familia. A partir de ese momento inolvidable, la imagen de la Virgen no sali\u00f3 de su mente.<\/p>\n<blockquote><p>&#13;<\/p>\n<p>Quiz\u00e1s fue la primera vez que me sent\u00ed representado. Era una imagen con un color de piel como el m\u00edo y que era considerada hermosa y divina\u201d, expres\u00f3 Alberto Ju\u00e1rez.\u00a0<\/p>\n<aside class=\"htmlinline\"\/>&#13;\n<\/p><\/blockquote>\n<p>Yo, Marcos, un unipersonal que convierte esa experiencia \u00edntima en una investigaci\u00f3n esc\u00e9nica sobre identidad, fe y memoria colectiva.<\/p>\n<h2>El pintor ind\u00edgena que pudo haber creado la imagen m\u00e1s venerada de M\u00e9xico<\/h2>\n<p>La obra reconstruye la figura de<strong> Marcos\u00a0Cipac (1517-1572), un pintor ind\u00edgena n\u00e1huatl <\/strong>activo durante los primeros a\u00f1os del Virreinato de la Nueva Espa\u00f1a a quien se le atribuy\u00f3 la creaci\u00f3n de la imagen de la <strong>Virgen de Guadalupe<\/strong> una de r<strong>epresentaciones religiosas\u00a0\u00a0m\u00e1s importantes y veneradas en M\u00e9xico<\/strong>, cuya existencia simboliza la fusi\u00f3n entre la <strong>tradici\u00f3n art\u00edstica\u00a0\u00a0ind\u00edgenas y t\u00e9cnicas pict\u00f3ricas europeas tras la conquista.<\/strong><\/p>\n<p class=\"image-align-center\"><img loading=\"lazy\" decoding=\"async\" alt=\"\" height=\"400\" src=\"https:\/\/heraldodemexico.com.mx\/u\/fotografias\/m\/2020\/12\/9\/f768x400-292442_336345_5050.jpg\" width=\"768\"\/><\/p>\n<h2>Est\u00e9tica m\u00ednima y atm\u00f3sfera de recogimiento<\/h2>\n<p>Desde el inicio, el escenario apuesta por una est\u00e9tica sobria: un tapete al centro, una veladora encendida, la figura de Tonantzin y una cortina de hilos que divide el espacio esc\u00e9nico de una pantalla donde se proyectan im\u00e1genes y videos del<strong> culto guadalupano.<\/strong> Con estos elementos, la puesta construye una atm\u00f3sfera \u00edntima que acompa\u00f1a el relato personal que atraviesa la obra.<\/p>\n<p>M\u00e1scaras, t\u00edteres, elementos artesanales\u00a0recursos multimedia acompa\u00f1an el recorrido entre el archivo hist\u00f3rico y la memoria personal del actor, creando una atm\u00f3sfera de recogimiento que atraviesa toda la obra.<\/p>\n<p class=\"image-align-center\"><img loading=\"lazy\" decoding=\"async\" alt=\"\" height=\"400\" src=\"https:\/\/heraldodemexico.com.mx\/u\/fotografias\/m\/2020\/12\/2\/f768x400-289610_333513_5050.jpg\" width=\"768\"\/>&#13;<br \/>\n&#13;\n<\/p>\n<h2>Una obra que conecta incluso con quienes no son devotos<\/h2>\n<p>A lo largo de la historia se entrelaza la memoria personal, la revisi\u00f3n hist\u00f3rica\u00a0y elementos audiovisuales para <strong>reimaginar al artista novohispano y poder reflexionar sobre uno de los s\u00edmbolos\u00a0\u00a0m\u00e1s poderosos de la identidad mexicana.\u00a0<\/strong>Entre el p\u00fablico, sobresali\u00f3 la conexi\u00f3n emocional que genera la obra, incluso en quienes no comparten la devoci\u00f3n religiosa.&#13;<br \/>\n&#13;\n<\/p>\n<blockquote><p>&#13;<\/p>\n<p>Me gust\u00f3 mucho que es una obra muy bella y sencilla de entender. Aunque yo no soy devota de la Virgen de Guadalupe, puedo empatizar con ese sentimiento de admiraci\u00f3n y entiendo que forma parte de nuestra cultura como mexicanos, que est\u00e1 muy arraigada a nuestra identidad\u201d, coment\u00f3 Ana Laura al t\u00e9rmino de la funci\u00f3n.&#13;\n<\/p>\n<\/blockquote>\n<h2>Gira internacional a Espa\u00f1a tras su temporada en el Centro Cultural del Bosque\u00a0<\/h2>\n<p>La obra, escrita por <strong>Adriano Madriles y dirigida por Omar Flores Sarabia, <\/strong>es parte del trabajo de la compa\u00f1\u00eda La ficci\u00f3n de los vencidos. Tras presentarse en el <strong>Centro Cultural del Bosque, <\/strong>iniciar\u00e1 una gira internacional que la llevar\u00e1 a Espa\u00f1a, como parte del programa <strong>ENARTES 2026 del Sistema Creaci\u00f3n, impulsado por la Secretar\u00eda de Cultura del Gobierno de M\u00e9xico.<\/strong>&#13;<br \/>\n&#13;\n<\/p>\n<p>Yo Marcos\u00a0<strong>se presenta hasta el 10 de mayo de 2026 en la Sala Xavier Villaurrutia del Centro Cultural del Bosque, con funciones: jueves y viernes a las 20 h, s\u00e1bados a las 19 h y domingos a las 18 h.\u00a0<\/strong>&#13;<br \/>\n&#13;<br \/>\n&#13;\n                                <\/p>\n<\/p><\/div>\n<p><script>\n    !function(f,b,e,v,n,t,s)\n    {if(f.fbq)return;n=f.fbq=function(){n.callMethod?\n    n.callMethod.apply(n,arguments):n.queue.push(arguments)};\n    if(!f._fbq)f._fbq=n;n.push=n;n.loaded=!0;n.version='2.0';\n    n.queue=[];t=b.createElement(e);t.async=!0;\n    t.src=v;s=b.getElementsByTagName(e)[0];\n    s.parentNode.insertBefore(t,s)}(window, document,'script',\n    'https:\/\/connect.facebook.net\/en_US\/fbevents.js');\n    fbq('init', '237927003583820');\n    fbq('track', 'PageView');\n  <\/script><br \/>\n<br \/><\/p>\n","protected":false},"excerpt":{"rendered":"<p>Todo comenz\u00f3 con un recuerdo de la infancia\u00a0Alberto Ju\u00e1rez visitando la Bas\u00edlica de Guadalupe\u00a0acompa\u00f1ado por su madre y su abuela para ver a una figura que le resultaba familiar: una madre con rasgos y color de piel similares a los de las mujeres de su familia. A partir de ese momento inolvidable, la imagen de [&hellip;]<\/p>\n","protected":false},"author":4,"featured_media":3894,"comment_status":"","ping_status":"","sticky":false,"template":"","format":"standard","meta":{"footnotes":""},"categories":[33],"tags":[],"class_list":["post-3893","post","type-post","status-publish","format-standard","has-post-thumbnail","hentry","category-cultura"],"_links":{"self":[{"href":"https:\/\/conexion-mx.com\/index.php?rest_route=\/wp\/v2\/posts\/3893","targetHints":{"allow":["GET"]}}],"collection":[{"href":"https:\/\/conexion-mx.com\/index.php?rest_route=\/wp\/v2\/posts"}],"about":[{"href":"https:\/\/conexion-mx.com\/index.php?rest_route=\/wp\/v2\/types\/post"}],"author":[{"embeddable":true,"href":"https:\/\/conexion-mx.com\/index.php?rest_route=\/wp\/v2\/users\/4"}],"replies":[{"embeddable":true,"href":"https:\/\/conexion-mx.com\/index.php?rest_route=%2Fwp%2Fv2%2Fcomments&post=3893"}],"version-history":[{"count":0,"href":"https:\/\/conexion-mx.com\/index.php?rest_route=\/wp\/v2\/posts\/3893\/revisions"}],"wp:featuredmedia":[{"embeddable":true,"href":"https:\/\/conexion-mx.com\/index.php?rest_route=\/wp\/v2\/media\/3894"}],"wp:attachment":[{"href":"https:\/\/conexion-mx.com\/index.php?rest_route=%2Fwp%2Fv2%2Fmedia&parent=3893"}],"wp:term":[{"taxonomy":"category","embeddable":true,"href":"https:\/\/conexion-mx.com\/index.php?rest_route=%2Fwp%2Fv2%2Fcategories&post=3893"},{"taxonomy":"post_tag","embeddable":true,"href":"https:\/\/conexion-mx.com\/index.php?rest_route=%2Fwp%2Fv2%2Ftags&post=3893"}],"curies":[{"name":"wp","href":"https:\/\/api.w.org\/{rel}","templated":true}]}}