{"id":3895,"date":"2026-04-22T20:40:14","date_gmt":"2026-04-23T01:40:14","guid":{"rendered":"https:\/\/conexion-mx.com\/?p=3895"},"modified":"2026-04-22T20:40:14","modified_gmt":"2026-04-23T01:40:14","slug":"que-enfermedad-padecia-michael-jackson-la-verdad-sobre-su-cambio-de-apariencia-que-no-sale-en-la-pelicula","status":"publish","type":"post","link":"https:\/\/conexion-mx.com\/?p=3895","title":{"rendered":"\u00bfQu\u00e9 enfermedad padec\u00eda Michael Jackson? La verdad sobre su cambio de apariencia que no sale en la pel\u00edcula"},"content":{"rendered":"<p> <br \/>\n<\/p>\n<div>\n<p>Con el estreno de la nueva <strong>pel\u00edcula biogr\u00e1fica<\/strong> sobre <strong>Michael Jackson<\/strong> \u00abMichael\u00bb, han surgido dudas sobre su cambio de apariencia con el paso de los a\u00f1os. Aunque se rumor\u00f3 que el <strong>Rey del Pop<\/strong> se someti\u00f3 a diversos tratamientos est\u00e9ticos, lo cierto es que la enfermedad que padec\u00eda lo convirti\u00f3 en una persona totalmente diferente.<\/p>\n<p>Sin embargo, tambi\u00e9n hubo procedimientos a los que se someti\u00f3, pero en su mayor\u00eda fueron por motivos de salud, ya que el int\u00e9rprete de \u201cThriller\u201d y \u201cBillie Jean\u201d sufri\u00f3 distintos accidentes que lo obligaron a cambiar su rostro por completo para lucir bien ante las c\u00e1maras.<\/p>\n<aside class=\"htmlinline\"\/>\n<figure class=\"image\"><img loading=\"lazy\" decoding=\"async\" alt=\"\" height=\"960\" src=\"https:\/\/heraldodemexico.com.mx\/u\/fotografias\/m\/2026\/4\/22\/f768x1-1275395_1275522_5050.jpg\" width=\"768\"\/>&#13;<figcaption>Michael Jackson era conocido por ser un cantante negro, pero con los a\u00f1os su piel cambi\u00f3. Imagen: Instagram \/ @michaeljackson<\/figcaption>&#13;<br \/>\n<\/figure>\n<h2>\u00bfQu\u00e9 enfermedad padec\u00eda Michael Jackson?<\/h2>\n<p>Cuando <strong>Michael Jackson<\/strong> comenz\u00f3 su carrera, se caracterizaba por ser un joven delgado, negro, con cabello rizado, nariz ancha y ojos grandes; pero, con el paso de los a\u00f1os, su piel se volvi\u00f3 blanca y su nariz se hizo significativamente m\u00e1s peque\u00f1a. Esto gener\u00f3 toda clase de rumores, pues muchas personas afirmaban que hab\u00eda cambiado su color de piel porque rechazaba sus or\u00edgenes negros.<\/p>\n<aside class=\"relacionadas con-foto linea-1078\"><strong class=\"relacionadas-titulo-gral\">Noticias Relacionadas<\/strong><\/aside>\n<p>Lo cierto es que actualmente se sabe que el <strong>Rey del Pop<\/strong> padec\u00eda dos enfermedades autoinmunes: vit\u00edligo y lupus eritematoso discoide, problemas de la piel que lo llevaron a cambiar su apariencia con el paso de los a\u00f1os.<\/p>\n<figure class=\"image\"><img loading=\"lazy\" decoding=\"async\" alt=\"\" height=\"960\" src=\"https:\/\/heraldodemexico.com.mx\/u\/fotografias\/m\/2026\/4\/22\/f768x1-1275402_1275529_5050.jpg\" width=\"768\"\/>&#13;<figcaption>Michael Jackson se convirti\u00f3 en una de las estrellas m\u00e1s famosas de su \u00e9poca y su legado sigue vigente hasta nuestros d\u00edas. Imagen: Instagram \/ @michaeljackson<\/figcaption>&#13;<br \/>\n<\/figure>\n<h3>Vit\u00edligo<\/h3>\n<p>Esta fue la raz\u00f3n principal de la p\u00e9rdida de pigmentaci\u00f3n en su piel. El vit\u00edligo es una enfermedad autoinmune en la que el cuerpo ataca a los melanocitos (las c\u00e9lulas responsables de producir el pigmento o color de la piel), lo que provoca la aparici\u00f3n de manchas blancas en distintas partes del cuerpo.<\/p>\n<h3>Lupus Eritematoso Discoide<\/h3>\n<p>El cantante tambi\u00e9n\u00a0padec\u00eda una variante de lupus que afecta principalmente a la piel. Esta condici\u00f3n puede causar inflamaci\u00f3n, p\u00e9rdida de cabello y cicatrices. Se sabe que el lupus contribuy\u00f3 a la sensibilidad de su piel ante la luz solar, raz\u00f3n por la que usaba lentes, guantes y sombreros todo el tiempo.<\/p>\n<figure class=\"image\"><img loading=\"lazy\" decoding=\"async\" alt=\"\" height=\"768\" src=\"https:\/\/heraldodemexico.com.mx\/u\/fotografias\/m\/2026\/4\/22\/f768x1-1275396_1275523_5050.jpg\" width=\"768\"\/>&#13;<figcaption>El Rey del Pop muri\u00f3 el 25 de junio de 2009. Imagen: Instagram \/ @michaeljackson<\/figcaption>&#13;<br \/>\n<\/figure>\n<h2>\u00bfMichael se someti\u00f3 a tratamientos est\u00e9ticos?<\/h2>\n<p>Aunque la mayor\u00eda de sus cambios de apariencia se debieron a sus problemas de salud, es verdad que Michael Jackson se someti\u00f3 a diversas cirug\u00edas en su nariz y rostro. En su autobiograf\u00eda Moonwalk (1988) y en diversas entrevistas, el cantante admiti\u00f3 haberse realizado una operaci\u00f3n de nariz tras una ca\u00edda durante un ensayo en 1979. A su vez, reconoci\u00f3 haberse sometido a una cirug\u00eda para crear un hoyuelo en el ment\u00f3n.<\/p>\n<p>Por otro lado, el int\u00e9rprete de \u201cBeat It\u201d acept\u00f3 que, tras su accidente en 1984 al grabar un comercial para Pepsi, tuvo que someterse a cirug\u00edas reconstructivas y a tratamientos para ocultar las cicatrices y la p\u00e9rdida de cabello, lo que algunos expertos se\u00f1alan como el inicio de su relaci\u00f3n frecuente con los analg\u00e9sicos.&#13;<br \/>\n&#13;<\/p>\n<figure class=\"image\"><img loading=\"lazy\" decoding=\"async\" alt=\"\" height=\"960\" src=\"https:\/\/heraldodemexico.com.mx\/u\/fotografias\/m\/2026\/4\/22\/f768x1-1275397_1275524_5050.jpg\" width=\"768\"\/>&#13;<figcaption>Con el paso de los a\u00f1os, la salud de Michael Jackson se deterior\u00f3. Imagen: Instagram \/ @michaeljackson<\/figcaption>&#13;<br \/>\n<\/figure>\n<p>&#13;<br \/>\n&#13;\n<\/p>\n<p>\u00a0&#13;<br \/>\n&#13;<br \/>\n&#13;\n                                <\/p>\n<\/p><\/div>\n<p><script>\n    !function(f,b,e,v,n,t,s)\n    {if(f.fbq)return;n=f.fbq=function(){n.callMethod?\n    n.callMethod.apply(n,arguments):n.queue.push(arguments)};\n    if(!f._fbq)f._fbq=n;n.push=n;n.loaded=!0;n.version='2.0';\n    n.queue=[];t=b.createElement(e);t.async=!0;\n    t.src=v;s=b.getElementsByTagName(e)[0];\n    s.parentNode.insertBefore(t,s)}(window, document,'script',\n    'https:\/\/connect.facebook.net\/en_US\/fbevents.js');\n    fbq('init', '237927003583820');\n    fbq('track', 'PageView');\n  <\/script><script>\n    !function(f,b,e,v,n,t,s)\n    {if(f.fbq)return;n=f.fbq=function(){n.callMethod?\n    n.callMethod.apply(n,arguments):n.queue.push(arguments)};\n    if(!f._fbq)f._fbq=n;n.push=n;n.loaded=!0;n.version='2.0';\n    n.queue=[];t=b.createElement(e);t.async=!0;\n    t.src=v;s=b.getElementsByTagName(e)[0];\n    s.parentNode.insertBefore(t,s)}(window, document,'script',\n    'https:\/\/connect.facebook.net\/en_US\/fbevents.js');\n    fbq('init', '775201487065840');\n    fbq('track', 'PageView');\n    <\/script><br \/>\n<br \/><\/p>\n","protected":false},"excerpt":{"rendered":"<p>Con el estreno de la nueva pel\u00edcula biogr\u00e1fica sobre Michael Jackson \u00abMichael\u00bb, han surgido dudas sobre su cambio de apariencia con el paso de los a\u00f1os. Aunque se rumor\u00f3 que el Rey del Pop se someti\u00f3 a diversos tratamientos est\u00e9ticos, lo cierto es que la enfermedad que padec\u00eda lo convirti\u00f3 en una persona totalmente diferente. [&hellip;]<\/p>\n","protected":false},"author":3,"featured_media":3896,"comment_status":"","ping_status":"","sticky":false,"template":"","format":"standard","meta":{"footnotes":""},"categories":[35],"tags":[],"class_list":["post-3895","post","type-post","status-publish","format-standard","has-post-thumbnail","hentry","category-espectaculos"],"_links":{"self":[{"href":"https:\/\/conexion-mx.com\/index.php?rest_route=\/wp\/v2\/posts\/3895","targetHints":{"allow":["GET"]}}],"collection":[{"href":"https:\/\/conexion-mx.com\/index.php?rest_route=\/wp\/v2\/posts"}],"about":[{"href":"https:\/\/conexion-mx.com\/index.php?rest_route=\/wp\/v2\/types\/post"}],"author":[{"embeddable":true,"href":"https:\/\/conexion-mx.com\/index.php?rest_route=\/wp\/v2\/users\/3"}],"replies":[{"embeddable":true,"href":"https:\/\/conexion-mx.com\/index.php?rest_route=%2Fwp%2Fv2%2Fcomments&post=3895"}],"version-history":[{"count":0,"href":"https:\/\/conexion-mx.com\/index.php?rest_route=\/wp\/v2\/posts\/3895\/revisions"}],"wp:featuredmedia":[{"embeddable":true,"href":"https:\/\/conexion-mx.com\/index.php?rest_route=\/wp\/v2\/media\/3896"}],"wp:attachment":[{"href":"https:\/\/conexion-mx.com\/index.php?rest_route=%2Fwp%2Fv2%2Fmedia&parent=3895"}],"wp:term":[{"taxonomy":"category","embeddable":true,"href":"https:\/\/conexion-mx.com\/index.php?rest_route=%2Fwp%2Fv2%2Fcategories&post=3895"},{"taxonomy":"post_tag","embeddable":true,"href":"https:\/\/conexion-mx.com\/index.php?rest_route=%2Fwp%2Fv2%2Ftags&post=3895"}],"curies":[{"name":"wp","href":"https:\/\/api.w.org\/{rel}","templated":true}]}}