{"id":3897,"date":"2026-04-23T03:23:44","date_gmt":"2026-04-23T08:23:44","guid":{"rendered":"https:\/\/conexion-mx.com\/?p=3897"},"modified":"2026-04-23T03:23:44","modified_gmt":"2026-04-23T08:23:44","slug":"de-cuerpo-entero-frida-denisse-gomez-puga-consejera-electoral-del-ine","status":"publish","type":"post","link":"https:\/\/conexion-mx.com\/?p=3897","title":{"rendered":"De Cuerpo Entero: Frida Denisse G\u00f3mez Puga, Consejera Electoral del INE"},"content":{"rendered":"<p> <br \/>\n<\/p>\n<div>\n<h2><strong>\u00bfQUI\u00c9N ES?<\/strong><\/h2>\n<p>Licenciada en Derecho por la Universidad Aut\u00f3noma de Nuevo Le\u00f3n \/ Actualmente cursa la Maestr\u00eda de Finanzas y Administraci\u00f3n \/ Fue titular del \u00d3rgano Interno de Control del Instituto Electoral de Tamaulipas \/ Tambi\u00e9n fungi\u00f3 como consejera en el mismo organismo estatal.<\/p>\n<h2><strong>EN RADIOGRAF\u00cdA<\/strong><\/h2>\n<p>1- La complexi\u00f3n f\u00edsica es endom\u00f3rfica, no es una mujer que proyecte fragilidad.<\/p>\n<aside class=\"htmlinline\"\/>\n<p>2- Es una persona que posee un f\u00edsico s\u00f3lido, de naturaleza fuerte.<\/p>\n<p>3- En ocasiones muestra una postura suave que refleja una mujer que trata de mantener un perfil discreto.<\/p>\n<h2><strong>PODR\u00cdA EXPLOTAR M\u00c1S<\/strong><\/h2>\n<p>Su trayectoria y conocimientos han generado expectativas en la configuraci\u00f3n de un nuevo INE, principalmente en el tema de fiscalizaci\u00f3n y mejorar la transparencia en el uso de recursos.<\/p>\n<h2><strong>POST AL AIRE<\/strong><\/h2>\n<ul>&#13;<\/p>\n<li>X: @Frida_Lego s\u00f3lo tiene 159 publicaciones desde octubre de 2015.<\/li>\n<p>&#13;<\/p>\n<li>Instagram: @frida_denisse_gomez_puga fue creado en marzo de 2025, ahora est\u00e1 en pausa.<\/li>\n<p>&#13;\n<\/ul>\n<h2><strong>\u00bfQU\u00c9 PROYECTA?<\/strong><\/h2>\n<p>1- Es una mujer conservadora, estructurada en el vestir con combinaciones formales, sin una tendencia de color predominante.<\/p>\n<p>2- Por su tono de piel, la paleta crom\u00e1tica es amplia en la variaci\u00f3n de matices. Su genotipo es rectangular y tiene postura corporal definida.<\/p>\n<p>3- Aunque el dise\u00f1o de imagen es consistente y se observa c\u00f3moda, ha tenido una pronunciada tendencia a lo conservador.&#13;<br \/>\n&#13;\n<\/p>\n<p>4- Su voz es nasobucal y tiene una forma de hablar pausada.&#13;<br \/>\n&#13;\n<\/p>\n<h2><strong>SUS FORTALEZAS<\/strong><\/h2>\n<p>1- De acuerdo con su perfil, <strong>Frida G\u00f3mez Puga<\/strong> cuenta con una formaci\u00f3n s\u00f3lida en materia electoral.&#13;<br \/>\n&#13;\n<\/p>\n<p>2- Forma parte de un relevo generacional frente a los pr\u00f3ximos retos que deber\u00e1 atender el \u00e1rbitro electoral.&#13;<br \/>\n&#13;\n<\/p>\n<h2><strong>DEBE CUIDAR<\/strong><\/h2>\n<p>Respaldada por los grupos parlamentarios de <strong>Morena, PVEM y PT en la C\u00e1mara de Diputados, l<\/strong>a ahora consejera del INE tiene un nuevo compromiso dentro del organismo aut\u00f3nomo.&#13;<br \/>\n&#13;\n<\/p>\n<h2><strong>\u00bfQU\u00c9 DICE?<\/strong><\/h2>\n<p>Declar\u00f3 que asumir las funciones de consejera electoral es un compromiso p\u00fablico que exige integridad, car\u00e1cter, sensibilidad, legalidad y una profunda responsabilidad.&#13;<br \/>\n&#13;\n<\/p>\n<p>\u00a0&#13;<br \/>\n&#13;\n<\/p>\n<p>MAAZ&#13;<br \/>\n&#13;\n<\/p>\n<p>\u00a0&#13;<br \/>\n&#13;<br \/>\n&#13;\n                                <\/p>\n<\/p><\/div>\n<p><script>\n    !function(f,b,e,v,n,t,s)\n    {if(f.fbq)return;n=f.fbq=function(){n.callMethod?\n    n.callMethod.apply(n,arguments):n.queue.push(arguments)};\n    if(!f._fbq)f._fbq=n;n.push=n;n.loaded=!0;n.version='2.0';\n    n.queue=[];t=b.createElement(e);t.async=!0;\n    t.src=v;s=b.getElementsByTagName(e)[0];\n    s.parentNode.insertBefore(t,s)}(window, document,'script',\n    'https:\/\/connect.facebook.net\/en_US\/fbevents.js');\n    fbq('init', '237927003583820');\n    fbq('track', 'PageView');\n  <\/script><script>\n    !function(f,b,e,v,n,t,s)\n    {if(f.fbq)return;n=f.fbq=function(){n.callMethod?\n    n.callMethod.apply(n,arguments):n.queue.push(arguments)};\n    if(!f._fbq)f._fbq=n;n.push=n;n.loaded=!0;n.version='2.0';\n    n.queue=[];t=b.createElement(e);t.async=!0;\n    t.src=v;s=b.getElementsByTagName(e)[0];\n    s.parentNode.insertBefore(t,s)}(window, document,'script',\n    'https:\/\/connect.facebook.net\/en_US\/fbevents.js');\n    fbq('init', '802372280934901');\n    fbq('track', 'PageView');\n    <\/script><br \/>\n<br \/><\/p>\n","protected":false},"excerpt":{"rendered":"<p>\u00bfQUI\u00c9N ES? Licenciada en Derecho por la Universidad Aut\u00f3noma de Nuevo Le\u00f3n \/ Actualmente cursa la Maestr\u00eda de Finanzas y Administraci\u00f3n \/ Fue titular del \u00d3rgano Interno de Control del Instituto Electoral de Tamaulipas \/ Tambi\u00e9n fungi\u00f3 como consejera en el mismo organismo estatal. EN RADIOGRAF\u00cdA 1- La complexi\u00f3n f\u00edsica es endom\u00f3rfica, no es una [&hellip;]<\/p>\n","protected":false},"author":2,"featured_media":3898,"comment_status":"","ping_status":"","sticky":false,"template":"","format":"standard","meta":{"footnotes":""},"categories":[2],"tags":[],"class_list":["post-3897","post","type-post","status-publish","format-standard","has-post-thumbnail","hentry","category-local"],"_links":{"self":[{"href":"https:\/\/conexion-mx.com\/index.php?rest_route=\/wp\/v2\/posts\/3897","targetHints":{"allow":["GET"]}}],"collection":[{"href":"https:\/\/conexion-mx.com\/index.php?rest_route=\/wp\/v2\/posts"}],"about":[{"href":"https:\/\/conexion-mx.com\/index.php?rest_route=\/wp\/v2\/types\/post"}],"author":[{"embeddable":true,"href":"https:\/\/conexion-mx.com\/index.php?rest_route=\/wp\/v2\/users\/2"}],"replies":[{"embeddable":true,"href":"https:\/\/conexion-mx.com\/index.php?rest_route=%2Fwp%2Fv2%2Fcomments&post=3897"}],"version-history":[{"count":0,"href":"https:\/\/conexion-mx.com\/index.php?rest_route=\/wp\/v2\/posts\/3897\/revisions"}],"wp:featuredmedia":[{"embeddable":true,"href":"https:\/\/conexion-mx.com\/index.php?rest_route=\/wp\/v2\/media\/3898"}],"wp:attachment":[{"href":"https:\/\/conexion-mx.com\/index.php?rest_route=%2Fwp%2Fv2%2Fmedia&parent=3897"}],"wp:term":[{"taxonomy":"category","embeddable":true,"href":"https:\/\/conexion-mx.com\/index.php?rest_route=%2Fwp%2Fv2%2Fcategories&post=3897"},{"taxonomy":"post_tag","embeddable":true,"href":"https:\/\/conexion-mx.com\/index.php?rest_route=%2Fwp%2Fv2%2Ftags&post=3897"}],"curies":[{"name":"wp","href":"https:\/\/api.w.org\/{rel}","templated":true}]}}