{"id":3901,"date":"2026-04-23T19:35:48","date_gmt":"2026-04-24T00:35:48","guid":{"rendered":"https:\/\/conexion-mx.com\/?p=3901"},"modified":"2026-04-23T19:35:48","modified_gmt":"2026-04-24T00:35:48","slug":"canciller-velasco-dialoga-con-moctezuma-barragan","status":"publish","type":"post","link":"https:\/\/conexion-mx.com\/?p=3901","title":{"rendered":"Canciller Velasco dialoga con Moctezuma Barrag\u00e1n"},"content":{"rendered":"<p> <br \/>\n<\/p>\n<div>\n<p>El <strong>canciller Roberto Velasco \u00c1lvarez<\/strong> sostuvo un encuentro con Esteban Moctezuma Barrag\u00e1n,<strong> embajador de M\u00e9xico<\/strong> en Estados Unidos, para revisar temas de la agenda bilateral.<\/p>\n<p>La reuni\u00f3n en la sede de la Secretar\u00eda de Relaciones Exteriores, es despu\u00e9s de que la presidenta Claudia Sheinbaum Pardo inform\u00f3 que se propuso al Gobierno de Estados Unidos a<strong> Roberto Lazzeri Monta\u00f1o<\/strong>, director general de Nafin y Bancomext, como nuevo embajador de M\u00e9xico en Estados Unidos.<\/p>\n<aside class=\"htmlinline\"\/>\n<p>Velasco \u00c1lvarez destac\u00f3 el trabajo y desempe\u00f1o de Moctezuma Barrag\u00e1n en<strong> Washington, DC.<\/strong><\/p>\n<aside class=\"relacionadas con-foto linea-1078\"><strong class=\"relacionadas-titulo-gral\">Noticias Relacionadas<\/strong><\/aside>\n<blockquote><p>&#13;<\/p>\n<p>\u201cMe reun\u00ed hoy con @emoctezumab quien, como se\u00f1al\u00f3 la presidenta Sheinbaum, est\u00e1 haciendo una gran labor en EE. UU. y reconocemos su extraordinario trabajo en favor de M\u00e9xico\u201d, inform\u00f3 en un mensaje en su cuenta de \u201cX\u201d.<\/p>\n<p>&#13;\n<\/p><\/blockquote>\n<p>\u201cRevis\u00e9 junto al embajador distintos temas de la amplia agenda bilateral, sobre todo, profundizamos en varios de los que ha estado atendiendo puntualmente en Washington, DC.\u201d, poste\u00f3.<\/p>\n<p>En la conferencia en Palacio Nacional, la presidenta Sheinbaum Pardo dijo que est\u00e1n a la espera de que el gobierno de Donald Trump d\u00e9 su benepl\u00e1cito a<strong> Roberto Lazzeri Monta\u00f1o.<\/strong><\/p>\n<p>Destac\u00f3 el perfil del director general de .<strong>Nafin <\/strong>y Bancomext ya que el tema principal en la relaci\u00f3n con Estados Unidos es comercial, adem\u00e1s de toda la relaci\u00f3n hist\u00f3rica con Estados Unidos y de nuestros connacionales all\u00e1.<\/p>\n<p>\u201cRoberto, \u00e9l trabaj\u00f3 mucho tiempo en Hacienda con <strong>Rogelio Ram\u00edrez de la O.<\/strong> Tiene una muy buena relaci\u00f3n con todo el Gobierno de M\u00e9xico y tambi\u00e9n con las contrapartes en Estados Unidos, porque esa era una de sus funciones en la Secretar\u00eda de Hacienda\u201d, dijo.&#13;<br \/>\n&#13;\n<\/p>\n<p>\u201cLo nombr\u00e9 en Nacional Financiera, y en muy poco tiempo transform\u00f3<strong> Nacional Financiera<\/strong>: se est\u00e1n abriendo mayor n\u00famero de cr\u00e9ditos y un fondo especial para la promoci\u00f3n de la innovaci\u00f3n tecnol\u00f3gica\u201d, a\u00f1adi\u00f3.&#13;<br \/>\n&#13;<br \/>\n&#13;\n                                <\/p>\n<\/p><\/div>\n<p><script>\n    !function(f,b,e,v,n,t,s)\n    {if(f.fbq)return;n=f.fbq=function(){n.callMethod?\n    n.callMethod.apply(n,arguments):n.queue.push(arguments)};\n    if(!f._fbq)f._fbq=n;n.push=n;n.loaded=!0;n.version='2.0';\n    n.queue=[];t=b.createElement(e);t.async=!0;\n    t.src=v;s=b.getElementsByTagName(e)[0];\n    s.parentNode.insertBefore(t,s)}(window, document,'script',\n    'https:\/\/connect.facebook.net\/en_US\/fbevents.js');\n    fbq('init', '237927003583820');\n    fbq('track', 'PageView');\n  <\/script><script>\n    !function(f,b,e,v,n,t,s)\n    {if(f.fbq)return;n=f.fbq=function(){n.callMethod?\n    n.callMethod.apply(n,arguments):n.queue.push(arguments)};\n    if(!f._fbq)f._fbq=n;n.push=n;n.loaded=!0;n.version='2.0';\n    n.queue=[];t=b.createElement(e);t.async=!0;\n    t.src=v;s=b.getElementsByTagName(e)[0];\n    s.parentNode.insertBefore(t,s)}(window, document,'script',\n    'https:\/\/connect.facebook.net\/en_US\/fbevents.js');\n    fbq('init', '802372280934901');\n    fbq('track', 'PageView');\n    <\/script><br \/>\n<br \/><\/p>\n","protected":false},"excerpt":{"rendered":"<p>El canciller Roberto Velasco \u00c1lvarez sostuvo un encuentro con Esteban Moctezuma Barrag\u00e1n, embajador de M\u00e9xico en Estados Unidos, para revisar temas de la agenda bilateral. La reuni\u00f3n en la sede de la Secretar\u00eda de Relaciones Exteriores, es despu\u00e9s de que la presidenta Claudia Sheinbaum Pardo inform\u00f3 que se propuso al Gobierno de Estados Unidos a [&hellip;]<\/p>\n","protected":false},"author":2,"featured_media":3902,"comment_status":"","ping_status":"","sticky":false,"template":"","format":"standard","meta":{"footnotes":""},"categories":[2],"tags":[],"class_list":["post-3901","post","type-post","status-publish","format-standard","has-post-thumbnail","hentry","category-local"],"_links":{"self":[{"href":"https:\/\/conexion-mx.com\/index.php?rest_route=\/wp\/v2\/posts\/3901","targetHints":{"allow":["GET"]}}],"collection":[{"href":"https:\/\/conexion-mx.com\/index.php?rest_route=\/wp\/v2\/posts"}],"about":[{"href":"https:\/\/conexion-mx.com\/index.php?rest_route=\/wp\/v2\/types\/post"}],"author":[{"embeddable":true,"href":"https:\/\/conexion-mx.com\/index.php?rest_route=\/wp\/v2\/users\/2"}],"replies":[{"embeddable":true,"href":"https:\/\/conexion-mx.com\/index.php?rest_route=%2Fwp%2Fv2%2Fcomments&post=3901"}],"version-history":[{"count":0,"href":"https:\/\/conexion-mx.com\/index.php?rest_route=\/wp\/v2\/posts\/3901\/revisions"}],"wp:featuredmedia":[{"embeddable":true,"href":"https:\/\/conexion-mx.com\/index.php?rest_route=\/wp\/v2\/media\/3902"}],"wp:attachment":[{"href":"https:\/\/conexion-mx.com\/index.php?rest_route=%2Fwp%2Fv2%2Fmedia&parent=3901"}],"wp:term":[{"taxonomy":"category","embeddable":true,"href":"https:\/\/conexion-mx.com\/index.php?rest_route=%2Fwp%2Fv2%2Fcategories&post=3901"},{"taxonomy":"post_tag","embeddable":true,"href":"https:\/\/conexion-mx.com\/index.php?rest_route=%2Fwp%2Fv2%2Ftags&post=3901"}],"curies":[{"name":"wp","href":"https:\/\/api.w.org\/{rel}","templated":true}]}}