{"id":3907,"date":"2026-04-24T04:19:39","date_gmt":"2026-04-24T09:19:39","guid":{"rendered":"https:\/\/conexion-mx.com\/?p=3907"},"modified":"2026-04-24T04:19:39","modified_gmt":"2026-04-24T09:19:39","slug":"canciller-velasco-conversa-con-secretario-general-onu","status":"publish","type":"post","link":"https:\/\/conexion-mx.com\/?p=3907","title":{"rendered":"Canciller Velasco conversa con Secretario General ONU"},"content":{"rendered":"<p> <br \/>\n<\/p>\n<div>\n<p>El <strong>canciller Roberto Velasco \u00c1lvarez <\/strong>convers\u00f3 este jueves con Ant\u00f3nio Guterres, secretario general de la ONU, a quien le expreso la disposici\u00f3n del <strong>Gobierno de M\u00e9xico<\/strong> de contribuir activamente con los organismos internacionales en temas como paz y seguridad, derechos humanos y desarrollo sostenible.<\/p>\n<p>La<strong> Secretar\u00eda de Relaciones Exteriores (SRE) <\/strong>inform\u00f3 que durante la llamada telef\u00f3nica Guterres resalt\u00f3 que M\u00e9xico es un pilar fundamental del multilateralismo.<\/p>\n<aside class=\"htmlinline\"\/>\n<p>En un mensaje en su <strong>cuenta de \u201cX\u201d<\/strong>, el encargado de la pol\u00edtica exterior de M\u00e9xico manifest\u00f3 que se seguir\u00e1 contribuyendo de manera activa con propuestas para fortalecer el sistema de la Organizaci\u00f3n de las Naciones Unidas.<\/p>\n<aside class=\"relacionadas con-foto linea-1078\"><strong class=\"relacionadas-titulo-gral\">Noticias Relacionadas<\/strong><\/aside>\n<p>Es la primera conversaci\u00f3n telef\u00f3nica entre el <strong>canciller Roberto Velasco<\/strong> y el secretario general de la ONU.<\/p>\n<blockquote><p>&#13;<\/p>\n<p>\u201cEl secretario Roberto Velasco (@r_velascoa) convers\u00f3 v\u00eda telef\u00f3nica con el secretario general de la @ONU_es, Ant\u00f3nio Guterres (@antonioguterres), con quien destac\u00f3 el compromiso y la disposici\u00f3n permanente de M\u00e9xico de continuar contribuyendo activamente con los organismos internacionales en temas relacionados con la paz y seguridad, derechos humanos y desarrollo sostenible, entre otros\u201d, poste\u00f3 la SRE.<\/p>\n<p>&#13;\n<\/p><\/blockquote>\n<p>\u201cDe igual manera, el <strong>secretario de Relaciones Exteriores<\/strong> refrend\u00f3 que nuestro pa\u00eds seguir\u00e1 contribuyendo de manera activa propuestas que fortalezcan el trabajo, andamiaje y funcionamiento del sistema de la Organizaci\u00f3n de las Naciones Unidas. En ese sentido, Guterres destac\u00f3 que M\u00e9xico es un pilar fundamental del multilateralismo\u201d, public\u00f3.<\/p>\n<p>Adem\u00e1s, el canciller Velasco \u00c1lvarez asisti\u00f3 a la presentaci\u00f3n del informe de resultados de ONU M\u00e9xico 2020-2025, con la coordinadora residente en nuestro pa\u00eds, <strong>Allegra Baiocchi.<\/strong><\/p>\n<p>En la <strong>Cineteca M\u00e9xico<\/strong> sede Chapultepec, se\u00f1al\u00f3 que M\u00e9xico ser\u00e1 nuevamente arquitecto de las instituciones del futuro en el marco de los grandes retos que tienen el mundo y el multilateralismo.&#13;<br \/>\n&#13;\n<\/p>\n<blockquote><p>&#13;<\/p>\n<p>\u201cAsimismo, reiter\u00f3 que el <strong>@GobiernoMX <\/strong>trabaja de la mano con cada una de las agencias, fondos y programas del sistema de Naciones Unidas para incorporar las muy distintas perspectivas que hay en un pa\u00eds tan diverso como el nuestro para asegurar que esas voces resulten beneficiadas a trav\u00e9s de la cooperaci\u00f3n internacional\u201d, inform\u00f3 SRE.&#13;\n<\/p>\n<\/blockquote><\/div>\n<p><script>\n    !function(f,b,e,v,n,t,s)\n    {if(f.fbq)return;n=f.fbq=function(){n.callMethod?\n    n.callMethod.apply(n,arguments):n.queue.push(arguments)};\n    if(!f._fbq)f._fbq=n;n.push=n;n.loaded=!0;n.version='2.0';\n    n.queue=[];t=b.createElement(e);t.async=!0;\n    t.src=v;s=b.getElementsByTagName(e)[0];\n    s.parentNode.insertBefore(t,s)}(window, document,'script',\n    'https:\/\/connect.facebook.net\/en_US\/fbevents.js');\n    fbq('init', '237927003583820');\n    fbq('track', 'PageView');\n  <\/script><script>\n    !function(f,b,e,v,n,t,s)\n    {if(f.fbq)return;n=f.fbq=function(){n.callMethod?\n    n.callMethod.apply(n,arguments):n.queue.push(arguments)};\n    if(!f._fbq)f._fbq=n;n.push=n;n.loaded=!0;n.version='2.0';\n    n.queue=[];t=b.createElement(e);t.async=!0;\n    t.src=v;s=b.getElementsByTagName(e)[0];\n    s.parentNode.insertBefore(t,s)}(window, document,'script',\n    'https:\/\/connect.facebook.net\/en_US\/fbevents.js');\n    fbq('init', '802372280934901');\n    fbq('track', 'PageView');\n    <\/script><br \/>\n<br \/><\/p>\n","protected":false},"excerpt":{"rendered":"<p>El canciller Roberto Velasco \u00c1lvarez convers\u00f3 este jueves con Ant\u00f3nio Guterres, secretario general de la ONU, a quien le expreso la disposici\u00f3n del Gobierno de M\u00e9xico de contribuir activamente con los organismos internacionales en temas como paz y seguridad, derechos humanos y desarrollo sostenible. La Secretar\u00eda de Relaciones Exteriores (SRE) inform\u00f3 que durante la llamada [&hellip;]<\/p>\n","protected":false},"author":2,"featured_media":3908,"comment_status":"","ping_status":"","sticky":false,"template":"","format":"standard","meta":{"footnotes":""},"categories":[2],"tags":[],"class_list":["post-3907","post","type-post","status-publish","format-standard","has-post-thumbnail","hentry","category-local"],"_links":{"self":[{"href":"https:\/\/conexion-mx.com\/index.php?rest_route=\/wp\/v2\/posts\/3907","targetHints":{"allow":["GET"]}}],"collection":[{"href":"https:\/\/conexion-mx.com\/index.php?rest_route=\/wp\/v2\/posts"}],"about":[{"href":"https:\/\/conexion-mx.com\/index.php?rest_route=\/wp\/v2\/types\/post"}],"author":[{"embeddable":true,"href":"https:\/\/conexion-mx.com\/index.php?rest_route=\/wp\/v2\/users\/2"}],"replies":[{"embeddable":true,"href":"https:\/\/conexion-mx.com\/index.php?rest_route=%2Fwp%2Fv2%2Fcomments&post=3907"}],"version-history":[{"count":0,"href":"https:\/\/conexion-mx.com\/index.php?rest_route=\/wp\/v2\/posts\/3907\/revisions"}],"wp:featuredmedia":[{"embeddable":true,"href":"https:\/\/conexion-mx.com\/index.php?rest_route=\/wp\/v2\/media\/3908"}],"wp:attachment":[{"href":"https:\/\/conexion-mx.com\/index.php?rest_route=%2Fwp%2Fv2%2Fmedia&parent=3907"}],"wp:term":[{"taxonomy":"category","embeddable":true,"href":"https:\/\/conexion-mx.com\/index.php?rest_route=%2Fwp%2Fv2%2Fcategories&post=3907"},{"taxonomy":"post_tag","embeddable":true,"href":"https:\/\/conexion-mx.com\/index.php?rest_route=%2Fwp%2Fv2%2Ftags&post=3907"}],"curies":[{"name":"wp","href":"https:\/\/api.w.org\/{rel}","templated":true}]}}