{"id":3911,"date":"2026-04-24T08:20:26","date_gmt":"2026-04-24T13:20:26","guid":{"rendered":"https:\/\/conexion-mx.com\/?p=3911"},"modified":"2026-04-24T08:20:26","modified_gmt":"2026-04-24T13:20:26","slug":"cinema-yancuic-presenta-siete-cortometrajes-del-imcine-para-ninas-y-ninos-este-viernes-24-de-abril-entrada-libre","status":"publish","type":"post","link":"https:\/\/conexion-mx.com\/?p=3911","title":{"rendered":"Cinema Yancuic presenta siete cortometrajes del IMCINE para ni\u00f1as y ni\u00f1os este viernes 24 de abril, entrada libre"},"content":{"rendered":"<p> <br \/>\n<\/p>\n<div itemprop=\"articleBody\">\n<div class=\"txt_contenido\">\n<p>El <strong>Foro Katya Echazarreta del Museo Yancuic <\/strong>abre sus puertas para una funci\u00f3n especial de cortometrajes mexicanos del <strong>IMCINE<\/strong>.\u00a0La programaci\u00f3n re\u00fane siete piezas breves que exploran <strong>la amistad, la aventura, el cuidado del planeta y el valor de arriesgarse a seguir los propios sue\u00f1os.<\/strong><\/p>\n<h2>La programaci\u00f3n completa<\/h2>\n<ul>&#13;<\/p>\n<li>Defectuosos (8 min) \u2014 Un titiritero demuestra que con cari\u00f1o y dedicaci\u00f3n todo merece una segunda oportunidad.<\/li>\n<p>&#13;<\/p>\n<li>El armadillo fronterizo (7 min) \u2014 Un ingenioso armadillo emprende un valiente viaje por amor a su familia.<\/li>\n<p>&#13;<\/p>\n<li>El maestro y la flor (6 min) \u2014 Una peque\u00f1a reflexi\u00f3n sobre el valor de arriesgarse y escuchar al coraz\u00f3n.<\/li>\n<p>&#13;<\/p>\n<li>El regreso del vampiro (7 min) \u2014 Un vampiro despierta en un futuro que no entiende\u2026 y se lleva una gran sorpresa.<\/li>\n<p>&#13;<\/p>\n<li>El relato de Sam Brennan (7 min) \u2014 Para quienes sue\u00f1an con viajes fant\u00e1sticos y grandes aventuras.<\/li>\n<p>&#13;<\/p>\n<li>Elena y las sombras (8 min) \u2014 Un relato conmovedor sobre la amistad y los mundos que descubrimos cuando nos atrevemos a mirar m\u00e1s all\u00e1.<\/li>\n<p>&#13;<\/p>\n<li>Eskimal (9 min) \u2014 Eskimal y Morsa emprenden una misi\u00f3n para salvar el Gran Glaciar en un llamado a cuidar nuestro planeta.<\/li>\n<p>&#13;\n<\/ul>\n<p class=\"image-align-center\"><img loading=\"lazy\" decoding=\"async\" alt=\"\" height=\"400\" src=\"https:\/\/heraldodemexico.com.mx\/u\/fotografias\/m\/2025\/7\/22\/f768x400-1159132_1203035_4253.jpg\" width=\"768\"\/><\/p>\n<aside class=\"htmlinline\"\/>\n<h2>Fecha, lugar y acceso<\/h2>\n<p><strong>Cinema Yancuic <\/strong>se consolida como un espacio de encuentro para las infancias, donde el cine <strong>despierta la imaginaci\u00f3n, fomenta valores y abre espacios de reflexi\u00f3n.<\/strong><\/p>\n<p>La cita es en el <strong>Foro Katya Echazarreta del Museo Yancuic,<\/strong> el <strong>viernes 24 de abril a las 14:00 horas.<\/strong> La entrada es libre para <strong>ni\u00f1as y ni\u00f1os a partir de los 6 a\u00f1os.<\/strong><\/p>\n<\/p><\/div>\n<\/p><\/div>\n<p><script>\n    !function(f,b,e,v,n,t,s)\n    {if(f.fbq)return;n=f.fbq=function(){n.callMethod?\n    n.callMethod.apply(n,arguments):n.queue.push(arguments)};\n    if(!f._fbq)f._fbq=n;n.push=n;n.loaded=!0;n.version='2.0';\n    n.queue=[];t=b.createElement(e);t.async=!0;\n    t.src=v;s=b.getElementsByTagName(e)[0];\n    s.parentNode.insertBefore(t,s)}(window, document,'script',\n    'https:\/\/connect.facebook.net\/en_US\/fbevents.js');\n    fbq('init', '237927003583820');\n    fbq('track', 'PageView');\n  <\/script><br \/>\n<br \/><\/p>\n","protected":false},"excerpt":{"rendered":"<p>El Foro Katya Echazarreta del Museo Yancuic abre sus puertas para una funci\u00f3n especial de cortometrajes mexicanos del IMCINE.\u00a0La programaci\u00f3n re\u00fane siete piezas breves que exploran la amistad, la aventura, el cuidado del planeta y el valor de arriesgarse a seguir los propios sue\u00f1os. La programaci\u00f3n completa &#13; Defectuosos (8 min) \u2014 Un titiritero demuestra [&hellip;]<\/p>\n","protected":false},"author":4,"featured_media":3912,"comment_status":"","ping_status":"","sticky":false,"template":"","format":"standard","meta":{"footnotes":""},"categories":[33],"tags":[],"class_list":["post-3911","post","type-post","status-publish","format-standard","has-post-thumbnail","hentry","category-cultura"],"_links":{"self":[{"href":"https:\/\/conexion-mx.com\/index.php?rest_route=\/wp\/v2\/posts\/3911","targetHints":{"allow":["GET"]}}],"collection":[{"href":"https:\/\/conexion-mx.com\/index.php?rest_route=\/wp\/v2\/posts"}],"about":[{"href":"https:\/\/conexion-mx.com\/index.php?rest_route=\/wp\/v2\/types\/post"}],"author":[{"embeddable":true,"href":"https:\/\/conexion-mx.com\/index.php?rest_route=\/wp\/v2\/users\/4"}],"replies":[{"embeddable":true,"href":"https:\/\/conexion-mx.com\/index.php?rest_route=%2Fwp%2Fv2%2Fcomments&post=3911"}],"version-history":[{"count":0,"href":"https:\/\/conexion-mx.com\/index.php?rest_route=\/wp\/v2\/posts\/3911\/revisions"}],"wp:featuredmedia":[{"embeddable":true,"href":"https:\/\/conexion-mx.com\/index.php?rest_route=\/wp\/v2\/media\/3912"}],"wp:attachment":[{"href":"https:\/\/conexion-mx.com\/index.php?rest_route=%2Fwp%2Fv2%2Fmedia&parent=3911"}],"wp:term":[{"taxonomy":"category","embeddable":true,"href":"https:\/\/conexion-mx.com\/index.php?rest_route=%2Fwp%2Fv2%2Fcategories&post=3911"},{"taxonomy":"post_tag","embeddable":true,"href":"https:\/\/conexion-mx.com\/index.php?rest_route=%2Fwp%2Fv2%2Ftags&post=3911"}],"curies":[{"name":"wp","href":"https:\/\/api.w.org\/{rel}","templated":true}]}}