{"id":3913,"date":"2026-04-24T12:45:41","date_gmt":"2026-04-24T17:45:41","guid":{"rendered":"https:\/\/conexion-mx.com\/?p=3913"},"modified":"2026-04-24T12:45:41","modified_gmt":"2026-04-24T17:45:41","slug":"la-ley-es-para-todos-la-marina-reafirma-su-compromiso-etico-con-los-mexicanos","status":"publish","type":"post","link":"https:\/\/conexion-mx.com\/?p=3913","title":{"rendered":"&#8216;La ley es para todos&#8217;: La Marina reafirma su compromiso \u00e9tico con los mexicanos"},"content":{"rendered":"<p> <br \/>\n<\/p>\n<div itemprop=\"articleBody\">\n<div class=\"txt_contenido\">\n<p>En un mensaje dirigido a fortalecer la <strong>confianza ciudadana<\/strong> y la identidad nacional, la <strong>Secretar\u00eda de Marina (SEMAR) <\/strong>difundi\u00f3 un contundente mensaje\u00a0sobre los valores que rigen a quienes portan el <strong>uniforme naval.<\/strong> Bajo la premisa de que servir al pa\u00eds exige una integridad inquebrantable, la instituci\u00f3n subray\u00f3 que el cumplimiento de la ley no admite excepciones dentro de sus filas.<\/p>\n<p>Para la <strong>Armada de M\u00e9xico<\/strong>, la eficacia en el combate o en las labores de rescate es solo una parte de su misi\u00f3n. Seg\u00fan el mensaje institucional, lo que verdaderamente define a la <strong>Marina<\/strong> es el prop\u00f3sito \u00e9tico que gu\u00eda cada una de sus intervenciones.<\/p>\n<aside class=\"htmlinline\"\/>\n<p>La dependencia enfatiz\u00f3 que la responsabilidad y la congruencia son los pilares de su actuar diario, se\u00f1alando que:<\/p>\n<aside class=\"relacionadas con-foto linea-1078\"><strong class=\"relacionadas-titulo-gral\">Noticias Relacionadas<\/strong><\/aside>\n<h2>Mensaje de certidumbre para los mexicanos<\/h2>\n<blockquote><p>&#13;<\/p>\n<p>Quien ama a M\u00e9xico tiene la responsabilidad de honrarlo. En<strong> Marina<\/strong> la ley es para todos, porque servir a <strong>M\u00e9xico<\/strong> no solo es proteger, es actuar con integridad en cada decisi\u00f3n. Cumplir la ley es honrar el uniforme.\u00bb.<\/p>\n<p>&#13;\n<\/p><\/blockquote>\n<p>Este pronunciamiento ocurre en un contexto donde la sociedad mexicana demanda instituciones s\u00f3lidas y transparentes. Al declarar que \u00abcumplir la ley es honrar el uniforme\u00bb, la <strong>Marina<\/strong> busca proyectar una imagen de orden y justicia interna, asegurando que cada elemento, sin importar su rango, est\u00e1 sujeto al mismo marco legal que cualquier ciudadano.<\/p>\n<p>Con este llamado a la entrega total y sin reservas, la<strong> Marina-Armada de M\u00e9xico<\/strong> busca estrechar su v\u00ednculo con la poblaci\u00f3n, record\u00e1ndoles que su fuerza no solo reside en sus <strong>buques y aeronaves<\/strong>, sino en la calidad moral de sus hombres y mujeres.<\/p>\n<p>El mensaje resuena al apelar a conceptos fundamentales que forman parte del orgullo nacional:<\/p>\n<p><strong>Honor<\/strong>: Como la base de la dignidad personal y profesional.&#13;<br \/>\n&#13;\n<\/p>\n<p><strong>Deber<\/strong>: La obligaci\u00f3n de cumplir con la misi\u00f3n por encima de intereses propios.&#13;<br \/>\n&#13;\n<\/p>\n<p><strong>Lealtad<\/strong>: Un compromiso sagrado con la patria y sus instituciones.&#13;<br \/>\n&#13;\n<\/p>\n<p><strong>Patriotismo<\/strong>: El amor por M\u00e9xico traducido en acciones de servicio.&#13;<br \/>\n&#13;<br \/>\n&#13;\n                                <\/p>\n<\/p><\/div>\n<\/p><\/div>\n<p><script>\n    !function(f,b,e,v,n,t,s)\n    {if(f.fbq)return;n=f.fbq=function(){n.callMethod?\n    n.callMethod.apply(n,arguments):n.queue.push(arguments)};\n    if(!f._fbq)f._fbq=n;n.push=n;n.loaded=!0;n.version='2.0';\n    n.queue=[];t=b.createElement(e);t.async=!0;\n    t.src=v;s=b.getElementsByTagName(e)[0];\n    s.parentNode.insertBefore(t,s)}(window, document,'script',\n    'https:\/\/connect.facebook.net\/en_US\/fbevents.js');\n    fbq('init', '237927003583820');\n    fbq('track', 'PageView');\n  <\/script><script>\n    !function(f,b,e,v,n,t,s)\n    {if(f.fbq)return;n=f.fbq=function(){n.callMethod?\n    n.callMethod.apply(n,arguments):n.queue.push(arguments)};\n    if(!f._fbq)f._fbq=n;n.push=n;n.loaded=!0;n.version='2.0';\n    n.queue=[];t=b.createElement(e);t.async=!0;\n    t.src=v;s=b.getElementsByTagName(e)[0];\n    s.parentNode.insertBefore(t,s)}(window, document,'script',\n    'https:\/\/connect.facebook.net\/en_US\/fbevents.js');\n    fbq('init', '802372280934901');\n    fbq('track', 'PageView');\n    <\/script><br \/>\n<br \/><\/p>\n","protected":false},"excerpt":{"rendered":"<p>En un mensaje dirigido a fortalecer la confianza ciudadana y la identidad nacional, la Secretar\u00eda de Marina (SEMAR) difundi\u00f3 un contundente mensaje\u00a0sobre los valores que rigen a quienes portan el uniforme naval. Bajo la premisa de que servir al pa\u00eds exige una integridad inquebrantable, la instituci\u00f3n subray\u00f3 que el cumplimiento de la ley no admite [&hellip;]<\/p>\n","protected":false},"author":2,"featured_media":3914,"comment_status":"","ping_status":"","sticky":false,"template":"","format":"standard","meta":{"footnotes":""},"categories":[2],"tags":[],"class_list":["post-3913","post","type-post","status-publish","format-standard","has-post-thumbnail","hentry","category-local"],"_links":{"self":[{"href":"https:\/\/conexion-mx.com\/index.php?rest_route=\/wp\/v2\/posts\/3913","targetHints":{"allow":["GET"]}}],"collection":[{"href":"https:\/\/conexion-mx.com\/index.php?rest_route=\/wp\/v2\/posts"}],"about":[{"href":"https:\/\/conexion-mx.com\/index.php?rest_route=\/wp\/v2\/types\/post"}],"author":[{"embeddable":true,"href":"https:\/\/conexion-mx.com\/index.php?rest_route=\/wp\/v2\/users\/2"}],"replies":[{"embeddable":true,"href":"https:\/\/conexion-mx.com\/index.php?rest_route=%2Fwp%2Fv2%2Fcomments&post=3913"}],"version-history":[{"count":0,"href":"https:\/\/conexion-mx.com\/index.php?rest_route=\/wp\/v2\/posts\/3913\/revisions"}],"wp:featuredmedia":[{"embeddable":true,"href":"https:\/\/conexion-mx.com\/index.php?rest_route=\/wp\/v2\/media\/3914"}],"wp:attachment":[{"href":"https:\/\/conexion-mx.com\/index.php?rest_route=%2Fwp%2Fv2%2Fmedia&parent=3913"}],"wp:term":[{"taxonomy":"category","embeddable":true,"href":"https:\/\/conexion-mx.com\/index.php?rest_route=%2Fwp%2Fv2%2Fcategories&post=3913"},{"taxonomy":"post_tag","embeddable":true,"href":"https:\/\/conexion-mx.com\/index.php?rest_route=%2Fwp%2Fv2%2Ftags&post=3913"}],"curies":[{"name":"wp","href":"https:\/\/api.w.org\/{rel}","templated":true}]}}