{"id":3915,"date":"2026-04-24T20:47:34","date_gmt":"2026-04-25T01:47:34","guid":{"rendered":"https:\/\/conexion-mx.com\/?p=3915"},"modified":"2026-04-24T20:47:34","modified_gmt":"2026-04-25T01:47:34","slug":"muere-el-empresario-alfredo-achar-tussie-fundador-de-comex","status":"publish","type":"post","link":"https:\/\/conexion-mx.com\/?p=3915","title":{"rendered":"Muere el empresario Alfredo Achar Tussie, fundador de Comex"},"content":{"rendered":"<p> <br \/>\n<\/p>\n<div itemprop=\"articleBody\">\n<div class=\"txt_contenido\">\n<p><strong>Alfredo Achar Tussie, fundador de\u00a0Comex,<\/strong> falleci\u00f3 este viernes\u00a024 de abril\u00a0a los\u00a085 a\u00f1os, dejando un legado empresarial que lo posicion\u00f3 como una de las figuras m\u00e1s influyentes en el \u00e1mbito privado. El deceso del fil\u00e1ntropo fue confirmado mediante redes sociales.\u00a0<\/p>\n<blockquote><p>&#13;<\/p>\n<p>En paz descanse. Como se habl\u00f3 hoy en la ceremonia que lo despidi\u00f3 rodeado de amigos, familiares y personas que lo quer\u00edan en su paso por este mundo; que su esposa Paz, sus hijos Marcos y El\u00edas, Linda y Allegra vivan llenos de bendiciones hasta 120 a\u00f1os. Hasta siempre, Don Alfredo\u201d, escribi\u00f3\u00a0Javier Sosa Mej\u00eda, presidente de\u00a0PPG Latinoam\u00e9rica<\/p>\n<aside class=\"htmlinline\"\/>&#13;\n<\/p><\/blockquote>\n<p>\u00a0<\/p>\n<\/p><\/div>\n<\/p><\/div>\n<p><script>\n    !function(f,b,e,v,n,t,s)\n    {if(f.fbq)return;n=f.fbq=function(){n.callMethod?\n    n.callMethod.apply(n,arguments):n.queue.push(arguments)};\n    if(!f._fbq)f._fbq=n;n.push=n;n.loaded=!0;n.version='2.0';\n    n.queue=[];t=b.createElement(e);t.async=!0;\n    t.src=v;s=b.getElementsByTagName(e)[0];\n    s.parentNode.insertBefore(t,s)}(window, document,'script',\n    'https:\/\/connect.facebook.net\/en_US\/fbevents.js');\n    fbq('init', '237927003583820');\n    fbq('track', 'PageView');\n  <\/script><script>\n    !function(f,b,e,v,n,t,s)\n    {if(f.fbq)return;n=f.fbq=function(){n.callMethod?\n    n.callMethod.apply(n,arguments):n.queue.push(arguments)};\n    if(!f._fbq)f._fbq=n;n.push=n;n.loaded=!0;n.version='2.0';\n    n.queue=[];t=b.createElement(e);t.async=!0;\n    t.src=v;s=b.getElementsByTagName(e)[0];\n    s.parentNode.insertBefore(t,s)}(window, document,'script',\n    'https:\/\/connect.facebook.net\/en_US\/fbevents.js');\n    fbq('init', '802372280934901');\n    fbq('track', 'PageView');\n    <\/script><br \/>\n<br \/><\/p>\n","protected":false},"excerpt":{"rendered":"<p>Alfredo Achar Tussie, fundador de\u00a0Comex, falleci\u00f3 este viernes\u00a024 de abril\u00a0a los\u00a085 a\u00f1os, dejando un legado empresarial que lo posicion\u00f3 como una de las figuras m\u00e1s influyentes en el \u00e1mbito privado. El deceso del fil\u00e1ntropo fue confirmado mediante redes sociales.\u00a0 &#13; En paz descanse. Como se habl\u00f3 hoy en la ceremonia que lo despidi\u00f3 rodeado de [&hellip;]<\/p>\n","protected":false},"author":2,"featured_media":3916,"comment_status":"","ping_status":"","sticky":false,"template":"","format":"standard","meta":{"footnotes":""},"categories":[2],"tags":[],"class_list":["post-3915","post","type-post","status-publish","format-standard","has-post-thumbnail","hentry","category-local"],"_links":{"self":[{"href":"https:\/\/conexion-mx.com\/index.php?rest_route=\/wp\/v2\/posts\/3915","targetHints":{"allow":["GET"]}}],"collection":[{"href":"https:\/\/conexion-mx.com\/index.php?rest_route=\/wp\/v2\/posts"}],"about":[{"href":"https:\/\/conexion-mx.com\/index.php?rest_route=\/wp\/v2\/types\/post"}],"author":[{"embeddable":true,"href":"https:\/\/conexion-mx.com\/index.php?rest_route=\/wp\/v2\/users\/2"}],"replies":[{"embeddable":true,"href":"https:\/\/conexion-mx.com\/index.php?rest_route=%2Fwp%2Fv2%2Fcomments&post=3915"}],"version-history":[{"count":0,"href":"https:\/\/conexion-mx.com\/index.php?rest_route=\/wp\/v2\/posts\/3915\/revisions"}],"wp:featuredmedia":[{"embeddable":true,"href":"https:\/\/conexion-mx.com\/index.php?rest_route=\/wp\/v2\/media\/3916"}],"wp:attachment":[{"href":"https:\/\/conexion-mx.com\/index.php?rest_route=%2Fwp%2Fv2%2Fmedia&parent=3915"}],"wp:term":[{"taxonomy":"category","embeddable":true,"href":"https:\/\/conexion-mx.com\/index.php?rest_route=%2Fwp%2Fv2%2Fcategories&post=3915"},{"taxonomy":"post_tag","embeddable":true,"href":"https:\/\/conexion-mx.com\/index.php?rest_route=%2Fwp%2Fv2%2Ftags&post=3915"}],"curies":[{"name":"wp","href":"https:\/\/api.w.org\/{rel}","templated":true}]}}