{"id":3923,"date":"2026-04-25T14:26:30","date_gmt":"2026-04-25T19:26:30","guid":{"rendered":"https:\/\/conexion-mx.com\/?p=3923"},"modified":"2026-04-25T14:26:30","modified_gmt":"2026-04-25T19:26:30","slug":"la-biopic-de-michael-jackson-se-queda-corta","status":"publish","type":"post","link":"https:\/\/conexion-mx.com\/?p=3923","title":{"rendered":"La biopic de Michael Jackson se queda corta"},"content":{"rendered":"<p> <br \/>\n<\/p>\n<div>\n<p><strong>\u00c9dgar Apanco<\/strong>, experto en cine ha ofrecido un panorama de las <strong>propuestas cinematogr\u00e1ficas <\/strong>m\u00e1s relevantes de la semana, destacando la cinta biogr\u00e1fica sobre la figura de <strong>Michael Jackson <\/strong>y el estreno mexicano \u00ab<strong>El diablo fuma<\/strong>\u00ab. En entrevista para <strong>Tiempo de Negocios <\/strong>de El Heraldo TV, destac\u00f3 que la biopic del \u00ab<strong>Rey del Pop<\/strong>\u00bb presenta una perspectiva cr\u00edtica sobre su profundidad narrativa, mientras que la producci\u00f3n nacional es se\u00f1alada como una recomendaci\u00f3n imperdible por su originalidad y atm\u00f3sfera cautivadora.<\/p>\n<p>El an\u00e1lisis del documental dedicado a la voz de <strong>Thriller <\/strong>se describe como una producci\u00f3n de gran escala que,\u00a0sin embargo, no logra capturar la totalidad de la vida del \u00eddolo.<\/p>\n<aside class=\"htmlinline\"\/>\n<p>El comentarista se\u00f1al\u00f3 que la obra se asemeja m\u00e1s a ficciones biogr\u00e1ficas como *<strong>Bohemian Rhapsody<\/strong>* y la pel\u00edcula sobre Whitney Houston en su enfoque. En contraste, se distancia de la profundidad y el \u00e9xito de producciones como \u00ab<strong>Rocketman<\/strong>\u00ab, la ficci\u00f3n sobre <strong>Elton John<\/strong>, y \u00ab<strong>Better Man<\/strong>\u00ab, el proyecto sobre <strong>Robbie Williams<\/strong>.<\/p>\n<aside class=\"relacionadas con-foto linea-1078\"><strong class=\"relacionadas-titulo-gral\">Noticias Relacionadas<\/strong><\/aside>\n<p>\u00abSe queda corto en cuanto a contar la historia de un \u00eddolo en todas sus aristas\u00bb, dijo..<\/p>\n<figure class=\"image\"><img loading=\"lazy\" decoding=\"async\" alt=\"\" height=\"435\" src=\"https:\/\/heraldodemexico.com.mx\/u\/fotografias\/m\/2026\/1\/16\/f768x1-1233814_1233941_5050.png\" width=\"768\"\/>&#13;<figcaption>El \u00abRey del Pop\u00bb tuvo una carrera vertiginosa que qued\u00f3 narrada en su pel\u00edcula. FOTO: archivo.<\/figcaption>&#13;<br \/>\n<\/figure>\n<h2>\u00bfEn qu\u00e9 falla la pel\u00edcula de Michael Jackson?<\/h2>\n<p>A pesar de las limitaciones en <strong>la exploraci\u00f3n exhaustiva <\/strong>de la vida del artista, el comentarista resalt\u00f3 aspectos positivos del documental.<\/p>\n<p>\u00abLas actuaciones de sus protagonistas son el punto m\u00e1s destacado y hay algunos momentos memorables\u00bb, dijo.\u00a0<\/p>\n<p>Esta observaci\u00f3n sugiere que, si bien la <strong>narrativa general <\/strong>podr\u00eda no satisfacer las expectativas de una <strong>biograf\u00eda completa<\/strong>, las interpretaciones actorales logran capturar la esencia del personaje en ciertos pasajes.<\/p>\n<figure class=\"image\"><img loading=\"lazy\" decoding=\"async\" alt=\"\" height=\"435\" src=\"https:\/\/heraldodemexico.com.mx\/u\/fotografias\/m\/2025\/2\/23\/f768x1-1089561_1089688_5050.jpg\" width=\"768\"\/>&#13;<figcaption>Ernesto Mart\u00ednez Bucio ha sido reconocido por su direcci\u00f3n en El diablo fuma\u00bb. FOTO: archivo.<\/figcaption>&#13;<br \/>\n<\/figure>\n<h2>\u00abEl diablo fuma\u00bb: La joya del cine mexicano<\/h2>\n<p>La segunda recomendaci\u00f3n de la semana se centra en el <strong>cine mexicano <\/strong>con el estreno de <strong>\u00abEl diablo fuma\u00bb<\/strong>, una propuesta que capta la atenci\u00f3n desde su t\u00edtulo. La trama se desarrolla en los a\u00f1os 90 y presenta a unos ni\u00f1os que quedan solos en su casa. La situaci\u00f3n toma un giro inesperado cuando su <strong>abuela<\/strong>, con ideas particulares sobre la presencia del diablo en su hogar y c\u00f3mo evitarla, asume su cuidado.&#13;<br \/>\n&#13;\n<\/p>\n<p>La pel\u00edcula ha tenido un recorrido exitoso en <strong>festivales de cine<\/strong>, destacando su paso por <strong>la Berlinale de 2025<\/strong>, donde fue presentada hace un a\u00f1o. La cr\u00edtica subraya la calidad de su atm\u00f3sfera.&#13;<br \/>\n&#13;\n<\/p>\n<p>\u00abTiene una atm\u00f3sfera intrigante, cautivadora, es un tanto on\u00edrica incluso esta atm\u00f3sfera y sin duda es una opci\u00f3n que tenemos que buscar en la sala de cine m\u00e1s cercana a nosotros porque tenemos que verla en cine.\u00bb&#13;<br \/>\n&#13;\n<\/p>\n<p>Dirigida por <strong>Ernesto Mart\u00ednez Bucio <\/strong>y con guion de <strong>Karen Plata<\/strong>, inspirado en un poema de la misma autora, \u00abEl diablo fuma\u00bb es considerada la recomendaci\u00f3n cinematogr\u00e1fica m\u00e1s fuerte de la semana, instando al p\u00fablico a experimentarla en la gran pantalla. Finalmente, el comentarista invit\u00f3 a la <strong>audiencia <\/strong>a mantenerse atenta a las novedades que surjan del v\u00ednculo entre M\u00e9xico y Espa\u00f1a en el marco de las jornadas audiovisuales.<br \/>&#13;<br \/>\n\u00a0&#13;<br \/>\n&#13;<br \/>\n&#13;\n                                <\/p>\n<\/p><\/div>\n<p><script>\n    !function(f,b,e,v,n,t,s)\n    {if(f.fbq)return;n=f.fbq=function(){n.callMethod?\n    n.callMethod.apply(n,arguments):n.queue.push(arguments)};\n    if(!f._fbq)f._fbq=n;n.push=n;n.loaded=!0;n.version='2.0';\n    n.queue=[];t=b.createElement(e);t.async=!0;\n    t.src=v;s=b.getElementsByTagName(e)[0];\n    s.parentNode.insertBefore(t,s)}(window, document,'script',\n    'https:\/\/connect.facebook.net\/en_US\/fbevents.js');\n    fbq('init', '237927003583820');\n    fbq('track', 'PageView');\n  <\/script><script>\n    !function(f,b,e,v,n,t,s)\n    {if(f.fbq)return;n=f.fbq=function(){n.callMethod?\n    n.callMethod.apply(n,arguments):n.queue.push(arguments)};\n    if(!f._fbq)f._fbq=n;n.push=n;n.loaded=!0;n.version='2.0';\n    n.queue=[];t=b.createElement(e);t.async=!0;\n    t.src=v;s=b.getElementsByTagName(e)[0];\n    s.parentNode.insertBefore(t,s)}(window, document,'script',\n    'https:\/\/connect.facebook.net\/en_US\/fbevents.js');\n    fbq('init', '1188480345046653');\n    fbq('track', 'PageView');\n    <\/script><br \/>\n<br \/><\/p>\n","protected":false},"excerpt":{"rendered":"<p>\u00c9dgar Apanco, experto en cine ha ofrecido un panorama de las propuestas cinematogr\u00e1ficas m\u00e1s relevantes de la semana, destacando la cinta biogr\u00e1fica sobre la figura de Michael Jackson y el estreno mexicano \u00abEl diablo fuma\u00ab. En entrevista para Tiempo de Negocios de El Heraldo TV, destac\u00f3 que la biopic del \u00abRey del Pop\u00bb presenta una [&hellip;]<\/p>\n","protected":false},"author":3,"featured_media":3924,"comment_status":"","ping_status":"","sticky":false,"template":"","format":"standard","meta":{"footnotes":""},"categories":[34],"tags":[],"class_list":["post-3923","post","type-post","status-publish","format-standard","has-post-thumbnail","hentry","category-sociedad"],"_links":{"self":[{"href":"https:\/\/conexion-mx.com\/index.php?rest_route=\/wp\/v2\/posts\/3923","targetHints":{"allow":["GET"]}}],"collection":[{"href":"https:\/\/conexion-mx.com\/index.php?rest_route=\/wp\/v2\/posts"}],"about":[{"href":"https:\/\/conexion-mx.com\/index.php?rest_route=\/wp\/v2\/types\/post"}],"author":[{"embeddable":true,"href":"https:\/\/conexion-mx.com\/index.php?rest_route=\/wp\/v2\/users\/3"}],"replies":[{"embeddable":true,"href":"https:\/\/conexion-mx.com\/index.php?rest_route=%2Fwp%2Fv2%2Fcomments&post=3923"}],"version-history":[{"count":0,"href":"https:\/\/conexion-mx.com\/index.php?rest_route=\/wp\/v2\/posts\/3923\/revisions"}],"wp:featuredmedia":[{"embeddable":true,"href":"https:\/\/conexion-mx.com\/index.php?rest_route=\/wp\/v2\/media\/3924"}],"wp:attachment":[{"href":"https:\/\/conexion-mx.com\/index.php?rest_route=%2Fwp%2Fv2%2Fmedia&parent=3923"}],"wp:term":[{"taxonomy":"category","embeddable":true,"href":"https:\/\/conexion-mx.com\/index.php?rest_route=%2Fwp%2Fv2%2Fcategories&post=3923"},{"taxonomy":"post_tag","embeddable":true,"href":"https:\/\/conexion-mx.com\/index.php?rest_route=%2Fwp%2Fv2%2Ftags&post=3923"}],"curies":[{"name":"wp","href":"https:\/\/api.w.org\/{rel}","templated":true}]}}