{"id":3929,"date":"2026-04-25T22:00:31","date_gmt":"2026-04-26T03:00:31","guid":{"rendered":"https:\/\/conexion-mx.com\/?p=3929"},"modified":"2026-04-25T22:00:31","modified_gmt":"2026-04-26T03:00:31","slug":"se-cancela-cicloton-en-cdmx-por-la-contingencia-ambiental-en-valle-de-mexico-esto-sabemos","status":"publish","type":"post","link":"https:\/\/conexion-mx.com\/?p=3929","title":{"rendered":"\u00bfSe cancela Ciclot\u00f3n en CDMX por la Contingencia Ambiental en Valle de M\u00e9xico? Esto sabemos"},"content":{"rendered":"<p> <br \/>\n<\/p>\n<div>\n<p>Tras la <strong>activaci\u00f3n <\/strong>de la <strong>Contingencia Ambiental<\/strong>, la Jefa de Gobierno de la Ciudad de M\u00e9xico (CDMX), <strong>Clara Brugada<\/strong> Molina, <strong>confirm\u00f3<\/strong> mediante sus\u00a0redes sociales oficiales que <strong>quedan suspendidas todas las actividades al aire libre<\/strong>.<\/p>\n<p>No solamente se cancela el <strong>Ciclot\u00f3n<\/strong> programado para el <strong>domingo 26 de abril<\/strong>, sino tambi\u00e9n el <strong>Zocalito de las Infancias<\/strong>, que se llevar\u00eda a cabo en la plancha del z\u00f3calo, con <strong>m\u00e1s de 100 actividades gratuitas<\/strong> para las ni\u00f1as y los ni\u00f1os de la CDMX.<\/p>\n<aside class=\"htmlinline\"\/>\n<p>Recordemos que el <strong>Paseo Dominical<\/strong>, que se realiza cada domingo sobre Paseo de la Reforma, <strong>se hab\u00eda cancelado<\/strong> debido a que se llevar\u00eda a cabo el\u00a0<strong>Ciclot\u00f3n<\/strong>,\u00a0un evento deportivo organizado por el Instituto del Deporte de la Ciudad de M\u00e9xico (<strong>Indeporte<\/strong>) que <strong>consistir\u00eda\u00a0en un circuito de 62.5 km para recorrer en bicicleta<\/strong>, desde las 8:00 hasta\u00a0las 14:00 horas, con motivo del D\u00eda del Ni\u00f1o y la Ni\u00f1a.<\/p>\n<aside class=\"relacionadas con-foto linea-1078\"><strong class=\"relacionadas-titulo-gral\">Noticias Relacionadas<\/strong><\/aside>\n<h2>Se mantiene Contingencia Ambiental<\/h2>\n<p>La <strong>Comisi\u00f3n Ambiental de la Megal\u00f3polis<\/strong> (CAMe) inform\u00f3 mediante un comunicado\u00a0que<strong> se mantiene la Fase I de contingencia ambiental atmosf\u00e9rica<\/strong> por ozono <strong>en la Zona Metropolitana del Valle de M\u00e9xico (ZMVM)<\/strong> y sus medidas para el <strong>domingo 26 de abril del 2026<\/strong>, con el <strong>objeto de disminuir la exposici\u00f3n de la poblaci\u00f3n al aire contaminado<\/strong> y el riesgo de afectaci\u00f3n a su salud, as\u00ed como para reducir la emisi\u00f3n de contaminantes.<\/p>\n<p>Al respecto, <strong>no podr\u00e1n circular<\/strong> los siguientes veh\u00edculos ma\u00f1ana domingo 26 de abril, <strong>en horario de las 5:00 a las 22:00 horas<\/strong>:<\/p>\n<ul>&#13;<\/p>\n<li>Los veh\u00edculos de uso particular con <strong>holograma de verificaci\u00f3n 2<\/strong>.\u00a0<\/li>\n<p>&#13;<\/p>\n<li>Los veh\u00edculos de uso particular con <strong>holograma de verificaci\u00f3n 1<\/strong>, cuyo <strong>\u00faltimo d\u00edgito num\u00e9rico sea 2, 4, 6, 8 y 0<\/strong>.<\/li>\n<p>&#13;<\/p>\n<li>Los veh\u00edculos de uso particular con <strong>holograma de verificaci\u00f3n 0 y 00<\/strong>, <strong>engomado amarillo, terminaci\u00f3n de placa 5 o 6<\/strong>.<\/li>\n<p>&#13;<\/p>\n<li>Las <strong>unidades que no porten holograma de verificaci\u00f3n<\/strong>, como los veh\u00edculos antiguos, de demostraci\u00f3n o traslado, o nuevos, <strong>con permisos de circulaci\u00f3n, los que tienen pase tur\u00edstico<\/strong>, <strong>placas for\u00e1neas<\/strong> o con <strong>placas formadas por letras.<\/strong><\/li>\n<p>&#13;\n<\/ul>\n<p>Adem\u00e1s <strong>se restringe\u00a0la circulaci\u00f3n del 50% de las unidades de reparto de gas L.P<\/strong>. a tanques estacionarios,<strong> que no cuenten con v\u00e1lvula de desconexi\u00f3n seca<\/strong>, cuya terminaci\u00f3n de matr\u00edcula sea PAR.<\/p>\n<p><strong>Los veh\u00edculos de carga local o federal, dejan de circular entre las 6:00 y las 10:00 horas<\/strong>, con excepci\u00f3n de aquellos que se encuentren en el Programa de Autorregulaci\u00f3n de la CDMX o del EDOMEX.<\/p>\n<p>En el caso de los taxis con holograma de verificaci\u00f3n \u201c00\u201d, \u201c0\u201d, \u201c1\u201d o \u201c2\u201d que deban dejar de circular de acuerdo con las disposiciones indicadas anteriormente, <strong>les aplicar\u00e1 la restricci\u00f3n a la circulaci\u00f3n de las 10:00 a las 22:00 horas<\/strong>.&#13;<br \/>\n&#13;<br \/>\n&#13;\n                                <\/p>\n<\/p><\/div>\n<p><script>\n    !function(f,b,e,v,n,t,s)\n    {if(f.fbq)return;n=f.fbq=function(){n.callMethod?\n    n.callMethod.apply(n,arguments):n.queue.push(arguments)};\n    if(!f._fbq)f._fbq=n;n.push=n;n.loaded=!0;n.version='2.0';\n    n.queue=[];t=b.createElement(e);t.async=!0;\n    t.src=v;s=b.getElementsByTagName(e)[0];\n    s.parentNode.insertBefore(t,s)}(window, document,'script',\n    'https:\/\/connect.facebook.net\/en_US\/fbevents.js');\n    fbq('init', '237927003583820');\n    fbq('track', 'PageView');\n  <\/script><script>\n    !function(f,b,e,v,n,t,s)\n    {if(f.fbq)return;n=f.fbq=function(){n.callMethod?\n    n.callMethod.apply(n,arguments):n.queue.push(arguments)};\n    if(!f._fbq)f._fbq=n;n.push=n;n.loaded=!0;n.version='2.0';\n    n.queue=[];t=b.createElement(e);t.async=!0;\n    t.src=v;s=b.getElementsByTagName(e)[0];\n    s.parentNode.insertBefore(t,s)}(window, document,'script',\n    'https:\/\/connect.facebook.net\/en_US\/fbevents.js');\n    fbq('init', '802372280934901');\n    fbq('track', 'PageView');\n    <\/script><br \/>\n<br \/><\/p>\n","protected":false},"excerpt":{"rendered":"<p>Tras la activaci\u00f3n de la Contingencia Ambiental, la Jefa de Gobierno de la Ciudad de M\u00e9xico (CDMX), Clara Brugada Molina, confirm\u00f3 mediante sus\u00a0redes sociales oficiales que quedan suspendidas todas las actividades al aire libre. No solamente se cancela el Ciclot\u00f3n programado para el domingo 26 de abril, sino tambi\u00e9n el Zocalito de las Infancias, que [&hellip;]<\/p>\n","protected":false},"author":2,"featured_media":3930,"comment_status":"","ping_status":"","sticky":false,"template":"","format":"standard","meta":{"footnotes":""},"categories":[2],"tags":[],"class_list":["post-3929","post","type-post","status-publish","format-standard","has-post-thumbnail","hentry","category-local"],"_links":{"self":[{"href":"https:\/\/conexion-mx.com\/index.php?rest_route=\/wp\/v2\/posts\/3929","targetHints":{"allow":["GET"]}}],"collection":[{"href":"https:\/\/conexion-mx.com\/index.php?rest_route=\/wp\/v2\/posts"}],"about":[{"href":"https:\/\/conexion-mx.com\/index.php?rest_route=\/wp\/v2\/types\/post"}],"author":[{"embeddable":true,"href":"https:\/\/conexion-mx.com\/index.php?rest_route=\/wp\/v2\/users\/2"}],"replies":[{"embeddable":true,"href":"https:\/\/conexion-mx.com\/index.php?rest_route=%2Fwp%2Fv2%2Fcomments&post=3929"}],"version-history":[{"count":0,"href":"https:\/\/conexion-mx.com\/index.php?rest_route=\/wp\/v2\/posts\/3929\/revisions"}],"wp:featuredmedia":[{"embeddable":true,"href":"https:\/\/conexion-mx.com\/index.php?rest_route=\/wp\/v2\/media\/3930"}],"wp:attachment":[{"href":"https:\/\/conexion-mx.com\/index.php?rest_route=%2Fwp%2Fv2%2Fmedia&parent=3929"}],"wp:term":[{"taxonomy":"category","embeddable":true,"href":"https:\/\/conexion-mx.com\/index.php?rest_route=%2Fwp%2Fv2%2Fcategories&post=3929"},{"taxonomy":"post_tag","embeddable":true,"href":"https:\/\/conexion-mx.com\/index.php?rest_route=%2Fwp%2Fv2%2Ftags&post=3929"}],"curies":[{"name":"wp","href":"https:\/\/api.w.org\/{rel}","templated":true}]}}