{"id":3931,"date":"2026-04-26T06:18:36","date_gmt":"2026-04-26T11:18:36","guid":{"rendered":"https:\/\/conexion-mx.com\/?p=3931"},"modified":"2026-04-26T06:18:36","modified_gmt":"2026-04-26T11:18:36","slug":"manolo-cardona-carolina-miranda-y-erick-elias-protagonizan-la-serie-los-encantos-del-sinverguenza-para-vix","status":"publish","type":"post","link":"https:\/\/conexion-mx.com\/?p=3931","title":{"rendered":"Manolo Cardona, Carolina Miranda y Erick El\u00edas protagonizan la serie \u201cLos encantos del sinverg\u00fcenza\u201d para Vix"},"content":{"rendered":"<p> <br \/>\n<\/p>\n<div>\n<p>Para ser actor debes perderle el miedo al rid\u00edculo y tener la seguridad de hablar abiertamente de tus sentimientos, al menos as\u00ed lo creen los actores <strong>Manolo Cardona, Carolina Miranda y Erick El\u00edas<\/strong>, quienes consideran que ellos van por la vida sin verg\u00fcenza alguna.\u00a0<\/p>\n<blockquote><p>&#13;<\/p>\n<p>\u201cLo tengo claro desde chiquita, pero en el buen sentido, desde entonces era un caos y no me daba pena nada decir las cosas como van, amo eso de mi personalidad y se vuelve muy divertido y atractivo\u2026 Adem\u00e1s, creo que para ser actores lo primero que no tenemos que tener es verg\u00fcenza, entonces somos as\u00ed y lo disfrutamos mucho\u201d, dijo <strong>Miranda<\/strong>.\u00a0<\/p>\n<aside class=\"htmlinline\"\/>&#13;\n<\/p><\/blockquote>\n<p><strong>La actriz da vida a \u2018Alma\u2019 en la serie \u201cLos encantos del sinverg\u00fcenza\u201d,<\/strong> en la cual se ve inmersa en un tri\u00e1ngulo amoroso entre los papeles de Cardona, como <strong>\u2018Francisco\u2019, y El\u00edas, como \u2018Bernardo\u2019, el primero un Don Jua<\/strong>n que seduce a todas las mujeres del poblado, y el segundo, un eterno enamorado de ella, pero ambos sinverg\u00fcenzas tambi\u00e9n en la vida real.\u00a0<\/p>\n<blockquote><p>&#13;<\/p>\n<p>\u201cA m\u00ed me llama la atenci\u00f3n llegarle por un lado positivo a alguien y decir las cosas que pienso, a veces me meto problemas, a veces no, pero s\u00ed quiero quitarme esa barrera de no tenerle miedo a decir qui\u00e9n soy. Y por otro lado, tambi\u00e9n s\u00ed soy muy controlador y defiendo lo m\u00edo, obviamente con mis l\u00edmites, pero s\u00ed tengo esa misma personalidad de querer proteger a los m\u00edos\u201d, <strong>explic\u00f3 El\u00edas.<\/strong><\/p>\n<p>&#13;\n<\/p><\/blockquote>\n<p>Mientras que <strong>Cardona <\/strong>se\u00f1al\u00f3 que \u00e9l no pierde el ni\u00f1o que lleva dentro y que le gusta jugar con esa idea como actor, por eso se identifica con su personaje, porque siente que esa desfachatez es la que lo hace \u00fanico y lo que lo lleva a conocer el amor:<\/p>\n<blockquote><p>&#13;<\/p>\n<p>\u201cEse sentimiento se lo va a ense\u00f1ar \u2018Alma\u2019 porque \u00e9l no conoce otra cosa que no sea la poligamia\u201d.<\/p>\n<p>&#13;\n<\/p><\/blockquote>\n<blockquote><p>&#13;<\/p>\n<p>\u201cFue muy padre meter ese ni\u00f1o interior a jugar, porque era un personaje que ten\u00eda que estar arriba, ten\u00eda que ser extrovertido, dicharachero y con la energ\u00eda muy arriba y eso fue todo un reto\u201d, agreg\u00f3 el colombiano.\u00a0<\/p>\n<p>&#13;\n<\/p><\/blockquote>\n<p>La historia es una adaptaci\u00f3n del libro<strong> \u201cMemorias de un sinverg\u00fcenza de Siete suelas\u201d<\/strong> de<strong> \u00c1ngela B\u00e9cquerra<\/strong>, en la cual trabaj\u00f3 el mismo <strong>Cardona<\/strong>, porque tambi\u00e9n es productor:\u00a0&#13;<br \/>\n&#13;\n<\/p>\n<blockquote><p>&#13;<\/p>\n<p>\u201cHubo tantos cambios en el guion que a los actores preferimos darles el texto directo para no confundirlos\u201d.&#13;\n<\/p>\n<\/blockquote>\n<p>Si bien es un thriller, porque toda est\u00e1 narrada desde la voz de su personaje, quien muere al inicio de la serie, tiene muchos toques de comedia y drama.&#13;<br \/>\n&#13;\n<\/p>\n<p>\u00a0&#13;<br \/>\n&#13;\n<\/p>\n<h2><strong>A DETALLE<\/strong><\/h2>\n<ul>&#13;<\/p>\n<li>Se estrena este viernes, saldr\u00e1n cinco episodios cada semana.<\/li>\n<p>&#13;<\/p>\n<li>Cardona es productor de este proyecto, mismo que se film\u00f3 en Colombia.<\/li>\n<p>&#13;<\/p>\n<li>20 episodios tiene la serie.<\/li>\n<p>&#13;\n<\/ul>\n<p>\u00a0&#13;<br \/>\n&#13;\n<\/p>\n<p>MAAZ&#13;<br \/>\n&#13;\n<\/p>\n<p>\u00a0&#13;<br \/>\n&#13;<br \/>\n&#13;\n                                <\/p>\n<\/p><\/div>\n<p><script>\n    !function(f,b,e,v,n,t,s)\n    {if(f.fbq)return;n=f.fbq=function(){n.callMethod?\n    n.callMethod.apply(n,arguments):n.queue.push(arguments)};\n    if(!f._fbq)f._fbq=n;n.push=n;n.loaded=!0;n.version='2.0';\n    n.queue=[];t=b.createElement(e);t.async=!0;\n    t.src=v;s=b.getElementsByTagName(e)[0];\n    s.parentNode.insertBefore(t,s)}(window, document,'script',\n    'https:\/\/connect.facebook.net\/en_US\/fbevents.js');\n    fbq('init', '237927003583820');\n    fbq('track', 'PageView');\n  <\/script><script>\n    !function(f,b,e,v,n,t,s)\n    {if(f.fbq)return;n=f.fbq=function(){n.callMethod?\n    n.callMethod.apply(n,arguments):n.queue.push(arguments)};\n    if(!f._fbq)f._fbq=n;n.push=n;n.loaded=!0;n.version='2.0';\n    n.queue=[];t=b.createElement(e);t.async=!0;\n    t.src=v;s=b.getElementsByTagName(e)[0];\n    s.parentNode.insertBefore(t,s)}(window, document,'script',\n    'https:\/\/connect.facebook.net\/en_US\/fbevents.js');\n    fbq('init', '775201487065840');\n    fbq('track', 'PageView');\n    <\/script><br \/>\n<br \/><\/p>\n","protected":false},"excerpt":{"rendered":"<p>Para ser actor debes perderle el miedo al rid\u00edculo y tener la seguridad de hablar abiertamente de tus sentimientos, al menos as\u00ed lo creen los actores Manolo Cardona, Carolina Miranda y Erick El\u00edas, quienes consideran que ellos van por la vida sin verg\u00fcenza alguna.\u00a0 &#13; \u201cLo tengo claro desde chiquita, pero en el buen sentido, [&hellip;]<\/p>\n","protected":false},"author":3,"featured_media":3932,"comment_status":"","ping_status":"","sticky":false,"template":"","format":"standard","meta":{"footnotes":""},"categories":[35],"tags":[],"class_list":["post-3931","post","type-post","status-publish","format-standard","has-post-thumbnail","hentry","category-espectaculos"],"_links":{"self":[{"href":"https:\/\/conexion-mx.com\/index.php?rest_route=\/wp\/v2\/posts\/3931","targetHints":{"allow":["GET"]}}],"collection":[{"href":"https:\/\/conexion-mx.com\/index.php?rest_route=\/wp\/v2\/posts"}],"about":[{"href":"https:\/\/conexion-mx.com\/index.php?rest_route=\/wp\/v2\/types\/post"}],"author":[{"embeddable":true,"href":"https:\/\/conexion-mx.com\/index.php?rest_route=\/wp\/v2\/users\/3"}],"replies":[{"embeddable":true,"href":"https:\/\/conexion-mx.com\/index.php?rest_route=%2Fwp%2Fv2%2Fcomments&post=3931"}],"version-history":[{"count":0,"href":"https:\/\/conexion-mx.com\/index.php?rest_route=\/wp\/v2\/posts\/3931\/revisions"}],"wp:featuredmedia":[{"embeddable":true,"href":"https:\/\/conexion-mx.com\/index.php?rest_route=\/wp\/v2\/media\/3932"}],"wp:attachment":[{"href":"https:\/\/conexion-mx.com\/index.php?rest_route=%2Fwp%2Fv2%2Fmedia&parent=3931"}],"wp:term":[{"taxonomy":"category","embeddable":true,"href":"https:\/\/conexion-mx.com\/index.php?rest_route=%2Fwp%2Fv2%2Fcategories&post=3931"},{"taxonomy":"post_tag","embeddable":true,"href":"https:\/\/conexion-mx.com\/index.php?rest_route=%2Fwp%2Fv2%2Ftags&post=3931"}],"curies":[{"name":"wp","href":"https:\/\/api.w.org\/{rel}","templated":true}]}}