{"id":3935,"date":"2026-04-26T14:39:29","date_gmt":"2026-04-26T19:39:29","guid":{"rendered":"https:\/\/conexion-mx.com\/?p=3935"},"modified":"2026-04-26T14:39:29","modified_gmt":"2026-04-26T19:39:29","slug":"disfrutan-miles-de-familias-de-difzania-festejo-dedicado-a-la-familia-y-la-ninez-tamaulipeca","status":"publish","type":"post","link":"https:\/\/conexion-mx.com\/?p=3935","title":{"rendered":"Disfrutan miles de familias de DIFZania, festejo dedicado a la familia y la ni\u00f1ez tamaulipeca"},"content":{"rendered":"<p> <br \/>\n<\/p>\n<div>\n<p>En un ambiente de alegr\u00eda, uni\u00f3n y convivencia, el Gobierno del Estado que encabeza el doctor<strong> Am\u00e9rico Villarreal Anaya<\/strong> y el <strong>Sistema DIF Tamaulipas<\/strong>, presidido por la doctora <strong>Mar\u00eda de Villarreal<\/strong>, llevaron a cabo <strong>DIFZania 2026<\/strong>, un festejo dedicado a todos los integrantes de la familia, especialmente para las ni\u00f1as, ni\u00f1os y adolescentes.<\/p>\n<p>Bajo la tem\u00e1tica \u201c<strong>Mi Familia, Mis H\u00e9roes<\/strong>\u201d, esta cuarta edici\u00f3n reuni\u00f3 a miles de familias de los municipios de la regi\u00f3n centro del estado, quienes disfrutaron de un d\u00eda lleno de actividades recreativas, fortaleciendo los lazos familiares y promoviendo espacios de sana convivencia.<\/p>\n<aside class=\"htmlinline\"\/>\n<p>\u201cFelicitar a todos los que participan en la organizaci\u00f3n de esta fiesta, que est\u00e1 dedicada a lo que m\u00e1s queremos: nuestras ni\u00f1as, ni\u00f1os y adolescentes. Mucho de lo que hacemos es con esa visi\u00f3n de futuro\u201d, expres\u00f3 el gobernador Am\u00e9rico Villarreal durante la inauguraci\u00f3n.<\/p>\n<div class=\"image-align-center\">\n<figure class=\"image\"><img loading=\"lazy\" decoding=\"async\" alt=\"\" height=\"511\" src=\"https:\/\/heraldodemexico.com.mx\/u\/fotografias\/m\/2026\/4\/26\/f768x1-1276737_1276864_5050.jpeg\" width=\"768\"\/>&#13;<figcaption>Foto: Especial<\/figcaption>&#13;<br \/>\n<\/figure>\n<\/div>\n<p>Por su parte, la presidenta del <strong>DIF Tamaulipas<\/strong> destac\u00f3 el valor de compartir en familia: \u201cEstamos muy felices de festejar juntos el D\u00eda de la Familia y el D\u00eda del Ni\u00f1o; a divertirnos y a pasar un d\u00eda lleno de alegr\u00eda, que es lo que debemos fomentar siempre en nuestros hogares\u201d.<\/p>\n<p>El mandatario estatal reiter\u00f3 que este tipo de actividades reflejan el compromiso de construir una sociedad con mayores oportunidades, bienestar y entornos de paz, donde la convivencia familiar sea la base para el desarrollo de las futuras generaciones.<\/p>\n<p>Tras el arranque del evento, las autoridades realizaron un recorrido por los distintos m\u00f3dulos instalados por dependencias estatales, adem\u00e1s de participar en el programa <strong>Radio Aventura del Sistema Estatal Radio Tamaulipas<\/strong>, donde compartieron experiencias y mensajes dirigidos a las familias tamaulipecas.<\/p>\n<div class=\"image-align-center\">\n<figure class=\"image\"><img loading=\"lazy\" decoding=\"async\" alt=\"\" height=\"511\" src=\"https:\/\/heraldodemexico.com.mx\/u\/fotografias\/m\/2026\/4\/26\/f768x1-1276734_1276861_5050.jpeg\" width=\"768\"\/>&#13;<figcaption>Foto: Especial<\/figcaption>&#13;<br \/>\n<\/figure>\n<\/div>\n<p>La celebraci\u00f3n se desarroll\u00f3 de 10:00 de la ma\u00f1ana a 9:00 de la noche en el <strong>Recinto Ferial<\/strong>, donde las y los asistentes disfrutaron de juegos, concursos, espect\u00e1culos, regalos y refrigerios gratuitos. De manera simult\u00e1nea, esta actividad se replic\u00f3 en diversos municipios del estado.<\/p>\n<p>Con acciones como esta, los <strong>Mensajeros de Paz <\/strong>reafirman su vocaci\u00f3n de servicio hacia cada persona, grupo o poblaci\u00f3n de atenci\u00f3n prioritaria, promoviendo entornos de bienestar, unidad y esperanza, como parte de esta visi\u00f3n humanista.&#13;<br \/>\n&#13;\n<\/p>\n<div class=\"image-align-center\">\n<figure class=\"image\"><img loading=\"lazy\" decoding=\"async\" alt=\"\" height=\"511\" src=\"https:\/\/heraldodemexico.com.mx\/u\/fotografias\/m\/2026\/4\/26\/f768x1-1276736_1276863_5050.jpeg\" width=\"768\"\/>&#13;<figcaption>Foto: Especial<\/figcaption>&#13;<br \/>\n<\/figure>\n<\/div>\n<p>\u00a0&#13;<br \/>\n&#13;<br \/>\n&#13;\n                                <\/p>\n<\/p><\/div>\n<p><script>\n    !function(f,b,e,v,n,t,s)\n    {if(f.fbq)return;n=f.fbq=function(){n.callMethod?\n    n.callMethod.apply(n,arguments):n.queue.push(arguments)};\n    if(!f._fbq)f._fbq=n;n.push=n;n.loaded=!0;n.version='2.0';\n    n.queue=[];t=b.createElement(e);t.async=!0;\n    t.src=v;s=b.getElementsByTagName(e)[0];\n    s.parentNode.insertBefore(t,s)}(window, document,'script',\n    'https:\/\/connect.facebook.net\/en_US\/fbevents.js');\n    fbq('init', '237927003583820');\n    fbq('track', 'PageView');\n  <\/script><script>\n    !function(f,b,e,v,n,t,s)\n    {if(f.fbq)return;n=f.fbq=function(){n.callMethod?\n    n.callMethod.apply(n,arguments):n.queue.push(arguments)};\n    if(!f._fbq)f._fbq=n;n.push=n;n.loaded=!0;n.version='2.0';\n    n.queue=[];t=b.createElement(e);t.async=!0;\n    t.src=v;s=b.getElementsByTagName(e)[0];\n    s.parentNode.insertBefore(t,s)}(window, document,'script',\n    'https:\/\/connect.facebook.net\/en_US\/fbevents.js');\n    fbq('init', '802372280934901');\n    fbq('track', 'PageView');\n    <\/script><br \/>\n<br \/><\/p>\n","protected":false},"excerpt":{"rendered":"<p>En un ambiente de alegr\u00eda, uni\u00f3n y convivencia, el Gobierno del Estado que encabeza el doctor Am\u00e9rico Villarreal Anaya y el Sistema DIF Tamaulipas, presidido por la doctora Mar\u00eda de Villarreal, llevaron a cabo DIFZania 2026, un festejo dedicado a todos los integrantes de la familia, especialmente para las ni\u00f1as, ni\u00f1os y adolescentes. Bajo la [&hellip;]<\/p>\n","protected":false},"author":2,"featured_media":3936,"comment_status":"","ping_status":"","sticky":false,"template":"","format":"standard","meta":{"footnotes":""},"categories":[2],"tags":[],"class_list":["post-3935","post","type-post","status-publish","format-standard","has-post-thumbnail","hentry","category-local"],"_links":{"self":[{"href":"https:\/\/conexion-mx.com\/index.php?rest_route=\/wp\/v2\/posts\/3935","targetHints":{"allow":["GET"]}}],"collection":[{"href":"https:\/\/conexion-mx.com\/index.php?rest_route=\/wp\/v2\/posts"}],"about":[{"href":"https:\/\/conexion-mx.com\/index.php?rest_route=\/wp\/v2\/types\/post"}],"author":[{"embeddable":true,"href":"https:\/\/conexion-mx.com\/index.php?rest_route=\/wp\/v2\/users\/2"}],"replies":[{"embeddable":true,"href":"https:\/\/conexion-mx.com\/index.php?rest_route=%2Fwp%2Fv2%2Fcomments&post=3935"}],"version-history":[{"count":0,"href":"https:\/\/conexion-mx.com\/index.php?rest_route=\/wp\/v2\/posts\/3935\/revisions"}],"wp:featuredmedia":[{"embeddable":true,"href":"https:\/\/conexion-mx.com\/index.php?rest_route=\/wp\/v2\/media\/3936"}],"wp:attachment":[{"href":"https:\/\/conexion-mx.com\/index.php?rest_route=%2Fwp%2Fv2%2Fmedia&parent=3935"}],"wp:term":[{"taxonomy":"category","embeddable":true,"href":"https:\/\/conexion-mx.com\/index.php?rest_route=%2Fwp%2Fv2%2Fcategories&post=3935"},{"taxonomy":"post_tag","embeddable":true,"href":"https:\/\/conexion-mx.com\/index.php?rest_route=%2Fwp%2Fv2%2Ftags&post=3935"}],"curies":[{"name":"wp","href":"https:\/\/api.w.org\/{rel}","templated":true}]}}