{"id":3937,"date":"2026-04-26T22:41:03","date_gmt":"2026-04-27T03:41:03","guid":{"rendered":"https:\/\/conexion-mx.com\/?p=3937"},"modified":"2026-04-26T22:41:03","modified_gmt":"2026-04-27T03:41:03","slug":"proteccion-civil-cdmx-activa-alerta-amarilla-en-6-alcaldias-por-fuertes-rachas-de-viento-la-noche-de-este-domingo","status":"publish","type":"post","link":"https:\/\/conexion-mx.com\/?p=3937","title":{"rendered":"Protecci\u00f3n Civil CDMX activa alerta amarilla en 6 alcald\u00edas por fuertes rachas de viento la noche de este domingo"},"content":{"rendered":"<p> <br \/>\n<\/p>\n<div itemprop=\"articleBody\">\n<div class=\"txt_contenido\">\n<p>\u00a0<\/p>\n<p>La <strong>Secretar\u00eda de Gesti\u00f3n Integral de Riesgos y Protecci\u00f3n Civil <\/strong>(<strong>SGIRPC<\/strong>) de la <strong>Ciudad de M\u00e9xico <\/strong>activ\u00f3 la alerta amarilla para <strong>6 alcald\u00edas <\/strong>por intensificaci\u00f3n de <strong>vientos<\/strong> con<strong> fuertes rachas<\/strong>,<strong> de 50 a 59 kil\u00f3metros por hora<\/strong>, para la noche de este <strong>domingo 26 de abril de 2026<\/strong>.<\/p>\n<aside class=\"htmlinline\"\/>\n<p>Las <strong>alcald\u00edas<\/strong> en las que se activ\u00f3 la<strong> alerta amarilla<\/strong> son:<\/p>\n<ul>&#13;<\/p>\n<li>Benito Ju\u00e1rez<\/li>\n<p>&#13;<\/p>\n<li>Cuauht\u00e9moc<\/li>\n<p>&#13;<\/p>\n<li>Gustavo A. Madero<\/li>\n<p>&#13;<\/p>\n<li>Iztacalco<\/li>\n<p>&#13;<\/p>\n<li>Iztapalapa<\/li>\n<p>&#13;<\/p>\n<li>Venustiano Carranza<\/li>\n<p>&#13;\n<\/ul>\n<h2>\u00bfCu\u00e1les son los peligros por <strong>vientos fuertes<\/strong>?<\/h2>\n<p>La <strong>SGIRPC <\/strong>hace un llamado a la poblaci\u00f3n para tomar las precauciones necesarias debido a los <strong>peligros<\/strong> asociados por los <strong>fuertes vientos <\/strong>en la capital del pa\u00eds:<\/p>\n<ul>&#13;<\/p>\n<li>Ca\u00edda de ramas, arboles y lonas.<\/li>\n<p>&#13;<\/p>\n<li>Objetos ca\u00eddos en los caminos y carreteras.<\/li>\n<p>&#13;<\/p>\n<li>Da\u00f1os a inmobiliario urbano o de la vivienda.<\/li>\n<p>&#13;\n<\/ul>\n<div class=\"image-align-center\">\n<figure class=\"image\"><img loading=\"lazy\" decoding=\"async\" alt=\"\" height=\"802\" src=\"https:\/\/heraldodemexico.com.mx\/u\/fotografias\/m\/2026\/4\/26\/f768x1-1276859_1276986_5050.jpg\" width=\"680\"\/>&#13;<figcaption>La SGIRPC hace un llamado a la poblaci\u00f3n para tomar las precauciones necesarias debido a los\u00a0fuertes vientos. Foto: SGIRPC<\/figcaption>&#13;<br \/>\n<\/figure>\n<\/div>\n<h2>\u00bfQu\u00e9 hacer en caso de <strong>vientos fuertes<\/strong>?<\/h2>\n<p>La<strong> SGIRPC<\/strong> sugiere a la poblaci\u00f3n atender las siguientes recomendaciones por <strong>vientos fuertes<\/strong>:<\/p>\n<ul>&#13;<\/p>\n<li>Guardar o retirar objetos del exterior que puedan caer.<\/li>\n<p>&#13;<\/p>\n<li>Asegurar techos y toldos que puedan volarse.<\/li>\n<p>&#13;<\/p>\n<li>Alejarse\u00a0de \u00e1rboles, cables de luz o bardas.<\/li>\n<p>&#13;<\/p>\n<li>Cerrar\u00a0puertas y ventanas que puedan azotarse.<\/li>\n<p>&#13;<\/p>\n<li>Procurar quedarse en casa, por la posible ca\u00edda de objetos.<\/li>\n<p>&#13;\n<\/ul>\n<\/p><\/div>\n<\/p><\/div>\n<p><script>\n    !function(f,b,e,v,n,t,s)\n    {if(f.fbq)return;n=f.fbq=function(){n.callMethod?\n    n.callMethod.apply(n,arguments):n.queue.push(arguments)};\n    if(!f._fbq)f._fbq=n;n.push=n;n.loaded=!0;n.version='2.0';\n    n.queue=[];t=b.createElement(e);t.async=!0;\n    t.src=v;s=b.getElementsByTagName(e)[0];\n    s.parentNode.insertBefore(t,s)}(window, document,'script',\n    'https:\/\/connect.facebook.net\/en_US\/fbevents.js');\n    fbq('init', '237927003583820');\n    fbq('track', 'PageView');\n  <\/script><script>\n    !function(f,b,e,v,n,t,s)\n    {if(f.fbq)return;n=f.fbq=function(){n.callMethod?\n    n.callMethod.apply(n,arguments):n.queue.push(arguments)};\n    if(!f._fbq)f._fbq=n;n.push=n;n.loaded=!0;n.version='2.0';\n    n.queue=[];t=b.createElement(e);t.async=!0;\n    t.src=v;s=b.getElementsByTagName(e)[0];\n    s.parentNode.insertBefore(t,s)}(window, document,'script',\n    'https:\/\/connect.facebook.net\/en_US\/fbevents.js');\n    fbq('init', '802372280934901');\n    fbq('track', 'PageView');\n    <\/script><br \/>\n<br \/><\/p>\n","protected":false},"excerpt":{"rendered":"<p>\u00a0 La Secretar\u00eda de Gesti\u00f3n Integral de Riesgos y Protecci\u00f3n Civil (SGIRPC) de la Ciudad de M\u00e9xico activ\u00f3 la alerta amarilla para 6 alcald\u00edas por intensificaci\u00f3n de vientos con fuertes rachas, de 50 a 59 kil\u00f3metros por hora, para la noche de este domingo 26 de abril de 2026. Las alcald\u00edas en las que se [&hellip;]<\/p>\n","protected":false},"author":2,"featured_media":3938,"comment_status":"","ping_status":"","sticky":false,"template":"","format":"standard","meta":{"footnotes":""},"categories":[2],"tags":[],"class_list":["post-3937","post","type-post","status-publish","format-standard","has-post-thumbnail","hentry","category-local"],"_links":{"self":[{"href":"https:\/\/conexion-mx.com\/index.php?rest_route=\/wp\/v2\/posts\/3937","targetHints":{"allow":["GET"]}}],"collection":[{"href":"https:\/\/conexion-mx.com\/index.php?rest_route=\/wp\/v2\/posts"}],"about":[{"href":"https:\/\/conexion-mx.com\/index.php?rest_route=\/wp\/v2\/types\/post"}],"author":[{"embeddable":true,"href":"https:\/\/conexion-mx.com\/index.php?rest_route=\/wp\/v2\/users\/2"}],"replies":[{"embeddable":true,"href":"https:\/\/conexion-mx.com\/index.php?rest_route=%2Fwp%2Fv2%2Fcomments&post=3937"}],"version-history":[{"count":0,"href":"https:\/\/conexion-mx.com\/index.php?rest_route=\/wp\/v2\/posts\/3937\/revisions"}],"wp:featuredmedia":[{"embeddable":true,"href":"https:\/\/conexion-mx.com\/index.php?rest_route=\/wp\/v2\/media\/3938"}],"wp:attachment":[{"href":"https:\/\/conexion-mx.com\/index.php?rest_route=%2Fwp%2Fv2%2Fmedia&parent=3937"}],"wp:term":[{"taxonomy":"category","embeddable":true,"href":"https:\/\/conexion-mx.com\/index.php?rest_route=%2Fwp%2Fv2%2Fcategories&post=3937"},{"taxonomy":"post_tag","embeddable":true,"href":"https:\/\/conexion-mx.com\/index.php?rest_route=%2Fwp%2Fv2%2Ftags&post=3937"}],"curies":[{"name":"wp","href":"https:\/\/api.w.org\/{rel}","templated":true}]}}