{"id":3945,"date":"2026-04-27T10:59:46","date_gmt":"2026-04-27T15:59:46","guid":{"rendered":"https:\/\/conexion-mx.com\/?p=3945"},"modified":"2026-04-27T10:59:46","modified_gmt":"2026-04-27T15:59:46","slug":"clasicos-del-siglo-xx-la-sinfonica-nacional-interpreta-a-debussy-ravel-y-prokofiev","status":"publish","type":"post","link":"https:\/\/conexion-mx.com\/?p=3945","title":{"rendered":"Cl\u00e1sicos del siglo XX: la Sinf\u00f3nica Nacional interpreta a Debussy, Ravel y Prokofiev"},"content":{"rendered":"<p> <br \/>\n<\/p>\n<div itemprop=\"articleBody\">\n<div class=\"txt_contenido\">\n<p><strong>La Orquesta Sinf\u00f3nica Nacional<\/strong> ofrece\u00a0una velada que transita por distintas sonoridades del <strong>repertorio cl\u00e1sico europeo<\/strong>, guiada por la directora hu\u00e9sped <strong>Alondra de la Parra y con Thomas Enhco<\/strong> al piano. La presentaci\u00f3n propone una\u00a0 experiencia que acerca al p\u00fablico a diversas formas de expresi\u00f3n orquestal, desde\u00a0la atm\u00f3sfera et\u00e9rea del impresionismo hasta la potencia dram\u00e1tica del<strong> ballet sinf\u00f3nico.<\/strong><\/p>\n<p>El programa re\u00fane tres obras muy representativas: el <strong>Preludio<\/strong> a la siesta de un fauno de<strong> Claude Debussy<\/strong>, una pieza evocadora que marc\u00f3 el inicio del impresionismo musical; el Concierto para piano en Sol mayor de <strong>Maurice Ravel<\/strong>, que combina el lucimiento del solista con una orquestaci\u00f3n brillante y delicada; y la<strong> Suite No. 2 de Romeo y Julieta de Sergu\u00e9i Prokofiev<\/strong>, donde la historia de <strong>Shakespeare<\/strong> cobra vida con toda su fuerza en la m\u00fasica.<\/p>\n<aside class=\"htmlinline\"\/>\n<p class=\"image-align-center\"><img loading=\"lazy\" decoding=\"async\" alt=\"\" height=\"400\" src=\"https:\/\/heraldodemexico.com.mx\/u\/fotografias\/m\/2024\/8\/13\/f768x400-993203_1037106_5050.jpg\" width=\"768\"\/><\/p>\n<h2>Informaci\u00f3n del evento<\/h2>\n<p>Fechas:\u00a0<strong>24 y 26 de abril de 2026<\/strong><\/p>\n<p>Lugar:\u00a0<strong>Sala Principal, Palacio de Bellas Artes, Ciudad de M\u00e9xico<\/strong><\/p>\n<p>Costo:\u00a0Desde <strong>$120 hasta $250<\/strong><\/p>\n<p>Clasificaci\u00f3n:\u00a0<strong>Mayores de 8 a\u00f1os<\/strong><\/p>\n<\/p><\/div>\n<\/p><\/div>\n<p><script>\n    !function(f,b,e,v,n,t,s)\n    {if(f.fbq)return;n=f.fbq=function(){n.callMethod?\n    n.callMethod.apply(n,arguments):n.queue.push(arguments)};\n    if(!f._fbq)f._fbq=n;n.push=n;n.loaded=!0;n.version='2.0';\n    n.queue=[];t=b.createElement(e);t.async=!0;\n    t.src=v;s=b.getElementsByTagName(e)[0];\n    s.parentNode.insertBefore(t,s)}(window, document,'script',\n    'https:\/\/connect.facebook.net\/en_US\/fbevents.js');\n    fbq('init', '237927003583820');\n    fbq('track', 'PageView');\n  <\/script><br \/>\n<br \/><\/p>\n","protected":false},"excerpt":{"rendered":"<p>La Orquesta Sinf\u00f3nica Nacional ofrece\u00a0una velada que transita por distintas sonoridades del repertorio cl\u00e1sico europeo, guiada por la directora hu\u00e9sped Alondra de la Parra y con Thomas Enhco al piano. La presentaci\u00f3n propone una\u00a0 experiencia que acerca al p\u00fablico a diversas formas de expresi\u00f3n orquestal, desde\u00a0la atm\u00f3sfera et\u00e9rea del impresionismo hasta la potencia dram\u00e1tica del [&hellip;]<\/p>\n","protected":false},"author":4,"featured_media":3946,"comment_status":"","ping_status":"","sticky":false,"template":"","format":"standard","meta":{"footnotes":""},"categories":[33],"tags":[],"class_list":["post-3945","post","type-post","status-publish","format-standard","has-post-thumbnail","hentry","category-cultura"],"_links":{"self":[{"href":"https:\/\/conexion-mx.com\/index.php?rest_route=\/wp\/v2\/posts\/3945","targetHints":{"allow":["GET"]}}],"collection":[{"href":"https:\/\/conexion-mx.com\/index.php?rest_route=\/wp\/v2\/posts"}],"about":[{"href":"https:\/\/conexion-mx.com\/index.php?rest_route=\/wp\/v2\/types\/post"}],"author":[{"embeddable":true,"href":"https:\/\/conexion-mx.com\/index.php?rest_route=\/wp\/v2\/users\/4"}],"replies":[{"embeddable":true,"href":"https:\/\/conexion-mx.com\/index.php?rest_route=%2Fwp%2Fv2%2Fcomments&post=3945"}],"version-history":[{"count":0,"href":"https:\/\/conexion-mx.com\/index.php?rest_route=\/wp\/v2\/posts\/3945\/revisions"}],"wp:featuredmedia":[{"embeddable":true,"href":"https:\/\/conexion-mx.com\/index.php?rest_route=\/wp\/v2\/media\/3946"}],"wp:attachment":[{"href":"https:\/\/conexion-mx.com\/index.php?rest_route=%2Fwp%2Fv2%2Fmedia&parent=3945"}],"wp:term":[{"taxonomy":"category","embeddable":true,"href":"https:\/\/conexion-mx.com\/index.php?rest_route=%2Fwp%2Fv2%2Fcategories&post=3945"},{"taxonomy":"post_tag","embeddable":true,"href":"https:\/\/conexion-mx.com\/index.php?rest_route=%2Fwp%2Fv2%2Ftags&post=3945"}],"curies":[{"name":"wp","href":"https:\/\/api.w.org\/{rel}","templated":true}]}}