{"id":3947,"date":"2026-04-27T15:00:06","date_gmt":"2026-04-27T20:00:06","guid":{"rendered":"https:\/\/conexion-mx.com\/?p=3947"},"modified":"2026-04-27T15:00:06","modified_gmt":"2026-04-27T20:00:06","slug":"javier-lopez-casarin-toma-protesta-como-presidente-de-la-asociacion-de-autoridades-locales-de-mexico","status":"publish","type":"post","link":"https:\/\/conexion-mx.com\/?p=3947","title":{"rendered":"Javier L\u00f3pez Casar\u00edn toma protesta como presidente de la Asociacion de Autoridades Locales de M\u00e9xico"},"content":{"rendered":"<p> <br \/>\n<\/p>\n<div>\n<p><strong>Javier L\u00f3pez Casar\u00edn<\/strong>, alcalde de <strong>\u00c1lvaro Obreg\u00f3n<\/strong> tom\u00f3 protesta este lunes como presidente de la Asociaci\u00f3n de Autoridades Locales de M\u00e9xico (<strong>AALMAC<\/strong>). Ello en evento presidido por la jefa de gobierno de la capital, Clara Brugada.<\/p>\n<p>Brugada asever\u00f3 que fue un acto muy importante para el pa\u00eds y para quienes ahora dirigen la\u00a0<strong>AALMAC<\/strong> ya que se \u00abdebe recordar que seguir\u00e1 siendo un espacio de lucha donde se construye desde lo local una visi\u00f3n m\u00e1s justa para toda la poblaci\u00f3n\u00bb.<\/p>\n<aside class=\"htmlinline\"\/>\n<p>\u00abA partir de hoy asume Javier L\u00f3pez Casar\u00edn est\u00e1 conducci\u00f3n, es un persona comprometida con principios de libertad, de justicia, ademas de ser un joven innovador y su mesa directiva sera fundamental para los colectivos y para lograr los objetivos (a favor de los gobiernos locales)\u00bb, dijo la jefa de gobierno.<\/p>\n<p>Al tomar la palabra en el pres\u00eddium del <strong>Museo de la Ciudad de M\u00e9xico, Javier L\u00f3pez Casar\u00edn<\/strong> expres\u00f3 que con los gobiernos municipales y en alcald\u00edas han tenido resultados exitosos y \u00absiempre en coordinaci\u00f3n en todo momento\u00bb, adem\u00e1s de que en la capital est\u00e1 el ejemplo de que este tipo de gobiernos son los m\u00e1s relevantes ya que tanto la presidenta de Mexico, Claudia Sheinbaum, y la jefa de gobierno, <strong>Clara Brugada<\/strong>, emanaron del municipalismo.<\/p>\n<p>\u00abEstamos viviendo un momento historico con la cuarta transformaci\u00f3n que busca gobierno locales fuerte y con vision a largo plazo y se han vuelto gobiernos tangibles y donde las metas se han vuelto realidad. El ejemplo es nuestra jefa de gobierno, Clara Brugada (&#8230;) esta ciudad ha sido cuna de derechos y donde hubo revoluci\u00f3n de conciencias y nuestra presidenta Claudia Sheinbaum as\u00ed como nuestra jefa de gobierno emanaron del municipalismo\u00bb, dijo L\u00f3pez Casar\u00edn.<\/p>\n<div class=\"image-align-center\">\n<figure class=\"image\"><img loading=\"lazy\" decoding=\"async\" alt=\"\" height=\"576\" src=\"https:\/\/heraldodemexico.com.mx\/u\/fotografias\/m\/2026\/4\/27\/f768x1-1277110_1277237_5050.jpeg\" width=\"768\"\/>&#13;<figcaption>Javier L\u00f3pez Casar\u00edn tom\u00f3 protesta este lunes. Foto: V\u00edctor Ortega<\/figcaption>&#13;<br \/>\n<\/figure>\n<\/div>\n<h2>L\u00f3pez Casar\u00edn encabezar\u00e1 la\u00a0Asociacion de Autoridades Locales de M\u00e9xico<\/h2>\n<p>Junto con su nueva mesa directiva, <strong>L\u00f3pez Casar\u00edn<\/strong> asumi\u00f3 la responsabilidad de ser el representante de dicha asociaci\u00f3n civil que busca coordinar y homologar gobiernos exitosos entre l\u00edderes locales como los alcaldes y jefes municipales de todo el pa\u00eds.<\/p>\n<p>En su participaci\u00f3n, la <strong>presidenta del Senado Itzel Castillo<\/strong> dijo que <strong>L\u00f3pez Casarin<\/strong> \u00abser\u00e1 el indicado para presidir a mas de mil municipios de nuestra republica mexicana (&#8230;) y que vera por las libertades municipales y que le competen a todos y mantener las transformaciones (a nivel local)\u00bb.<\/p>\n<p><strong>Miguel Torruco Garza<\/strong>, subsecretario de la prevencion de las violencias en la CDMX dijo que \u00abno es opcion fortalecer los gobiernos locales\u00bb y que por ello L\u00f3pez Casar\u00edn tiene por delante una encomienda de seguir con el fortalecimiento del municipalismo del pa\u00eds.&#13;<br \/>\n&#13;<br \/>\n&#13;\n                                <\/p>\n<\/p><\/div>\n<p><script>\n    !function(f,b,e,v,n,t,s)\n    {if(f.fbq)return;n=f.fbq=function(){n.callMethod?\n    n.callMethod.apply(n,arguments):n.queue.push(arguments)};\n    if(!f._fbq)f._fbq=n;n.push=n;n.loaded=!0;n.version='2.0';\n    n.queue=[];t=b.createElement(e);t.async=!0;\n    t.src=v;s=b.getElementsByTagName(e)[0];\n    s.parentNode.insertBefore(t,s)}(window, document,'script',\n    'https:\/\/connect.facebook.net\/en_US\/fbevents.js');\n    fbq('init', '237927003583820');\n    fbq('track', 'PageView');\n  <\/script><script>\n    !function(f,b,e,v,n,t,s)\n    {if(f.fbq)return;n=f.fbq=function(){n.callMethod?\n    n.callMethod.apply(n,arguments):n.queue.push(arguments)};\n    if(!f._fbq)f._fbq=n;n.push=n;n.loaded=!0;n.version='2.0';\n    n.queue=[];t=b.createElement(e);t.async=!0;\n    t.src=v;s=b.getElementsByTagName(e)[0];\n    s.parentNode.insertBefore(t,s)}(window, document,'script',\n    'https:\/\/connect.facebook.net\/en_US\/fbevents.js');\n    fbq('init', '802372280934901');\n    fbq('track', 'PageView');\n    <\/script><br \/>\n<br \/><\/p>\n","protected":false},"excerpt":{"rendered":"<p>Javier L\u00f3pez Casar\u00edn, alcalde de \u00c1lvaro Obreg\u00f3n tom\u00f3 protesta este lunes como presidente de la Asociaci\u00f3n de Autoridades Locales de M\u00e9xico (AALMAC). Ello en evento presidido por la jefa de gobierno de la capital, Clara Brugada. Brugada asever\u00f3 que fue un acto muy importante para el pa\u00eds y para quienes ahora dirigen la\u00a0AALMAC ya que [&hellip;]<\/p>\n","protected":false},"author":2,"featured_media":3948,"comment_status":"","ping_status":"","sticky":false,"template":"","format":"standard","meta":{"footnotes":""},"categories":[2],"tags":[],"class_list":["post-3947","post","type-post","status-publish","format-standard","has-post-thumbnail","hentry","category-local"],"_links":{"self":[{"href":"https:\/\/conexion-mx.com\/index.php?rest_route=\/wp\/v2\/posts\/3947","targetHints":{"allow":["GET"]}}],"collection":[{"href":"https:\/\/conexion-mx.com\/index.php?rest_route=\/wp\/v2\/posts"}],"about":[{"href":"https:\/\/conexion-mx.com\/index.php?rest_route=\/wp\/v2\/types\/post"}],"author":[{"embeddable":true,"href":"https:\/\/conexion-mx.com\/index.php?rest_route=\/wp\/v2\/users\/2"}],"replies":[{"embeddable":true,"href":"https:\/\/conexion-mx.com\/index.php?rest_route=%2Fwp%2Fv2%2Fcomments&post=3947"}],"version-history":[{"count":0,"href":"https:\/\/conexion-mx.com\/index.php?rest_route=\/wp\/v2\/posts\/3947\/revisions"}],"wp:featuredmedia":[{"embeddable":true,"href":"https:\/\/conexion-mx.com\/index.php?rest_route=\/wp\/v2\/media\/3948"}],"wp:attachment":[{"href":"https:\/\/conexion-mx.com\/index.php?rest_route=%2Fwp%2Fv2%2Fmedia&parent=3947"}],"wp:term":[{"taxonomy":"category","embeddable":true,"href":"https:\/\/conexion-mx.com\/index.php?rest_route=%2Fwp%2Fv2%2Fcategories&post=3947"},{"taxonomy":"post_tag","embeddable":true,"href":"https:\/\/conexion-mx.com\/index.php?rest_route=%2Fwp%2Fv2%2Ftags&post=3947"}],"curies":[{"name":"wp","href":"https:\/\/api.w.org\/{rel}","templated":true}]}}