{"id":3951,"date":"2026-04-28T08:43:24","date_gmt":"2026-04-28T13:43:24","guid":{"rendered":"https:\/\/conexion-mx.com\/?p=3951"},"modified":"2026-04-28T08:43:24","modified_gmt":"2026-04-28T13:43:24","slug":"continua-el-resguardo-en-la-femdo-tras-la-detencion-de-el-jardinero-video","status":"publish","type":"post","link":"https:\/\/conexion-mx.com\/?p=3951","title":{"rendered":"Continua el resguardo en la FEMDO tras la detenci\u00f3n de &#8216;El Jardinero&#8217; | VIDEO"},"content":{"rendered":"<p> <br \/>\n<\/p>\n<div itemprop=\"articleBody\">\n<div class=\"txt_contenido\">\n<p>Contin\u00faa el resguardo por autoridades federales la Fiscal\u00eda Especializada en Materia en Delincuencia Organizada FEMDO tras la detenci\u00f3n de Aurias Flores \u00abEl Jardinero\u201d.<\/p>\n<p>Elementos de la Interpol y de la Secretar\u00eda de Seguridad y Protecci\u00f3n Ciudadana mantienen un discreto dispositivo en los alrededores.<\/p>\n<aside class=\"htmlinline\"\/>\n<p>En la pr\u00f3ximas horas se determinar\u00e1 su situaci\u00f3n jur\u00eddica del jardinero, lo m\u00e1s probable que sea trasladado al reclusorio varonil del Altiplano en el Estado de M\u00e9xico.<\/p>\n<p>\u00a0<\/p>\n<\/p><\/div>\n<\/p><\/div>\n<p><script>\n    !function(f,b,e,v,n,t,s)\n    {if(f.fbq)return;n=f.fbq=function(){n.callMethod?\n    n.callMethod.apply(n,arguments):n.queue.push(arguments)};\n    if(!f._fbq)f._fbq=n;n.push=n;n.loaded=!0;n.version='2.0';\n    n.queue=[];t=b.createElement(e);t.async=!0;\n    t.src=v;s=b.getElementsByTagName(e)[0];\n    s.parentNode.insertBefore(t,s)}(window, document,'script',\n    'https:\/\/connect.facebook.net\/en_US\/fbevents.js');\n    fbq('init', '237927003583820');\n    fbq('track', 'PageView');\n  <\/script><script>\n    !function(f,b,e,v,n,t,s)\n    {if(f.fbq)return;n=f.fbq=function(){n.callMethod?\n    n.callMethod.apply(n,arguments):n.queue.push(arguments)};\n    if(!f._fbq)f._fbq=n;n.push=n;n.loaded=!0;n.version='2.0';\n    n.queue=[];t=b.createElement(e);t.async=!0;\n    t.src=v;s=b.getElementsByTagName(e)[0];\n    s.parentNode.insertBefore(t,s)}(window, document,'script',\n    'https:\/\/connect.facebook.net\/en_US\/fbevents.js');\n    fbq('init', '802372280934901');\n    fbq('track', 'PageView');\n    <\/script><br \/>\n<br \/><\/p>\n","protected":false},"excerpt":{"rendered":"<p>Contin\u00faa el resguardo por autoridades federales la Fiscal\u00eda Especializada en Materia en Delincuencia Organizada FEMDO tras la detenci\u00f3n de Aurias Flores \u00abEl Jardinero\u201d. Elementos de la Interpol y de la Secretar\u00eda de Seguridad y Protecci\u00f3n Ciudadana mantienen un discreto dispositivo en los alrededores. En la pr\u00f3ximas horas se determinar\u00e1 su situaci\u00f3n jur\u00eddica del jardinero, lo [&hellip;]<\/p>\n","protected":false},"author":2,"featured_media":3952,"comment_status":"","ping_status":"","sticky":false,"template":"","format":"standard","meta":{"footnotes":""},"categories":[2],"tags":[],"class_list":["post-3951","post","type-post","status-publish","format-standard","has-post-thumbnail","hentry","category-local"],"_links":{"self":[{"href":"https:\/\/conexion-mx.com\/index.php?rest_route=\/wp\/v2\/posts\/3951","targetHints":{"allow":["GET"]}}],"collection":[{"href":"https:\/\/conexion-mx.com\/index.php?rest_route=\/wp\/v2\/posts"}],"about":[{"href":"https:\/\/conexion-mx.com\/index.php?rest_route=\/wp\/v2\/types\/post"}],"author":[{"embeddable":true,"href":"https:\/\/conexion-mx.com\/index.php?rest_route=\/wp\/v2\/users\/2"}],"replies":[{"embeddable":true,"href":"https:\/\/conexion-mx.com\/index.php?rest_route=%2Fwp%2Fv2%2Fcomments&post=3951"}],"version-history":[{"count":0,"href":"https:\/\/conexion-mx.com\/index.php?rest_route=\/wp\/v2\/posts\/3951\/revisions"}],"wp:featuredmedia":[{"embeddable":true,"href":"https:\/\/conexion-mx.com\/index.php?rest_route=\/wp\/v2\/media\/3952"}],"wp:attachment":[{"href":"https:\/\/conexion-mx.com\/index.php?rest_route=%2Fwp%2Fv2%2Fmedia&parent=3951"}],"wp:term":[{"taxonomy":"category","embeddable":true,"href":"https:\/\/conexion-mx.com\/index.php?rest_route=%2Fwp%2Fv2%2Fcategories&post=3951"},{"taxonomy":"post_tag","embeddable":true,"href":"https:\/\/conexion-mx.com\/index.php?rest_route=%2Fwp%2Fv2%2Ftags&post=3951"}],"curies":[{"name":"wp","href":"https:\/\/api.w.org\/{rel}","templated":true}]}}