{"id":3955,"date":"2026-04-28T16:44:16","date_gmt":"2026-04-28T21:44:16","guid":{"rendered":"https:\/\/conexion-mx.com\/?p=3955"},"modified":"2026-04-28T16:44:16","modified_gmt":"2026-04-28T21:44:16","slug":"cortes-de-agua-cdmx-estas-son-las-colonias-que-se-quedaran-sin-suministro-hasta-el-5-de-mayo","status":"publish","type":"post","link":"https:\/\/conexion-mx.com\/?p=3955","title":{"rendered":"Cortes de agua CDMX: estas son las colonias que se quedar\u00e1n sin suministro hasta el 5 de mayo"},"content":{"rendered":"<p> <br \/>\n<\/p>\n<div itemprop=\"articleBody\">\n<div class=\"txt_contenido\">\n<p>\u00bfEres habitante del oriente de la <strong>Ciudad de M\u00e9xico<\/strong>? Toma nota ya que las autoridades capitalinas han anunciado las alcald\u00edas que tendr\u00e1n cortes de agua <strong>hasta el pr\u00f3ximo 5 de mayo. <\/strong>Por ello en El Heraldo de M\u00e9xico nos encargaremos de mantenerte informado y compartirte todos los detalles.\u00a0<\/p>\n<p>La <strong>Secretar\u00eda de Gesti\u00f3n Integral del Agua (SEGIAGUA) <\/strong>inform\u00f3 mediante sus redes sociales que en la alcald\u00eda de Iztacalco\u00a0se mantienen los trabajos de reparaci\u00f3n en una falla mec\u00e1nica en el <strong>equipo de bombeo del Pozo Ciudad Deportiva 2<\/strong>, por lo que se registrar\u00e1 baja presi\u00f3n en el vital l\u00edquido.\u00a0<\/p>\n<aside class=\"htmlinline\"\/>\n<p>A continuaci\u00f3n te compartimos las colonias que tendr\u00e1n cortes de agua hasta el 5 de mayo:\u00a0<\/p>\n<ul>&#13;<\/p>\n<li>Ex Ejido Magdalena Mixiuhca\u00a0<\/li>\n<p>&#13;<\/p>\n<li>Granjas M\u00e9xico\u00a0<\/li>\n<p>&#13;<\/p>\n<li>Gabriel Ramos Mill\u00e1n\u00a0<\/li>\n<p>&#13;<\/p>\n<li>Secci\u00f3n Bramadero\u00a0<\/li>\n<p>&#13;\n<\/ul>\n<p>\u00a0<\/p>\n<\/p><\/div>\n<\/p><\/div>\n<p><script>\n    !function(f,b,e,v,n,t,s)\n    {if(f.fbq)return;n=f.fbq=function(){n.callMethod?\n    n.callMethod.apply(n,arguments):n.queue.push(arguments)};\n    if(!f._fbq)f._fbq=n;n.push=n;n.loaded=!0;n.version='2.0';\n    n.queue=[];t=b.createElement(e);t.async=!0;\n    t.src=v;s=b.getElementsByTagName(e)[0];\n    s.parentNode.insertBefore(t,s)}(window, document,'script',\n    'https:\/\/connect.facebook.net\/en_US\/fbevents.js');\n    fbq('init', '237927003583820');\n    fbq('track', 'PageView');\n  <\/script><script>\n    !function(f,b,e,v,n,t,s)\n    {if(f.fbq)return;n=f.fbq=function(){n.callMethod?\n    n.callMethod.apply(n,arguments):n.queue.push(arguments)};\n    if(!f._fbq)f._fbq=n;n.push=n;n.loaded=!0;n.version='2.0';\n    n.queue=[];t=b.createElement(e);t.async=!0;\n    t.src=v;s=b.getElementsByTagName(e)[0];\n    s.parentNode.insertBefore(t,s)}(window, document,'script',\n    'https:\/\/connect.facebook.net\/en_US\/fbevents.js');\n    fbq('init', '802372280934901');\n    fbq('track', 'PageView');\n    <\/script><br \/>\n<br \/><\/p>\n","protected":false},"excerpt":{"rendered":"<p>\u00bfEres habitante del oriente de la Ciudad de M\u00e9xico? Toma nota ya que las autoridades capitalinas han anunciado las alcald\u00edas que tendr\u00e1n cortes de agua hasta el pr\u00f3ximo 5 de mayo. Por ello en El Heraldo de M\u00e9xico nos encargaremos de mantenerte informado y compartirte todos los detalles.\u00a0 La Secretar\u00eda de Gesti\u00f3n Integral del Agua [&hellip;]<\/p>\n","protected":false},"author":2,"featured_media":3956,"comment_status":"","ping_status":"","sticky":false,"template":"","format":"standard","meta":{"footnotes":""},"categories":[2],"tags":[],"class_list":["post-3955","post","type-post","status-publish","format-standard","has-post-thumbnail","hentry","category-local"],"_links":{"self":[{"href":"https:\/\/conexion-mx.com\/index.php?rest_route=\/wp\/v2\/posts\/3955","targetHints":{"allow":["GET"]}}],"collection":[{"href":"https:\/\/conexion-mx.com\/index.php?rest_route=\/wp\/v2\/posts"}],"about":[{"href":"https:\/\/conexion-mx.com\/index.php?rest_route=\/wp\/v2\/types\/post"}],"author":[{"embeddable":true,"href":"https:\/\/conexion-mx.com\/index.php?rest_route=\/wp\/v2\/users\/2"}],"replies":[{"embeddable":true,"href":"https:\/\/conexion-mx.com\/index.php?rest_route=%2Fwp%2Fv2%2Fcomments&post=3955"}],"version-history":[{"count":0,"href":"https:\/\/conexion-mx.com\/index.php?rest_route=\/wp\/v2\/posts\/3955\/revisions"}],"wp:featuredmedia":[{"embeddable":true,"href":"https:\/\/conexion-mx.com\/index.php?rest_route=\/wp\/v2\/media\/3956"}],"wp:attachment":[{"href":"https:\/\/conexion-mx.com\/index.php?rest_route=%2Fwp%2Fv2%2Fmedia&parent=3955"}],"wp:term":[{"taxonomy":"category","embeddable":true,"href":"https:\/\/conexion-mx.com\/index.php?rest_route=%2Fwp%2Fv2%2Fcategories&post=3955"},{"taxonomy":"post_tag","embeddable":true,"href":"https:\/\/conexion-mx.com\/index.php?rest_route=%2Fwp%2Fv2%2Ftags&post=3955"}],"curies":[{"name":"wp","href":"https:\/\/api.w.org\/{rel}","templated":true}]}}