{"id":3961,"date":"2026-04-29T00:01:31","date_gmt":"2026-04-29T05:01:31","guid":{"rendered":"https:\/\/conexion-mx.com\/?p=3961"},"modified":"2026-04-29T00:01:31","modified_gmt":"2026-04-29T05:01:31","slug":"justicia-creativa-presentan-muestra-que-evidencia-casos-de-apropiacion-cultural","status":"publish","type":"post","link":"https:\/\/conexion-mx.com\/?p=3961","title":{"rendered":"Justicia creativa: presentan muestra que evidencia casos de apropiaci\u00f3n cultural"},"content":{"rendered":"<p> <br \/>\n<\/p>\n<div>\n<p><strong>La Secretar\u00eda de Cultura<\/strong>, a trav\u00e9s del <strong>INDAUTOR<\/strong>, en colaboraci\u00f3n con el <strong>Instituto Nacional de los Pueblos Ind\u00edgenas <\/strong>y el <strong>Instituto Mexicano de la Propiedad Industrial,<\/strong> inauguraron la exposici\u00f3n <strong>\u00abJusticia creativa. Autenticidad cultural sin copia ilegal\u00bb<\/strong>, un espacio de reflexi\u00f3n sobre la protecci\u00f3n del patrimonio cultural de los pueblos y comunidades ind\u00edgenas y afromexicanas.<\/p>\n<p>La muestra estar\u00e1 abierta hasta el <strong>24 de julio de 2026,<\/strong> con acceso gratuito de lunes a viernes de <strong>9 a 14 horas, en la sede del INDAUTOR, Puebla 143, colonia Roma Norte, Ciudad de M\u00e9xico.<\/strong><\/p>\n<aside class=\"htmlinline\"\/>\n<h2>De las blusas mixes a los bordados otom\u00edes<\/h2>\n<p>La exposici\u00f3n surgi\u00f3 por casos concretos de controversia, como <strong>la copia sin permiso de blusas bordadas del pueblo ayuujk de Santa Mar\u00eda Tlahuitoltepec, Oaxaca, <\/strong>por una dise\u00f1adora extranjera, as\u00ed como el uso de <strong>bordados otom\u00edes, huipiles mazatecos y papel amate en productos comerciales.<\/strong><\/p>\n<div class=\"image-align-center\">\n<figure class=\"image\"><img loading=\"lazy\" decoding=\"async\" alt=\"\" height=\"400\" src=\"https:\/\/heraldodemexico.com.mx\/u\/fotografias\/m\/2025\/8\/22\/f768x400-1172567_1216470_5050.jpg\" width=\"768\"\/>&#13;<figcaption>bordados otom\u00edes<br \/>&#13;<br \/>\n\u00a0<\/figcaption>&#13;<br \/>\n<\/figure>\n<\/div>\n<p>Estos hechos evidenciaron el uso sistem\u00e1tico de elementos culturales sin consentimiento, reconocimiento ni beneficio para las comunidades creadoras, lo que impuls\u00f3 <strong>la creaci\u00f3n de un marco legal para proteger sus saberes y expresiones tradicionales.<\/strong><\/p>\n<h2>14 casos documentados y ejemplos de resoluciones a favor de las comunidades<\/h2>\n<p><strong>La muestra presenta alrededor de 14 casos que ilustran c\u00f3mo estas pr\u00e1cticas se repitieron y c\u00f3mo algunas se resolvieron de manera ejemplar,<\/strong> incluyendo solicitudes de opini\u00f3n previas al dise\u00f1o de productos y procesos de mediaci\u00f3n resueltos en favor de las comunidades. El coordinador general de <strong>Patrimonio Cultural del INPI, Gustavo Torres Cisneros<\/strong>, explic\u00f3 que&#8230;\u00a0<\/p>\n<blockquote><p>&#13;<\/p>\n<p>La exposici\u00f3n est\u00e1 conformada por obras de arte originales que representan los casos de apropiaci\u00f3n cultural indebida que desencadenaron los cambios legales, as\u00ed como otras controversias ocurridas ya con la nueva legislaci\u00f3n\u201d<\/p>\n<p>&#13;\n<\/p><\/blockquote>\n<h2>Textiles, j\u00edcaras votivas y tallas de copal de ocho estados del pa\u00eds<\/h2>\n<p>La muestra incluye obras del <strong>Acervo de Arte Ind\u00edgena del INPI:<\/strong> piezas textiles como <strong>el tenango, el huipil, el sarape, el gab\u00e1n y el tapete, junto a j\u00edcaras votivas decoradas con chaquira y un venado alado de madera de copal tallado y policromad<\/strong>o. Las piezas provienen de <strong>Campeche, Chiapas, Coahuila, Guerrero, Hidalgo, Michoac\u00e1n, Oaxaca <\/strong>y otros estados, reflejando la diversidad creativa del <strong>patrimonio nacional.<\/strong><\/p>\n<h2>Pol\u00edtica p\u00fablica para prevenir el plagio y reparar abusos<\/h2>\n<p><strong>La secretaria de Cultura, Claudia Curiel de Icaza,<\/strong> subray\u00f3 que la iniciativa impulsa \u00abuna pol\u00edtica p\u00fablica que previene el plagio, promueve el uso \u00e9tico del patrimonio cultural y fortalece la protecci\u00f3n de los derechos colectivos\u00bb. Para la funcionaria, <strong>la justicia creativa implica tambi\u00e9n \u00abreconocer autor\u00edas, reparar abusos y construir relaciones m\u00e1s respetuosas entre creaci\u00f3n, comunidad y mercado\u00bb.<\/strong>&#13;<br \/>\n&#13;<br \/>\n&#13;\n                                <\/p>\n<\/p><\/div>\n<p><script>\n    !function(f,b,e,v,n,t,s)\n    {if(f.fbq)return;n=f.fbq=function(){n.callMethod?\n    n.callMethod.apply(n,arguments):n.queue.push(arguments)};\n    if(!f._fbq)f._fbq=n;n.push=n;n.loaded=!0;n.version='2.0';\n    n.queue=[];t=b.createElement(e);t.async=!0;\n    t.src=v;s=b.getElementsByTagName(e)[0];\n    s.parentNode.insertBefore(t,s)}(window, document,'script',\n    'https:\/\/connect.facebook.net\/en_US\/fbevents.js');\n    fbq('init', '237927003583820');\n    fbq('track', 'PageView');\n  <\/script><br \/>\n<br \/><\/p>\n","protected":false},"excerpt":{"rendered":"<p>La Secretar\u00eda de Cultura, a trav\u00e9s del INDAUTOR, en colaboraci\u00f3n con el Instituto Nacional de los Pueblos Ind\u00edgenas y el Instituto Mexicano de la Propiedad Industrial, inauguraron la exposici\u00f3n \u00abJusticia creativa. Autenticidad cultural sin copia ilegal\u00bb, un espacio de reflexi\u00f3n sobre la protecci\u00f3n del patrimonio cultural de los pueblos y comunidades ind\u00edgenas y afromexicanas. La [&hellip;]<\/p>\n","protected":false},"author":4,"featured_media":3962,"comment_status":"","ping_status":"","sticky":false,"template":"","format":"standard","meta":{"footnotes":""},"categories":[33],"tags":[],"class_list":["post-3961","post","type-post","status-publish","format-standard","has-post-thumbnail","hentry","category-cultura"],"_links":{"self":[{"href":"https:\/\/conexion-mx.com\/index.php?rest_route=\/wp\/v2\/posts\/3961","targetHints":{"allow":["GET"]}}],"collection":[{"href":"https:\/\/conexion-mx.com\/index.php?rest_route=\/wp\/v2\/posts"}],"about":[{"href":"https:\/\/conexion-mx.com\/index.php?rest_route=\/wp\/v2\/types\/post"}],"author":[{"embeddable":true,"href":"https:\/\/conexion-mx.com\/index.php?rest_route=\/wp\/v2\/users\/4"}],"replies":[{"embeddable":true,"href":"https:\/\/conexion-mx.com\/index.php?rest_route=%2Fwp%2Fv2%2Fcomments&post=3961"}],"version-history":[{"count":0,"href":"https:\/\/conexion-mx.com\/index.php?rest_route=\/wp\/v2\/posts\/3961\/revisions"}],"wp:featuredmedia":[{"embeddable":true,"href":"https:\/\/conexion-mx.com\/index.php?rest_route=\/wp\/v2\/media\/3962"}],"wp:attachment":[{"href":"https:\/\/conexion-mx.com\/index.php?rest_route=%2Fwp%2Fv2%2Fmedia&parent=3961"}],"wp:term":[{"taxonomy":"category","embeddable":true,"href":"https:\/\/conexion-mx.com\/index.php?rest_route=%2Fwp%2Fv2%2Fcategories&post=3961"},{"taxonomy":"post_tag","embeddable":true,"href":"https:\/\/conexion-mx.com\/index.php?rest_route=%2Fwp%2Fv2%2Ftags&post=3961"}],"curies":[{"name":"wp","href":"https:\/\/api.w.org\/{rel}","templated":true}]}}