{"id":3967,"date":"2026-04-29T16:21:35","date_gmt":"2026-04-29T21:21:35","guid":{"rendered":"https:\/\/conexion-mx.com\/?p=3967"},"modified":"2026-04-29T16:21:35","modified_gmt":"2026-04-29T21:21:35","slug":"cazzu-sorprende-con-su-melena-rubia-previo-al-estreno-de-perdon-si-no-te-llame-su-nueva-cancion-video","status":"publish","type":"post","link":"https:\/\/conexion-mx.com\/?p=3967","title":{"rendered":"Cazzu sorprende con su melena rubia previo al estreno de Perd\u00f3n si no te llam\u00e9, su nueva canci\u00f3n | VIDEO"},"content":{"rendered":"<p> <br \/>\n<\/p>\n<div>\n<p>Mediante sus redes sociales <strong>Cazzu<\/strong> dio a conocer que ma\u00f1ana, jueves<strong> 30 de abril<\/strong>, ser\u00e1 el estreno de su nuevo sencillo: la canci\u00f3n titulada <strong>\u201cPerd\u00f3n si no te llam\u00e9\u201d<\/strong>. Como parte de esto, la cantautora lanz\u00f3 un adelanto del <strong>video musical <\/strong>en el que se dej\u00f3 ver con melena rubia.<\/p>\n<p>Como es habitual para la originaria de Fraile Pintado, <strong>Jujuy<\/strong>, <strong>Argentina<\/strong>, mantiene en misterio el <strong>lanzamiento<\/strong>, ya que en el pie de la publicaci\u00f3n que realiz\u00f3 ayer, martes 28 de abril, s\u00f3lo escribi\u00f3 lo siguiente:\u00a0<\/p>\n<aside class=\"htmlinline\"\/>\n<blockquote><p>&#13;<\/p>\n<p>\u201c\u2018Perd\u00f3n si no te llam\u00e9\u2019\u2026 30 de abril\u201d.<\/p>\n<p>&#13;\n<\/p><\/blockquote>\n<h2>Cazzu se luce con su cabello rubio platinado<\/h2>\n<p><strong>Julieta Emilia Cazzuchelli <\/strong>-nombre de pila de la artista tambi\u00e9n apodada<strong> \u201cLa jefa\u201d<\/strong> y <strong>\u201cNena trampa\u201d<\/strong>&#8211; public\u00f3 un video que apenas dura segundos, pero es viral en redes sociales porque anticipa el lanzamiento de su nueva canci\u00f3n y video musical.\u00a0<\/p>\n<p>Adem\u00e1s, <strong>Cazzu<\/strong>, de 32 a\u00f1os de edad, sorprendi\u00f3 a sus seguidores porque a trav\u00e9s del adelanto revel\u00f3 que <strong>cambi\u00f3 de look <\/strong>para la grabaci\u00f3n del <strong>video musical <\/strong>de <strong>\u201cPerd\u00f3n si no te llam\u00e9\u201d<\/strong>. La int\u00e9rprete de<strong> \u201cNada\u201d<\/strong> dej\u00f3 atr\u00e1s su melena oscura para lucir un cabello en tono rubio platinado; al parecer, \u00fanicamente se trata de una <strong>peluca<\/strong>, pero a\u00fan as\u00ed lucir\u00e1 un aspecto diferente en el clip.<\/p>\n<h2>Elogian a Cazzu previo al estreno de\u00a0\u201cPerd\u00f3n si no te llam\u00e9\u201d.<\/h2>\n<p>Gracias al adelanto tambi\u00e9n se observa que<strong> \u201cLa jefa\u201d <\/strong>porta un ce\u00f1ido vestido color lila; la prenda es strapless, tiene cors\u00e9 y est\u00e1 confeccionada en tela de encaje. De esta manera, la rapera argentina luce sus <strong>tatuajes<\/strong> y tambi\u00e9n se mantiene fiel a su estilo porque us\u00f3 labial rojo.<\/p>\n<p>Entre los comentarios que recibe <strong>Cazzu<\/strong> de sus seguidores sobresalen los siguientes:\u00a0<\/p>\n<ul>&#13;<\/p>\n<li>\u201cGracias por hacerme fuerte, Cazzu, te amo\u201d<\/li>\n<p>&#13;<\/p>\n<li>\u201cCazzu, preciosota\u201d<\/li>\n<p>&#13;<\/p>\n<li>\u201cEsperando para cantar el nuevo tema que ser\u00e1 todo un \u00e9xito\u201d<\/li>\n<p>&#13;<\/p>\n<li>\u201cEres preciosa como un diamante\u201d<\/li>\n<p>&#13;<\/p>\n<li>\u201cTu personalidad es magn\u00e9tica\u201d<\/li>\n<p>&#13;\n<\/ul>\n<figure class=\"image\"><img loading=\"lazy\" decoding=\"async\" alt=\"\" height=\"400\" src=\"https:\/\/heraldodemexico.com.mx\/u\/fotografias\/m\/2026\/4\/29\/f768x400-1278185_1322088_5050.png\" width=\"768\"\/>&#13;<figcaption>Ma\u00f1ana se estrenar\u00e1\u00a0\u201cPerd\u00f3n si no te llam\u00e9\u201d, el nuevo sencillo de Cazzu. Foto: captura de video.<\/figcaption>&#13;<br \/>\n<\/figure>\n<h2>El cuadro que le har\u00eda gui\u00f1o a\u00a0\u201cDolce\u201d y ser\u00eda clave en el nuevo video musical de Cazzu<\/h2>\n<p>Una persona coment\u00f3 \u201cese cuatro trae historia que contar\u201d, ya que en el adelanto se observa que <strong>Cazzu<\/strong> observa dicho cuadro que retrata al <strong>diablo<\/strong> y a una <strong>mujer de cabello oscuro<\/strong> que porta un vestido negro. Este detalle le har\u00eda gui\u00f1o a <strong>\u201cDolce\u201d<\/strong>, canci\u00f3n que la <strong>\u201cNena trampa\u201d <\/strong>estren\u00f3 en enero y fue considerada una <strong>indirecta<\/strong> para <strong>Christian Nodal<\/strong>, su expareja y padre de su hija, <strong>Inti<\/strong>.&#13;<br \/>\n&#13;\n<\/p>\n<p>Tras la<strong> separaci\u00f3n amorosa <\/strong>de <strong>Nodal<\/strong>, <strong>\u201cLa jefa\u201d <\/strong>retom\u00f3 su carrera y lanz\u00f3 el disco <strong>\u201cLatinaje\u201d<\/strong>, que ha tenido buen recibimiento. Adem\u00e1s de<strong> \u201cDolce\u201d<\/strong>, el disco tambi\u00e9n incluye los sencillos <strong>\u201cLa cueva\u201d<\/strong> y <strong>\u201cCon otra\u201d <\/strong>y ahora se sumar\u00e1 <strong>\u201cPerd\u00f3n si no te llam\u00e9\u201d<\/strong>. A la par de esto, la rapera argentina se mantiene en gira mundial y se encuentra en Estados Unidos.&#13;<br \/>\n&#13;\n<\/p>\n<p>\u00a0&#13;<br \/>\n&#13;<br \/>\n&#13;\n                                <\/p>\n<\/p><\/div>\n<p><script>\n    !function(f,b,e,v,n,t,s)\n    {if(f.fbq)return;n=f.fbq=function(){n.callMethod?\n    n.callMethod.apply(n,arguments):n.queue.push(arguments)};\n    if(!f._fbq)f._fbq=n;n.push=n;n.loaded=!0;n.version='2.0';\n    n.queue=[];t=b.createElement(e);t.async=!0;\n    t.src=v;s=b.getElementsByTagName(e)[0];\n    s.parentNode.insertBefore(t,s)}(window, document,'script',\n    'https:\/\/connect.facebook.net\/en_US\/fbevents.js');\n    fbq('init', '237927003583820');\n    fbq('track', 'PageView');\n  <\/script><script>\n    !function(f,b,e,v,n,t,s)\n    {if(f.fbq)return;n=f.fbq=function(){n.callMethod?\n    n.callMethod.apply(n,arguments):n.queue.push(arguments)};\n    if(!f._fbq)f._fbq=n;n.push=n;n.loaded=!0;n.version='2.0';\n    n.queue=[];t=b.createElement(e);t.async=!0;\n    t.src=v;s=b.getElementsByTagName(e)[0];\n    s.parentNode.insertBefore(t,s)}(window, document,'script',\n    'https:\/\/connect.facebook.net\/en_US\/fbevents.js');\n    fbq('init', '775201487065840');\n    fbq('track', 'PageView');\n    <\/script><br \/>\n<br \/><\/p>\n","protected":false},"excerpt":{"rendered":"<p>Mediante sus redes sociales Cazzu dio a conocer que ma\u00f1ana, jueves 30 de abril, ser\u00e1 el estreno de su nuevo sencillo: la canci\u00f3n titulada \u201cPerd\u00f3n si no te llam\u00e9\u201d. Como parte de esto, la cantautora lanz\u00f3 un adelanto del video musical en el que se dej\u00f3 ver con melena rubia. Como es habitual para la [&hellip;]<\/p>\n","protected":false},"author":3,"featured_media":3968,"comment_status":"","ping_status":"","sticky":false,"template":"","format":"standard","meta":{"footnotes":""},"categories":[35],"tags":[],"class_list":["post-3967","post","type-post","status-publish","format-standard","has-post-thumbnail","hentry","category-espectaculos"],"_links":{"self":[{"href":"https:\/\/conexion-mx.com\/index.php?rest_route=\/wp\/v2\/posts\/3967","targetHints":{"allow":["GET"]}}],"collection":[{"href":"https:\/\/conexion-mx.com\/index.php?rest_route=\/wp\/v2\/posts"}],"about":[{"href":"https:\/\/conexion-mx.com\/index.php?rest_route=\/wp\/v2\/types\/post"}],"author":[{"embeddable":true,"href":"https:\/\/conexion-mx.com\/index.php?rest_route=\/wp\/v2\/users\/3"}],"replies":[{"embeddable":true,"href":"https:\/\/conexion-mx.com\/index.php?rest_route=%2Fwp%2Fv2%2Fcomments&post=3967"}],"version-history":[{"count":0,"href":"https:\/\/conexion-mx.com\/index.php?rest_route=\/wp\/v2\/posts\/3967\/revisions"}],"wp:featuredmedia":[{"embeddable":true,"href":"https:\/\/conexion-mx.com\/index.php?rest_route=\/wp\/v2\/media\/3968"}],"wp:attachment":[{"href":"https:\/\/conexion-mx.com\/index.php?rest_route=%2Fwp%2Fv2%2Fmedia&parent=3967"}],"wp:term":[{"taxonomy":"category","embeddable":true,"href":"https:\/\/conexion-mx.com\/index.php?rest_route=%2Fwp%2Fv2%2Fcategories&post=3967"},{"taxonomy":"post_tag","embeddable":true,"href":"https:\/\/conexion-mx.com\/index.php?rest_route=%2Fwp%2Fv2%2Ftags&post=3967"}],"curies":[{"name":"wp","href":"https:\/\/api.w.org\/{rel}","templated":true}]}}