{"id":3969,"date":"2026-04-29T17:33:57","date_gmt":"2026-04-29T22:33:57","guid":{"rendered":"https:\/\/conexion-mx.com\/?p=3969"},"modified":"2026-04-29T17:33:57","modified_gmt":"2026-04-29T22:33:57","slug":"profeco-y-sembrando-vida-firman-convenio-para-garantizar-precios-justos-en-productos-del-campo","status":"publish","type":"post","link":"https:\/\/conexion-mx.com\/?p=3969","title":{"rendered":"Profeco y Sembrando Vida firman convenio para garantizar precios justos en productos del campo"},"content":{"rendered":"<p> <br \/>\n<\/p>\n<div>\n<p>La <strong>Procuradur\u00eda Federal del Consumidor <\/strong>(<strong>Profeco<\/strong>) y la <strong>Secretar\u00eda de Bienestar,<\/strong> a trav\u00e9s del programa <strong>Sembrando Vida<\/strong>, firmaron un convenio de colaboraci\u00f3n para fortalecer la presencia de <strong>productos agroecol\u00f3gicos<\/strong> en el mercado nacional, con el objetivo de garantizar su calidad y precios justos para los consumidores.<\/p>\n<p>El acuerdo busca impulsar el valor y reconocimiento de los productos elaborados en <strong>parcelas campesinas<\/strong>, as\u00ed como en talleres familiares y cooperativas, mediante acciones de <strong>promoci\u00f3n, difusi\u00f3n <\/strong>y<strong> estudios sobre su calidad <\/strong>y comportamiento en el mercado.<\/p>\n<aside class=\"htmlinline\"\/>\n<p>Durante la firma, autoridades destacaron que esta alianza permitir\u00e1 a los productores cumplir con normas comerciales y competir en mejores condiciones, al tiempo que se fortalece una estrategia que combina<strong> justicia social, ambiental <\/strong>y <strong>econ\u00f3mica<\/strong> en beneficio del campo mexicano.<\/p>\n<div class=\"image-align-center\">\n<figure class=\"image\"><img loading=\"lazy\" decoding=\"async\" alt=\"\" height=\"452\" src=\"https:\/\/heraldodemexico.com.mx\/u\/fotografias\/m\/2026\/4\/29\/f768x1-1278233_1278360_5050.jpeg\" width=\"680\"\/>&#13;<figcaption>Esta alianza permitir\u00e1 a los productores cumplir con normas comerciales y competir en mejores condiciones. Foto: Especial<\/figcaption>&#13;<br \/>\n<\/figure>\n<\/div>\n<h2>Impulsan an\u00e1lisis de precios y capacitaci\u00f3n<\/h2>\n<p>Como parte del convenio, la <strong>Secretar\u00eda de Bienestar <\/strong>enviar\u00e1 de forma semestral el listado de productos a <strong>Profeco<\/strong> para que sean evaluados en el programa \u201c<strong>Qui\u00e9n es Qui\u00e9n en los Precios<\/strong>\u201d, adem\u00e1s de poder solicitar an\u00e1lisis t\u00e9cnicos en el <strong>Laboratorio Nacional de Protecci\u00f3n al Consumidor<\/strong>.<\/p>\n<p>Por su parte, <strong>Profeco<\/strong> capacitar\u00e1 a productores y equipos t\u00e9cnicos mediante el programa<strong> Proveedor Responsable<\/strong>, con el fin de fortalecer pr\u00e1cticas comerciales \u00e9ticas, as\u00ed como brindar herramientas para mejorar la calidad y comercializaci\u00f3n de sus productos.<\/p>\n<div class=\"image-align-center\">\n<figure class=\"image\"><img loading=\"lazy\" decoding=\"async\" alt=\"\" height=\"475\" src=\"https:\/\/heraldodemexico.com.mx\/u\/fotografias\/m\/2026\/4\/29\/f768x1-1278234_1278361_5050.jpeg\" width=\"680\"\/>&#13;<figcaption>Profeco capacitar\u00e1 a productores y equipos t\u00e9cnicos mediante el programa Proveedor Responsable. Foto: Especial<\/figcaption>&#13;<br \/>\n<\/figure>\n<\/div>\n<h2>Red productiva y alcance nacional<\/h2>\n<p><strong>Sembrando Vida<\/strong> cuenta actualmente con una amplia red productiva en m\u00e1s de <strong>24 estados del pa\u00eds<\/strong>, con miles de comunidades, viveros, biof\u00e1bricas y espacios de transformaci\u00f3n que permiten generar productos con valor agregado y marca propia.<\/p>\n<p>Adem\u00e1s, el programa ha impulsado cooperativas, puntos de <strong>venta autogestionados y tianguis campesinos<\/strong>, lo que facilita el acceso de estos productos a mercados nacionales e internacionales, fortaleciendo el ingreso de las comunidades rurales y la confianza de los <strong>consumidores<\/strong>.<\/p>\n<\/p><\/div>\n<p><script>\n    !function(f,b,e,v,n,t,s)\n    {if(f.fbq)return;n=f.fbq=function(){n.callMethod?\n    n.callMethod.apply(n,arguments):n.queue.push(arguments)};\n    if(!f._fbq)f._fbq=n;n.push=n;n.loaded=!0;n.version='2.0';\n    n.queue=[];t=b.createElement(e);t.async=!0;\n    t.src=v;s=b.getElementsByTagName(e)[0];\n    s.parentNode.insertBefore(t,s)}(window, document,'script',\n    'https:\/\/connect.facebook.net\/en_US\/fbevents.js');\n    fbq('init', '237927003583820');\n    fbq('track', 'PageView');\n  <\/script><script>\n    !function(f,b,e,v,n,t,s)\n    {if(f.fbq)return;n=f.fbq=function(){n.callMethod?\n    n.callMethod.apply(n,arguments):n.queue.push(arguments)};\n    if(!f._fbq)f._fbq=n;n.push=n;n.loaded=!0;n.version='2.0';\n    n.queue=[];t=b.createElement(e);t.async=!0;\n    t.src=v;s=b.getElementsByTagName(e)[0];\n    s.parentNode.insertBefore(t,s)}(window, document,'script',\n    'https:\/\/connect.facebook.net\/en_US\/fbevents.js');\n    fbq('init', '802372280934901');\n    fbq('track', 'PageView');\n    <\/script><br \/>\n<br \/><\/p>\n","protected":false},"excerpt":{"rendered":"<p>La Procuradur\u00eda Federal del Consumidor (Profeco) y la Secretar\u00eda de Bienestar, a trav\u00e9s del programa Sembrando Vida, firmaron un convenio de colaboraci\u00f3n para fortalecer la presencia de productos agroecol\u00f3gicos en el mercado nacional, con el objetivo de garantizar su calidad y precios justos para los consumidores. El acuerdo busca impulsar el valor y reconocimiento de [&hellip;]<\/p>\n","protected":false},"author":2,"featured_media":3970,"comment_status":"","ping_status":"","sticky":false,"template":"","format":"standard","meta":{"footnotes":""},"categories":[2],"tags":[],"class_list":["post-3969","post","type-post","status-publish","format-standard","has-post-thumbnail","hentry","category-local"],"_links":{"self":[{"href":"https:\/\/conexion-mx.com\/index.php?rest_route=\/wp\/v2\/posts\/3969","targetHints":{"allow":["GET"]}}],"collection":[{"href":"https:\/\/conexion-mx.com\/index.php?rest_route=\/wp\/v2\/posts"}],"about":[{"href":"https:\/\/conexion-mx.com\/index.php?rest_route=\/wp\/v2\/types\/post"}],"author":[{"embeddable":true,"href":"https:\/\/conexion-mx.com\/index.php?rest_route=\/wp\/v2\/users\/2"}],"replies":[{"embeddable":true,"href":"https:\/\/conexion-mx.com\/index.php?rest_route=%2Fwp%2Fv2%2Fcomments&post=3969"}],"version-history":[{"count":0,"href":"https:\/\/conexion-mx.com\/index.php?rest_route=\/wp\/v2\/posts\/3969\/revisions"}],"wp:featuredmedia":[{"embeddable":true,"href":"https:\/\/conexion-mx.com\/index.php?rest_route=\/wp\/v2\/media\/3970"}],"wp:attachment":[{"href":"https:\/\/conexion-mx.com\/index.php?rest_route=%2Fwp%2Fv2%2Fmedia&parent=3969"}],"wp:term":[{"taxonomy":"category","embeddable":true,"href":"https:\/\/conexion-mx.com\/index.php?rest_route=%2Fwp%2Fv2%2Fcategories&post=3969"},{"taxonomy":"post_tag","embeddable":true,"href":"https:\/\/conexion-mx.com\/index.php?rest_route=%2Fwp%2Fv2%2Ftags&post=3969"}],"curies":[{"name":"wp","href":"https:\/\/api.w.org\/{rel}","templated":true}]}}