{"id":3971,"date":"2026-04-30T02:05:40","date_gmt":"2026-04-30T07:05:40","guid":{"rendered":"https:\/\/conexion-mx.com\/?p=3971"},"modified":"2026-04-30T02:05:40","modified_gmt":"2026-04-30T07:05:40","slug":"trasladan-al-altiplano-a-audias-n-el-jardinero-lider-del-cjng-y-mano-derecha-de-el-mencho","status":"publish","type":"post","link":"https:\/\/conexion-mx.com\/?p=3971","title":{"rendered":"Trasladan al Altiplano a Audias \u00abN\u00bb, \u00abEl Jardinero\u00bb, l\u00edder del CJNG y mano derecha de \u00abEl Mencho\u00bb"},"content":{"rendered":"<p> <br \/>\n<\/p>\n<div>\n<p>Durante las primeras horas del jueves 30 de abril se hizo el traslado hacia<strong> el Altiplano de Audias \u00abEl Jardinero\u00bb,<\/strong> l\u00edder del C\u00e1rtel Jalisco Nueva Generaci\u00f3n (CJNG) y mano derecha de <strong>Nemesio Oseguera \u00abEl Mencho\u00bb. <\/strong>El implicado es acusado<strong>\u00a0<\/strong>por su presunta participaci\u00f3n en los delitos de portaci\u00f3n de armas de fuego y cargadores de uso exclusivo de las fuerzas armadas.<\/p>\n<p>De acuerdo con el proceso judicial,\u00a0la autoridad correspondiente calific\u00f3 como legal la detenci\u00f3n del imputado.\u00a0Posteriormente, el Ministerio P\u00fablico Federal (MPF), adscrito a la <strong>Fiscal\u00eda Especializada en materia de Delincuencia Organizada (FEMDO),<\/strong> present\u00f3 la imputaci\u00f3n durante una audiencia realizada por videoconferencia.<\/p>\n<aside class=\"htmlinline\"\/>\n<p>Tras la exposici\u00f3n de los cargos,\u00a0la defensa de<strong> Flores Silva<\/strong> solicit\u00f3 la duplicidad del t\u00e9rmino constitucional, con el fin de contar con m\u00e1s tiempo para que se defina su situaci\u00f3n jur\u00eddica. <strong>Audias \u00abN\u00bb<\/strong>\u00a0fue detenido en el estado de Nayarit como parte de un operativo encabezado por el <strong>Gabinete de Seguridad del Gobierno de M\u00e9xico. <\/strong>En esta acci\u00f3n participaron elementos de la Secretar\u00eda de Marina (Marina), a trav\u00e9s de sus fuerzas especiales.<\/p>\n<p>Audias Flores Silva, alias \u00abEl Jardinero\u00bb, es se\u00f1alado como<strong> uno de los presuntos l\u00edderes el\u00a0CJNG<\/strong>, quien tambi\u00e9n ha sido ligado en la operaci\u00f3n del Kovay Gardens, un\u00a0complejo tur\u00edstico\u00a0que forma parte de una red de fraude identificada y sancionada por la\u00a0Oficina de <strong>Control de Bienes Extranjeros de Estados Unidos.<\/strong><\/p>\n<p>Su m\u00e1s reciente\u00a0escape\u00a0se registr\u00f3 el 22 de noviembre de\u00a02023, cuando intentaron detenerlo en\u00a0Zapopan, Jalisco. Paralelamente, en esta fecha elementos de la Guardia Nacional realizaron un operativo en Culiac\u00e1n para aprehender a N\u00e9stor Isidro P\u00e9rez, mejor conocido como \u00abEl Nini\u00bb, <strong>el jefe de seguridad de \u00abLos Chapitos\u00bb.\u00a0<\/strong><\/p>\n<p>El\u00a0Departamento e Justicia de Estados Unidos\u00a0ofrece una recompensa de cinco millones de d\u00f3lares por informaci\u00f3n relevante para localizar a \u00abEl Jardinero\u00bb. Sus investigaciones sostienen que est\u00e1 ligado a la gesti\u00f3n de\u00a0laboratorios de metanfetamina.<\/p>\n<p>\u00abEl Jardinero\u00bb, naci\u00f3 el 19 de noviembre de 1980 en Huetamo,\u00a0Michoac\u00e1n. Tiene una estatura de aproximadamente 1.62 metros, pesa 86 kilogramos y tiene ojo color caf\u00e9. Tambi\u00e9n fue identificado bajo el alias de \u00abEl Comandante\u00bb, \u00abEl Brado 2, \u00abEl Audi\u00bb y \u00abMata Jefes\u00bb.<\/p>\n<p>\u00a0&#13;<br \/>\n&#13;<br \/>\n&#13;\n                                <\/p>\n<\/p><\/div>\n<p><script>\n    !function(f,b,e,v,n,t,s)\n    {if(f.fbq)return;n=f.fbq=function(){n.callMethod?\n    n.callMethod.apply(n,arguments):n.queue.push(arguments)};\n    if(!f._fbq)f._fbq=n;n.push=n;n.loaded=!0;n.version='2.0';\n    n.queue=[];t=b.createElement(e);t.async=!0;\n    t.src=v;s=b.getElementsByTagName(e)[0];\n    s.parentNode.insertBefore(t,s)}(window, document,'script',\n    'https:\/\/connect.facebook.net\/en_US\/fbevents.js');\n    fbq('init', '237927003583820');\n    fbq('track', 'PageView');\n  <\/script><script>\n    !function(f,b,e,v,n,t,s)\n    {if(f.fbq)return;n=f.fbq=function(){n.callMethod?\n    n.callMethod.apply(n,arguments):n.queue.push(arguments)};\n    if(!f._fbq)f._fbq=n;n.push=n;n.loaded=!0;n.version='2.0';\n    n.queue=[];t=b.createElement(e);t.async=!0;\n    t.src=v;s=b.getElementsByTagName(e)[0];\n    s.parentNode.insertBefore(t,s)}(window, document,'script',\n    'https:\/\/connect.facebook.net\/en_US\/fbevents.js');\n    fbq('init', '802372280934901');\n    fbq('track', 'PageView');\n    <\/script><br \/>\n<br \/><\/p>\n","protected":false},"excerpt":{"rendered":"<p>Durante las primeras horas del jueves 30 de abril se hizo el traslado hacia el Altiplano de Audias \u00abEl Jardinero\u00bb, l\u00edder del C\u00e1rtel Jalisco Nueva Generaci\u00f3n (CJNG) y mano derecha de Nemesio Oseguera \u00abEl Mencho\u00bb. El implicado es acusado\u00a0por su presunta participaci\u00f3n en los delitos de portaci\u00f3n de armas de fuego y cargadores de uso [&hellip;]<\/p>\n","protected":false},"author":2,"featured_media":3972,"comment_status":"","ping_status":"","sticky":false,"template":"","format":"standard","meta":{"footnotes":""},"categories":[2],"tags":[],"class_list":["post-3971","post","type-post","status-publish","format-standard","has-post-thumbnail","hentry","category-local"],"_links":{"self":[{"href":"https:\/\/conexion-mx.com\/index.php?rest_route=\/wp\/v2\/posts\/3971","targetHints":{"allow":["GET"]}}],"collection":[{"href":"https:\/\/conexion-mx.com\/index.php?rest_route=\/wp\/v2\/posts"}],"about":[{"href":"https:\/\/conexion-mx.com\/index.php?rest_route=\/wp\/v2\/types\/post"}],"author":[{"embeddable":true,"href":"https:\/\/conexion-mx.com\/index.php?rest_route=\/wp\/v2\/users\/2"}],"replies":[{"embeddable":true,"href":"https:\/\/conexion-mx.com\/index.php?rest_route=%2Fwp%2Fv2%2Fcomments&post=3971"}],"version-history":[{"count":0,"href":"https:\/\/conexion-mx.com\/index.php?rest_route=\/wp\/v2\/posts\/3971\/revisions"}],"wp:featuredmedia":[{"embeddable":true,"href":"https:\/\/conexion-mx.com\/index.php?rest_route=\/wp\/v2\/media\/3972"}],"wp:attachment":[{"href":"https:\/\/conexion-mx.com\/index.php?rest_route=%2Fwp%2Fv2%2Fmedia&parent=3971"}],"wp:term":[{"taxonomy":"category","embeddable":true,"href":"https:\/\/conexion-mx.com\/index.php?rest_route=%2Fwp%2Fv2%2Fcategories&post=3971"},{"taxonomy":"post_tag","embeddable":true,"href":"https:\/\/conexion-mx.com\/index.php?rest_route=%2Fwp%2Fv2%2Ftags&post=3971"}],"curies":[{"name":"wp","href":"https:\/\/api.w.org\/{rel}","templated":true}]}}