{"id":3979,"date":"2026-04-30T13:12:25","date_gmt":"2026-04-30T18:12:25","guid":{"rendered":"https:\/\/conexion-mx.com\/?p=3979"},"modified":"2026-04-30T13:12:25","modified_gmt":"2026-04-30T18:12:25","slug":"arte-inmersivo-alba-triana-en-tramas-resonantes","status":"publish","type":"post","link":"https:\/\/conexion-mx.com\/?p=3979","title":{"rendered":"Arte inmersivo: Alba Triana en \u201cTramas resonantes\u201d"},"content":{"rendered":"<p> <br \/>\n<\/p>\n<div itemprop=\"articleBody\">\n<div class=\"txt_contenido\">\n<p>La <strong>Fonoteca Nacional<\/strong> presenta <strong>\u00abTramas resonantes\u00bb, muestra de la artista colombiana Alba Triana,<\/strong> cuya pr\u00e1ctica integra <strong>arte, ciencia y tecnolog\u00eda <\/strong>para hacer visibles los fen\u00f3menos de la <strong>vibraci\u00f3n y la resonancia.<\/strong><\/p>\n<p>La exposici\u00f3n usa <strong>instalaciones inmersivas para conectar sonido, luz y materia.<\/strong> Obras como <strong>Materia vital y Polifoton\u00eda<\/strong> convierten ondas ac\u00fasticas y de luz en experiencias que se pueden percibir, invitando a reflexionar sobre la relaci\u00f3n entre el cuerpo, <strong>la energ\u00eda y el entorno.<\/strong><\/p>\n<aside class=\"htmlinline\"\/>\n<div class=\"image-align-center\">\n<figure class=\"image\"><img loading=\"lazy\" decoding=\"async\" alt=\"\" height=\"400\" src=\"https:\/\/heraldodemexico.com.mx\/u\/fotografias\/m\/2026\/4\/29\/f768x400-1278330_1322233_5050.jpg\" width=\"768\"\/>&#13;<figcaption>La Fonoteca Nacional presenta a\u00a0Alba Triana con\u00a0\u00abTramas resonantes\u00bb<\/figcaption>&#13;<br \/>\n<\/figure>\n<\/div>\n<p>El trabajo de <strong>Triana<\/strong>, reconocido internacionalmente, se sit\u00faa en la intersecci\u00f3n entre la<strong> investigaci\u00f3n cient\u00edfica y la exploraci\u00f3n art\u00edstica,<\/strong> abriendo nuevas posibilidades para<strong> experimentar el sonido m\u00e1s all\u00e1 de lo audible.<\/strong><\/p>\n<h2>Informaci\u00f3n del evento<\/h2>\n<ul>&#13;<\/p>\n<li><strong>Inauguraci\u00f3n:\u00a023 de abril de 2026 | 19:00 h.\u00a0<\/strong><\/li>\n<p>&#13;<\/p>\n<li>Periodo de exhibici\u00f3n:\u00a0<strong>Del 24 de abril al 28 de agosto de 2026.\u00a0<\/strong><\/li>\n<p>&#13;<\/p>\n<li><strong>Lugar:\u00a0Sala Ren\u00e9 Villanueva, Fonoteca Nacional, Ciudad de M\u00e9xico.<\/strong><\/li>\n<p>&#13;<\/p>\n<li>Costo:\u00a0Entrada libre | Cupo limitado en inauguraci\u00f3n.\u00a0<\/li>\n<p>&#13;\n<\/ul>\n<\/p><\/div>\n<\/p><\/div>\n<p><script>\n    !function(f,b,e,v,n,t,s)\n    {if(f.fbq)return;n=f.fbq=function(){n.callMethod?\n    n.callMethod.apply(n,arguments):n.queue.push(arguments)};\n    if(!f._fbq)f._fbq=n;n.push=n;n.loaded=!0;n.version='2.0';\n    n.queue=[];t=b.createElement(e);t.async=!0;\n    t.src=v;s=b.getElementsByTagName(e)[0];\n    s.parentNode.insertBefore(t,s)}(window, document,'script',\n    'https:\/\/connect.facebook.net\/en_US\/fbevents.js');\n    fbq('init', '237927003583820');\n    fbq('track', 'PageView');\n  <\/script><br \/>\n<br \/><\/p>\n","protected":false},"excerpt":{"rendered":"<p>La Fonoteca Nacional presenta \u00abTramas resonantes\u00bb, muestra de la artista colombiana Alba Triana, cuya pr\u00e1ctica integra arte, ciencia y tecnolog\u00eda para hacer visibles los fen\u00f3menos de la vibraci\u00f3n y la resonancia. La exposici\u00f3n usa instalaciones inmersivas para conectar sonido, luz y materia. Obras como Materia vital y Polifoton\u00eda convierten ondas ac\u00fasticas y de luz en [&hellip;]<\/p>\n","protected":false},"author":4,"featured_media":3980,"comment_status":"","ping_status":"","sticky":false,"template":"","format":"standard","meta":{"footnotes":""},"categories":[33],"tags":[],"class_list":["post-3979","post","type-post","status-publish","format-standard","has-post-thumbnail","hentry","category-cultura"],"_links":{"self":[{"href":"https:\/\/conexion-mx.com\/index.php?rest_route=\/wp\/v2\/posts\/3979","targetHints":{"allow":["GET"]}}],"collection":[{"href":"https:\/\/conexion-mx.com\/index.php?rest_route=\/wp\/v2\/posts"}],"about":[{"href":"https:\/\/conexion-mx.com\/index.php?rest_route=\/wp\/v2\/types\/post"}],"author":[{"embeddable":true,"href":"https:\/\/conexion-mx.com\/index.php?rest_route=\/wp\/v2\/users\/4"}],"replies":[{"embeddable":true,"href":"https:\/\/conexion-mx.com\/index.php?rest_route=%2Fwp%2Fv2%2Fcomments&post=3979"}],"version-history":[{"count":0,"href":"https:\/\/conexion-mx.com\/index.php?rest_route=\/wp\/v2\/posts\/3979\/revisions"}],"wp:featuredmedia":[{"embeddable":true,"href":"https:\/\/conexion-mx.com\/index.php?rest_route=\/wp\/v2\/media\/3980"}],"wp:attachment":[{"href":"https:\/\/conexion-mx.com\/index.php?rest_route=%2Fwp%2Fv2%2Fmedia&parent=3979"}],"wp:term":[{"taxonomy":"category","embeddable":true,"href":"https:\/\/conexion-mx.com\/index.php?rest_route=%2Fwp%2Fv2%2Fcategories&post=3979"},{"taxonomy":"post_tag","embeddable":true,"href":"https:\/\/conexion-mx.com\/index.php?rest_route=%2Fwp%2Fv2%2Ftags&post=3979"}],"curies":[{"name":"wp","href":"https:\/\/api.w.org\/{rel}","templated":true}]}}