{"id":3981,"date":"2026-04-30T19:28:52","date_gmt":"2026-05-01T00:28:52","guid":{"rendered":"https:\/\/conexion-mx.com\/?p=3981"},"modified":"2026-04-30T19:28:52","modified_gmt":"2026-05-01T00:28:52","slug":"caen-funcionarios-publicos-por-dar-credencial-falsa-al-contraalmirante-fernando-n-acusado-de-huachicol-fiscal","status":"publish","type":"post","link":"https:\/\/conexion-mx.com\/?p=3981","title":{"rendered":"Caen funcionarios p\u00fablicos por dar credencial falsa al contraalmirante Fernando \u00abN\u00bb, acusado de huachicol fiscal"},"content":{"rendered":"<p> <br \/>\n<\/p>\n<div itemprop=\"articleBody\">\n<div class=\"txt_contenido\">\n<p>Trabajadores del\u00a0<strong>Registro Nacional de las Personas (Renap) <\/strong>de <strong>Guatemala<\/strong> fueron capturados durante el operativo <strong>\u00abGuachicoleros del Renap\u00bb<\/strong> luego de ser se\u00f1alados por haber aprovechado sus cargos para facilitar ilegalmente un <strong>documento personal de identificaci\u00f3n (DPI)<\/strong> guatemalteco al contraalmirante <strong>Fernando \u00abN\u00bb<\/strong>, acusado de huachicol.<\/p>\n<p>Fueron autoridades del <strong>Ministerio P\u00fablico de Guatemala<\/strong> quienes dieron a conocer que, como parte de este operativo, fueron ejecutados tres allanamientos estrat\u00e9gicos, incluyendo la sede del Renap, ubicada en <strong>San Jos\u00e9 del Golfo<\/strong>. Durante dichas diligencias tambi\u00e9n se incautaron seis <strong>tel\u00e9fonos celulares<\/strong> y documentaci\u00f3n que, se prev\u00e9, contribuya a las investigaciones en curso.<\/p>\n<aside class=\"htmlinline\"\/>\n<p>Dicha investigaci\u00f3n fue iniciada despu\u00e9s de que se detectara la inscripci\u00f3n fraudulenta de nacimiento y registro del <strong>contraalmirante<\/strong> mexicano, quien fue detenido en <strong>Argentina<\/strong> luego de que autoridades lo identificaran como el presunto l\u00edder de una organizaci\u00f3n dedicada al <strong>contrabando de hidrocarburos<\/strong> provenientes de Estados Unidos y que evitaban el pago de <strong>Impuesto Especial sobre Producci\u00f3n y Servicios (IEPS).<\/strong><\/p>\n<aside class=\"relacionadas con-foto linea-1078\"><strong class=\"relacionadas-titulo-gral\">Noticias Relacionadas<\/strong><\/aside>\n<p>\u00abCon esta <strong>identidad suplantada<\/strong>, Fernando &#8216;N&#8217;\u00a0se traslad\u00f3 a la <strong>Rep\u00fablica Argentina<\/strong>. En ese pa\u00eds fue capturado por la <strong>Interpol<\/strong>, portando el documento extendido por el Renap de Guatemala. Las diligencias contin\u00faan en desarrollo\u00bb, escribi\u00f3 un portavoz del Ministerio P\u00fablico de Guatemala a trav\u00e9s de un comunicado de prensa.<\/p>\n<p>Omar Garc\u00eda Harfuch, titular de la Secretar\u00eda de Seguridad Ciudadana (SSC), dio a conocer desde sus cuentas oficiales que el acusado habr\u00eda sido detenido por su posible participaci\u00f3n en una red de huachicol fiscal. El funcionario a\u00f1adi\u00f3 que esto fue posible gracias a los mecanismos de intecrambio de informaci\u00f3n y coperaci\u00f3n internacional.<\/p>\n<p>Una orden de aprehensi\u00f3n por delincuencia organizada hab\u00eda sido girada en su contra por presuntamente haber cometido delitos en materia de hidrocarburos. Tambi\u00e9n contaba con una ficha roja emitida por la Interpol y era requerido por autoridades mexicanas, ya que fue identificado como l\u00edder de una organizaci\u00f3n dedicada al contrabando de hidrocarburos.<\/p>\n<p>\u00abFue detenido con fines de extradici\u00f3n y se encontraba en posesi\u00f3n de documentaci\u00f3n falsa [&#8230;] Agradecemos la colaboraci\u00f3n de las autoridades de Argentina y de UNIPOL en ese pais. El gobierno de M\u00e9xico refrenda su compromiso con el combate a la corrupci\u00f3n y la no impunidad\u00bb, a\u00f1adi\u00f3 Garc\u00eda Harfuch el d\u00eda que dio a conocer la detenci\u00f3n del contralmirante.<\/p>\n<\/p><\/div>\n<\/p><\/div>\n<p><script>\n    !function(f,b,e,v,n,t,s)\n    {if(f.fbq)return;n=f.fbq=function(){n.callMethod?\n    n.callMethod.apply(n,arguments):n.queue.push(arguments)};\n    if(!f._fbq)f._fbq=n;n.push=n;n.loaded=!0;n.version='2.0';\n    n.queue=[];t=b.createElement(e);t.async=!0;\n    t.src=v;s=b.getElementsByTagName(e)[0];\n    s.parentNode.insertBefore(t,s)}(window, document,'script',\n    'https:\/\/connect.facebook.net\/en_US\/fbevents.js');\n    fbq('init', '237927003583820');\n    fbq('track', 'PageView');\n  <\/script><script>\n    !function(f,b,e,v,n,t,s)\n    {if(f.fbq)return;n=f.fbq=function(){n.callMethod?\n    n.callMethod.apply(n,arguments):n.queue.push(arguments)};\n    if(!f._fbq)f._fbq=n;n.push=n;n.loaded=!0;n.version='2.0';\n    n.queue=[];t=b.createElement(e);t.async=!0;\n    t.src=v;s=b.getElementsByTagName(e)[0];\n    s.parentNode.insertBefore(t,s)}(window, document,'script',\n    'https:\/\/connect.facebook.net\/en_US\/fbevents.js');\n    fbq('init', '802372280934901');\n    fbq('track', 'PageView');\n    <\/script><br \/>\n<br \/><\/p>\n","protected":false},"excerpt":{"rendered":"<p>Trabajadores del\u00a0Registro Nacional de las Personas (Renap) de Guatemala fueron capturados durante el operativo \u00abGuachicoleros del Renap\u00bb luego de ser se\u00f1alados por haber aprovechado sus cargos para facilitar ilegalmente un documento personal de identificaci\u00f3n (DPI) guatemalteco al contraalmirante Fernando \u00abN\u00bb, acusado de huachicol. Fueron autoridades del Ministerio P\u00fablico de Guatemala quienes dieron a conocer que, [&hellip;]<\/p>\n","protected":false},"author":2,"featured_media":3982,"comment_status":"","ping_status":"","sticky":false,"template":"","format":"standard","meta":{"footnotes":""},"categories":[2],"tags":[],"class_list":["post-3981","post","type-post","status-publish","format-standard","has-post-thumbnail","hentry","category-local"],"_links":{"self":[{"href":"https:\/\/conexion-mx.com\/index.php?rest_route=\/wp\/v2\/posts\/3981","targetHints":{"allow":["GET"]}}],"collection":[{"href":"https:\/\/conexion-mx.com\/index.php?rest_route=\/wp\/v2\/posts"}],"about":[{"href":"https:\/\/conexion-mx.com\/index.php?rest_route=\/wp\/v2\/types\/post"}],"author":[{"embeddable":true,"href":"https:\/\/conexion-mx.com\/index.php?rest_route=\/wp\/v2\/users\/2"}],"replies":[{"embeddable":true,"href":"https:\/\/conexion-mx.com\/index.php?rest_route=%2Fwp%2Fv2%2Fcomments&post=3981"}],"version-history":[{"count":0,"href":"https:\/\/conexion-mx.com\/index.php?rest_route=\/wp\/v2\/posts\/3981\/revisions"}],"wp:featuredmedia":[{"embeddable":true,"href":"https:\/\/conexion-mx.com\/index.php?rest_route=\/wp\/v2\/media\/3982"}],"wp:attachment":[{"href":"https:\/\/conexion-mx.com\/index.php?rest_route=%2Fwp%2Fv2%2Fmedia&parent=3981"}],"wp:term":[{"taxonomy":"category","embeddable":true,"href":"https:\/\/conexion-mx.com\/index.php?rest_route=%2Fwp%2Fv2%2Fcategories&post=3981"},{"taxonomy":"post_tag","embeddable":true,"href":"https:\/\/conexion-mx.com\/index.php?rest_route=%2Fwp%2Fv2%2Ftags&post=3981"}],"curies":[{"name":"wp","href":"https:\/\/api.w.org\/{rel}","templated":true}]}}