{"id":3985,"date":"2026-05-01T03:29:53","date_gmt":"2026-05-01T08:29:53","guid":{"rendered":"https:\/\/conexion-mx.com\/?p=3985"},"modified":"2026-05-01T03:29:53","modified_gmt":"2026-05-01T08:29:53","slug":"oposicion-pide-que-se-investiguen-acusaciones-de-eu-contra-funcionarios-en-sinaloa","status":"publish","type":"post","link":"https:\/\/conexion-mx.com\/?p=3985","title":{"rendered":"Oposici\u00f3n pide que se investiguen acusaciones de EU contra funcionarios en Sinaloa"},"content":{"rendered":"<p> <br \/>\n<\/p>\n<div>\n<p>El gobierno de Estados Unidos<strong>\u00a0<\/strong>acus\u00f3 a varios funcionarios de <strong>Sinaloa\u00a0<\/strong>por presuntos v\u00ednculos con el <strong>narcotr\u00e1fico <\/strong>y asociaci\u00f3n con el <strong>crimen organizado.\u00a0<\/strong>De acuerdo con la <strong>acusaci\u00f3n<\/strong>, los se\u00f1alados habr\u00edan colaborado con el <strong>C\u00e1rtel de Sinaloa <\/strong>durante los \u00faltimos a\u00f1os.<\/p>\n<p>Al respecto, la secretaria general del <strong>PRI <\/strong>y senadora de la Rep\u00fablica, <strong>Carolina Viggiano<\/strong>, pidi\u00f3 que se investiguen las acusaciones relacionadas con presuntos v\u00ednculos entre actores pol\u00edticos de <strong>Sinaloa <\/strong>y la <strong>delincuencia organizada<\/strong>, al considerar que se trata de un tema de <strong>inter\u00e9s nacional <\/strong>que debe ser esclarecido por las autoridades competentes.<\/p>\n<aside class=\"htmlinline\"\/>\n<p>En entrevista con <strong>\u00d3scar Mario Beteta en El Heraldo Radio<\/strong>, <strong>Carolina Viggiano<\/strong> se\u00f1al\u00f3 que las denuncias y se\u00f1alamientos dados a conocer recientemente deben ser atendidos mediante procesos institucionales y conforme a derecho.<\/p>\n<blockquote><p>&#13;<\/p>\n<p>\u00abYo espero que solo sea una postura para ganar tiempo esto de que la PGR va a investigar\u201d, declar\u00f3 Carolina Viggiano al referirse a la necesidad de que las autoridades federales realicen indagatorias sobre los hechos denunciados.<\/p>\n<p>&#13;\n<\/p><\/blockquote>\n<p>La <strong>legisladora <\/strong>sostuvo que las acusaciones no pueden ser ignoradas y afirm\u00f3 que corresponde a las instancias de procuraci\u00f3n de justicia determinar responsabilidades. \u201c\u00bfPor qu\u00e9 no actu\u00f3 si ha habido much\u00edsimas razones para hacer la investigaci\u00f3n?\u201d, cuestion\u00f3 Carolina Viggiano.<\/p>\n<div class=\"image-align-center\">\n<figure class=\"image\"><img loading=\"lazy\" decoding=\"async\" alt=\"\" height=\"435\" src=\"https:\/\/heraldodemexico.com.mx\/u\/fotografias\/m\/2024\/4\/15\/f768x1-924370_924497_5050.jpg\" width=\"768\"\/>&#13;<figcaption>Insisti\u00f3 en que los se\u00f1alamientos deben ser revisados por las autoridades correspondientes. Foto: Archivo\u00a0<\/figcaption>&#13;<br \/>\n<\/figure>\n<\/div>\n<p>Asimismo,<strong> Carolina Viggiano<\/strong> consider\u00f3 que las investigaciones son necesarias ante el contexto de violencia e inseguridad que, dijo, enfrenta la poblaci\u00f3n sinaloense. \u201cCuando el miedo se apodera de la calle, se apodera de la gente, se acab\u00f3 todo\u201d, expres\u00f3.<\/p>\n<p>La dirigente priista tambi\u00e9n afirm\u00f3 que las autoridades deben priorizar la <strong>protecci\u00f3n de la ciudadan\u00eda <\/strong>y garantizar condiciones de seguridad.<\/p>\n<blockquote><p>&#13;<\/p>\n<p>\u00abLo \u00fanico que tiene ah\u00ed la gente es su familia, su casa; pues no tiene otro modo de ir a vivir a otro lado. Entonces no hablan porque tienen miedo\u201d, coment\u00f3 Carolina Viggiano.&#13;\n<\/p>\n<\/blockquote>\n<p>En ese sentido, insisti\u00f3 en que los se\u00f1alamientos deben ser revisados por las autoridades correspondientes y subray\u00f3 la importancia de que las investigaciones se desarrollen con apego a la ley y transparencia.&#13;<br \/>\n&#13;\n<\/p>\n<p>Por su parte, en el mismo espacio de <strong>El Heraldo Radio,<\/strong> el vocero del Partido Acci\u00f3n Nacional (PAN),<strong> Jorge Triana Tena<\/strong>, afirm\u00f3 que las acusaciones dadas a conocer en <strong>Estados Unidos<\/strong> involucran a diversos integrantes de la administraci\u00f3n estatal, por lo que consider\u00f3 que el tema no puede limitarse \u00fanicamente a la figura del gobernador.&#13;<br \/>\n&#13;\n<\/p>\n<blockquote><p>&#13;<\/p>\n<p>\u00abEste asunto no se resuelve simplemente con la renuncia del gobernador para que se haga una investigaci\u00f3n\u201d, declar\u00f3 Jorge Triana , al tiempo que insisti\u00f3 en que las autoridades deben profundizar en las indagatorias relacionadas con los se\u00f1alamientos.&#13;\n<\/p>\n<\/blockquote>\n<p>El vocero del <strong>PAN <\/strong>se\u00f1al\u00f3 que, a su consideraci\u00f3n, las investigaciones deben alcanzar a todas las estructuras involucradas.&#13;<br \/>\n&#13;\n<\/p>\n<blockquote><p>&#13;<\/p>\n<p>\u00abNecesitamos ir mucho m\u00e1s a fondo, necesitamos arrancar de ra\u00edz esto\u201d, expres\u00f3.&#13;\n<\/p>\n<\/blockquote>\n<div class=\"image-align-center\">\n<figure class=\"image\"><img loading=\"lazy\" decoding=\"async\" alt=\"\" height=\"432\" src=\"https:\/\/heraldodemexico.com.mx\/u\/fotografias\/m\/2021\/4\/23\/f768x1-360948_361075_5050.jpg\" width=\"768\"\/>&#13;<figcaption>\u00abEste asunto no se resuelve simplemente con la renuncia del gobernador para que se haga una investigaci\u00f3n\u201d. Foto: Archivo\u00a0<\/figcaption>&#13;<br \/>\n<\/figure>\n<\/div>\n<p>Jorge Triana tambi\u00e9n sostuvo que la <strong>oposici\u00f3n <\/strong>ha insistido desde hace tiempo en la <strong>necesidad de revisar posibles nexos entre autoridades y grupos delictivos<\/strong>. En ese sentido, indic\u00f3 que los se\u00f1alamientos conocidos recientemente deben ser esclarecidos mediante procedimientos institucionales.&#13;<br \/>\n&#13;\n<\/p>\n<blockquote><p>&#13;<\/p>\n<p>\u00abEl asunto ya es tan grave, tan amplio, que no amerita otra cosa\u201d, dijo al referirse a la dimensi\u00f3n de las acusaciones.&#13;\n<\/p>\n<\/blockquote>\n<p>Asimismo, <strong>Jorge Triana <\/strong>consider\u00f3 que corresponde a las autoridades federales y a las instancias de procuraci\u00f3n de justicia determinar el alcance de las investigaciones y deslindar responsabilidades.&#13;<br \/>\n&#13;\n<\/p>\n<p>El vocero panista reiter\u00f3 que el PAN mantendr\u00e1 la exigencia de que se esclarezcan los hechos. \u201cNecesitamos extirpar ese c\u00e1ncer que es el crimen organizado en cualquier estructura de gobierno\u201d, se\u00f1al\u00f3.\u00a0&#13;<br \/>\n&#13;<br \/>\n&#13;\n                                <\/p>\n<\/p><\/div>\n<p><script>\n    !function(f,b,e,v,n,t,s)\n    {if(f.fbq)return;n=f.fbq=function(){n.callMethod?\n    n.callMethod.apply(n,arguments):n.queue.push(arguments)};\n    if(!f._fbq)f._fbq=n;n.push=n;n.loaded=!0;n.version='2.0';\n    n.queue=[];t=b.createElement(e);t.async=!0;\n    t.src=v;s=b.getElementsByTagName(e)[0];\n    s.parentNode.insertBefore(t,s)}(window, document,'script',\n    'https:\/\/connect.facebook.net\/en_US\/fbevents.js');\n    fbq('init', '237927003583820');\n    fbq('track', 'PageView');\n  <\/script><script>\n    !function(f,b,e,v,n,t,s)\n    {if(f.fbq)return;n=f.fbq=function(){n.callMethod?\n    n.callMethod.apply(n,arguments):n.queue.push(arguments)};\n    if(!f._fbq)f._fbq=n;n.push=n;n.loaded=!0;n.version='2.0';\n    n.queue=[];t=b.createElement(e);t.async=!0;\n    t.src=v;s=b.getElementsByTagName(e)[0];\n    s.parentNode.insertBefore(t,s)}(window, document,'script',\n    'https:\/\/connect.facebook.net\/en_US\/fbevents.js');\n    fbq('init', '802372280934901');\n    fbq('track', 'PageView');\n    <\/script><br \/>\n<br \/><\/p>\n","protected":false},"excerpt":{"rendered":"<p>El gobierno de Estados Unidos\u00a0acus\u00f3 a varios funcionarios de Sinaloa\u00a0por presuntos v\u00ednculos con el narcotr\u00e1fico y asociaci\u00f3n con el crimen organizado.\u00a0De acuerdo con la acusaci\u00f3n, los se\u00f1alados habr\u00edan colaborado con el C\u00e1rtel de Sinaloa durante los \u00faltimos a\u00f1os. Al respecto, la secretaria general del PRI y senadora de la Rep\u00fablica, Carolina Viggiano, pidi\u00f3 que se [&hellip;]<\/p>\n","protected":false},"author":2,"featured_media":3986,"comment_status":"","ping_status":"","sticky":false,"template":"","format":"standard","meta":{"footnotes":""},"categories":[2],"tags":[],"class_list":["post-3985","post","type-post","status-publish","format-standard","has-post-thumbnail","hentry","category-local"],"_links":{"self":[{"href":"https:\/\/conexion-mx.com\/index.php?rest_route=\/wp\/v2\/posts\/3985","targetHints":{"allow":["GET"]}}],"collection":[{"href":"https:\/\/conexion-mx.com\/index.php?rest_route=\/wp\/v2\/posts"}],"about":[{"href":"https:\/\/conexion-mx.com\/index.php?rest_route=\/wp\/v2\/types\/post"}],"author":[{"embeddable":true,"href":"https:\/\/conexion-mx.com\/index.php?rest_route=\/wp\/v2\/users\/2"}],"replies":[{"embeddable":true,"href":"https:\/\/conexion-mx.com\/index.php?rest_route=%2Fwp%2Fv2%2Fcomments&post=3985"}],"version-history":[{"count":0,"href":"https:\/\/conexion-mx.com\/index.php?rest_route=\/wp\/v2\/posts\/3985\/revisions"}],"wp:featuredmedia":[{"embeddable":true,"href":"https:\/\/conexion-mx.com\/index.php?rest_route=\/wp\/v2\/media\/3986"}],"wp:attachment":[{"href":"https:\/\/conexion-mx.com\/index.php?rest_route=%2Fwp%2Fv2%2Fmedia&parent=3985"}],"wp:term":[{"taxonomy":"category","embeddable":true,"href":"https:\/\/conexion-mx.com\/index.php?rest_route=%2Fwp%2Fv2%2Fcategories&post=3985"},{"taxonomy":"post_tag","embeddable":true,"href":"https:\/\/conexion-mx.com\/index.php?rest_route=%2Fwp%2Fv2%2Ftags&post=3985"}],"curies":[{"name":"wp","href":"https:\/\/api.w.org\/{rel}","templated":true}]}}