{"id":3987,"date":"2026-05-01T11:42:11","date_gmt":"2026-05-01T16:42:11","guid":{"rendered":"https:\/\/conexion-mx.com\/?p=3987"},"modified":"2026-05-01T11:42:11","modified_gmt":"2026-05-01T16:42:11","slug":"fabiola-alanis-michoacan-impulsa-reformas-historicas-que-han-consolidado-una-constitucion-humanista","status":"publish","type":"post","link":"https:\/\/conexion-mx.com\/?p=3987","title":{"rendered":"Fabiola Alan\u00eds: Michoac\u00e1n impulsa reformas hist\u00f3ricas que han consolidado una &#8216;Constituci\u00f3n humanista&#8217;"},"content":{"rendered":"<p> <br \/>\n<\/p>\n<div>\n<p><strong>Fabiola Alan\u00eds<\/strong>, presidenta de la Junta de Coordinaci\u00f3n Pol\u00edtica (<strong>Jucopo<\/strong>)\u00a0del <strong>Congreso Michoacano<\/strong>, destac\u00f3 que la entidad ha impulsado una \u00abcantidad important\u00edsima de reformas\u00bb que no se hab\u00edan realizado en los \u00faltimos 50 a\u00f1os. Afirm\u00f3 que estas transformaciones han consolidado una \u00ab<strong>Constituci\u00f3n humanista<\/strong>\u00bb en el estado, garantizando una amplia gama de derechos para la comunidad. La legisladora tambi\u00e9n resalt\u00f3 la gobernabilidad y el di\u00e1logo constructivo en el <strong>Poder Legislativo local<\/strong>.<\/p>\n<p>En entrevista para el programa de \u00abHorizonte H con H\u00e9ctor Jim\u00e9nez Landin\u00bb, de Heraldo Televisi\u00f3n, que se transmite mediante la se\u00f1al Heraldo Media Group, Fabiola\u00a0Alan\u00eds detall\u00f3 que las modificaciones legislativas han permitido empatar la Constituci\u00f3n local con las reformas nacionales, especialmente en lo referente a pueblos y comunidades ind\u00edgenas. Subray\u00f3 la conversi\u00f3n de programas sociales en derechos para personas adultas mayores y el derecho de j\u00f3venes a acceder a empleo a trav\u00e9s de iniciativas como <strong>J\u00f3venes Construyendo el Futuro<\/strong>.<\/p>\n<blockquote><p>&#13;<\/p>\n<p>Yo estoy convencida que tenemos ya una Constituci\u00f3n humanista. Las reformas que hemos impulsado no se hab\u00edan hecho en 50 a\u00f1os en el estado, hasta tener esta Constituci\u00f3n que es extraordinaria porque es la garant\u00eda de todos los derechos\u00bb, declar\u00f3 la presidenta.<\/p>\n<aside class=\"htmlinline\"\/>&#13;\n<\/p><\/blockquote>\n<figure class=\"image\"><img loading=\"lazy\" decoding=\"async\" alt=\"\" height=\"400\" src=\"https:\/\/heraldodemexico.com.mx\/u\/fotografias\/m\/2026\/5\/1\/f768x400-1278998_1322901_5050.jpg\" width=\"768\"\/>&#13;<figcaption>Fabiola Alan\u00eds, presidenta de la Junta de Coordinaci\u00f3n Pol\u00edtica del Congreso de Michoac\u00e1n, en entrevista para el programa de \u00abHorizonte H con H\u00e9ctor Jim\u00e9nez Landin\u00bb, de Heraldo Televisi\u00f3n. Cr\u00e9ditos:\u00a0Heraldo de M\u00e9xico.<\/figcaption>&#13;<br \/>\n<\/figure>\n<p>Entre las reformas m\u00e1s significativas, Alan\u00eds mencion\u00f3 una \u00abextraordinaria\u00bb modificaci\u00f3n a la Universidad Michoacana de <strong>San Nicol\u00e1s de Hidalgo<\/strong>. Explic\u00f3 que Michoac\u00e1n es la \u00fanica entidad del pa\u00eds donde la universidad cuenta con un presupuesto asignado por ley, equivalente al 4.5 por ciento del presupuesto global del estado. Esta medida, seg\u00fan la legisladora, fortalece la autonom\u00eda universitaria, permite la actualizaci\u00f3n profesional y ampl\u00eda la matr\u00edcula para asegurar el derecho a la educaci\u00f3n de los j\u00f3venes.<\/p>\n<aside class=\"relacionadas con-foto linea-1078\"><strong class=\"relacionadas-titulo-gral\">Noticias Relacionadas<\/strong><\/aside>\n<h2>Gobernabilidad y di\u00e1logo en el Congreso<\/h2>\n<p>La presidenta de la Junta de Coordinaci\u00f3n Pol\u00edtica enfatiz\u00f3 que una de sus responsabilidades primordiales es asegurar la gobernabilidad del Congreso michoacano. Asegur\u00f3 que, hasta el momento, el trabajo legislativo ha transcurrido sin confrontaciones f\u00edsicas, a diferencia de lo que ocurre en otros parlamentos.<\/p>\n<blockquote><p>&#13;<\/p>\n<p>Mi tarea, una de mis tareas m\u00e1s importantes al frente de la Junta de Coordinaci\u00f3n Pol\u00edtica, es darle gobernabilidad al Congreso\u00bb, afirm\u00f3 Alan\u00eds.<\/p>\n<p>&#13;\n<\/p><\/blockquote>\n<blockquote><p>&#13;<\/p>\n<p>No ha habido sillazos como en otros lugares, ni habr\u00e1\u00bb, a\u00f1adi\u00f3, destacando el ambiente de conciliaci\u00f3n.<\/p>\n<p>&#13;\n<\/p><\/blockquote>\n<p>Alan\u00eds explic\u00f3 que, a pesar de que su bloque progresista (conformado por Morena y el Partido del Trabajo) posee una representaci\u00f3n que les otorga dos terceras partes de los votos, se mantiene un trato democr\u00e1tico e inclusivo con los partidos de menor representaci\u00f3n como el Partido Acci\u00f3n Nacional, el PRI y <strong>Movimiento Ciudadano<\/strong>. Este enfoque, basado en el di\u00e1logo, ha permitido sacar adelante muchas reformas de manera un\u00e1nime. Reconoci\u00f3 la existencia de diferencias en temas de fondo, como la despenalizaci\u00f3n del aborto, que fue una de las primeras reformas impulsadas y gener\u00f3 un \u00abdebate tremendo\u00bb con fuerzas como el Partido Acci\u00f3n Nacional y el PRI. Sin embargo, subray\u00f3 que estas discrepancias no impiden la gobernabilidad.<\/p>\n<blockquote><p>&#13;<\/p>\n<p>Yo sostengo que lo pol\u00edtico no puede ser personal. No puedes de ninguna manera hacerte de la diferencia una cosa personal visceral\u00bb, puntualiz\u00f3, resaltando la importancia del trato respetuoso entre las fuerzas pol\u00edticas.&#13;\n<\/p>\n<\/blockquote>\n<p>De cara a los pr\u00f3ximos meses, Fabiola Alan\u00eds anticip\u00f3 una agenda de \u00abmucho trabajo\u00bb y un enfoque en el contacto directo con la ciudadan\u00eda. La legisladora expres\u00f3 su convicci\u00f3n de que \u00abes mejor el territorio que el escritorio\u00bb, ya que el di\u00e1logo con la gente proporciona una valiosa retroalimentaci\u00f3n.&#13;<br \/>\n&#13;\n<\/p>\n<blockquote><p>&#13;<\/p>\n<p>Yo sostengo que es mejor el territorio que el escritorio, porque siempre uno se alimenta mucho, te retroalimentas tambi\u00e9n en el di\u00e1logo con la gente\u00bb, indic\u00f3.&#13;\n<\/p>\n<\/blockquote>\n<p>Detall\u00f3 que est\u00e1 prestando particular atenci\u00f3n a las zonas productivas de mayor impacto econ\u00f3mico en el estado. Mencion\u00f3 visitas a regiones ricas en producci\u00f3n de berries, donde convers\u00f3 con jornaleras agr\u00edcolas, as\u00ed como a \u00e1reas productoras de arroz y Tierra Caliente, importante por su producci\u00f3n de lim\u00f3n. Estos recorridos, seg\u00fan Alan\u00eds, buscan conocer mejor el estado y dialogar directamente con trabajadores y empresarios.&#13;<br \/>\n&#13;\n<\/p>\n<p>La presidenta de la <strong>Jucopo <\/strong>afirm\u00f3 que continuar\u00e1 \u00abrecorriendo y visitando casa por casa, tocando puertas, apoyando el proyecto y sobre todo fortaleciendo al Movimiento de Regeneraci\u00f3n Nacional, a nuestro partido movimiento\u00bb.&#13;<br \/>\n&#13;<br \/>\n&#13;\n                                <\/p>\n<\/p><\/div>\n<p><script>\n    !function(f,b,e,v,n,t,s)\n    {if(f.fbq)return;n=f.fbq=function(){n.callMethod?\n    n.callMethod.apply(n,arguments):n.queue.push(arguments)};\n    if(!f._fbq)f._fbq=n;n.push=n;n.loaded=!0;n.version='2.0';\n    n.queue=[];t=b.createElement(e);t.async=!0;\n    t.src=v;s=b.getElementsByTagName(e)[0];\n    s.parentNode.insertBefore(t,s)}(window, document,'script',\n    'https:\/\/connect.facebook.net\/en_US\/fbevents.js');\n    fbq('init', '237927003583820');\n    fbq('track', 'PageView');\n  <\/script><script>\n    !function(f,b,e,v,n,t,s)\n    {if(f.fbq)return;n=f.fbq=function(){n.callMethod?\n    n.callMethod.apply(n,arguments):n.queue.push(arguments)};\n    if(!f._fbq)f._fbq=n;n.push=n;n.loaded=!0;n.version='2.0';\n    n.queue=[];t=b.createElement(e);t.async=!0;\n    t.src=v;s=b.getElementsByTagName(e)[0];\n    s.parentNode.insertBefore(t,s)}(window, document,'script',\n    'https:\/\/connect.facebook.net\/en_US\/fbevents.js');\n    fbq('init', '802372280934901');\n    fbq('track', 'PageView');\n    <\/script><br \/>\n<br \/><\/p>\n","protected":false},"excerpt":{"rendered":"<p>Fabiola Alan\u00eds, presidenta de la Junta de Coordinaci\u00f3n Pol\u00edtica (Jucopo)\u00a0del Congreso Michoacano, destac\u00f3 que la entidad ha impulsado una \u00abcantidad important\u00edsima de reformas\u00bb que no se hab\u00edan realizado en los \u00faltimos 50 a\u00f1os. Afirm\u00f3 que estas transformaciones han consolidado una \u00abConstituci\u00f3n humanista\u00bb en el estado, garantizando una amplia gama de derechos para la comunidad. La [&hellip;]<\/p>\n","protected":false},"author":2,"featured_media":3988,"comment_status":"","ping_status":"","sticky":false,"template":"","format":"standard","meta":{"footnotes":""},"categories":[2],"tags":[],"class_list":["post-3987","post","type-post","status-publish","format-standard","has-post-thumbnail","hentry","category-local"],"_links":{"self":[{"href":"https:\/\/conexion-mx.com\/index.php?rest_route=\/wp\/v2\/posts\/3987","targetHints":{"allow":["GET"]}}],"collection":[{"href":"https:\/\/conexion-mx.com\/index.php?rest_route=\/wp\/v2\/posts"}],"about":[{"href":"https:\/\/conexion-mx.com\/index.php?rest_route=\/wp\/v2\/types\/post"}],"author":[{"embeddable":true,"href":"https:\/\/conexion-mx.com\/index.php?rest_route=\/wp\/v2\/users\/2"}],"replies":[{"embeddable":true,"href":"https:\/\/conexion-mx.com\/index.php?rest_route=%2Fwp%2Fv2%2Fcomments&post=3987"}],"version-history":[{"count":0,"href":"https:\/\/conexion-mx.com\/index.php?rest_route=\/wp\/v2\/posts\/3987\/revisions"}],"wp:featuredmedia":[{"embeddable":true,"href":"https:\/\/conexion-mx.com\/index.php?rest_route=\/wp\/v2\/media\/3988"}],"wp:attachment":[{"href":"https:\/\/conexion-mx.com\/index.php?rest_route=%2Fwp%2Fv2%2Fmedia&parent=3987"}],"wp:term":[{"taxonomy":"category","embeddable":true,"href":"https:\/\/conexion-mx.com\/index.php?rest_route=%2Fwp%2Fv2%2Fcategories&post=3987"},{"taxonomy":"post_tag","embeddable":true,"href":"https:\/\/conexion-mx.com\/index.php?rest_route=%2Fwp%2Fv2%2Ftags&post=3987"}],"curies":[{"name":"wp","href":"https:\/\/api.w.org\/{rel}","templated":true}]}}