{"id":3989,"date":"2026-05-01T19:48:22","date_gmt":"2026-05-02T00:48:22","guid":{"rendered":"https:\/\/conexion-mx.com\/?p=3989"},"modified":"2026-05-01T19:48:22","modified_gmt":"2026-05-02T00:48:22","slug":"quien-es-jose-porfirio-n-el-pio-hijo-de-el-balta-y-socio-del-mayo-zambada","status":"publish","type":"post","link":"https:\/\/conexion-mx.com\/?p=3989","title":{"rendered":"\u00bfQui\u00e9n es Jos\u00e9 Porfirio \u2018N\u2019, \u201cEl P\u00edo\u201d, hijo de \u00abEl Balta\u201d y socio del Mayo Zambada?"},"content":{"rendered":"<p> <br \/>\n<\/p>\n<div itemprop=\"articleBody\">\n<div class=\"txt_contenido\">\n<p>Este viernes 1 de mayo se dio a conocer la detenci\u00f3n de<strong> Jos\u00e9 Porfirio \u2018N\u2019 <\/strong>efectuada por elementos de la <strong>Guardia Nacional<\/strong> y la <strong>Secretar\u00eda de Seguridad y Protecci\u00f3n Ciudadana<\/strong> en Los Mochis, Sinaloa, por lo que ha sido trasladado a las instalaciones de la <strong>Fiscal\u00eda General de la Rep\u00fablica.<\/strong><\/p>\n<p>Seg\u00fan el <strong>Registro Nacional de Detenciones<\/strong> fue capturado a las 10:15 del pasado jueves 30 de abril en una taquer\u00eda ubicada en la carretera <strong>Los Mochis-Topolobampo <\/strong>y el <strong>bulevar Macario Gaxiola<\/strong>, en el municipio de <strong>Ahome<\/strong>, perteneciente al estado de Sinaloa.<\/p>\n<aside class=\"htmlinline\"\/>\n<p><img loading=\"lazy\" decoding=\"async\" alt=\"\" height=\"934\" src=\"https:\/\/heraldodemexico.com.mx\/u\/fotografias\/m\/2026\/5\/1\/f768x1-1279139_1279266_5050.png\" width=\"768\"\/><\/p>\n<aside class=\"relacionadas con-foto linea-1078\"><strong class=\"relacionadas-titulo-gral\">Noticias Relacionadas<\/strong><\/aside>\n<\/p><\/div>\n<\/p><\/div>\n<p><script>\n    !function(f,b,e,v,n,t,s)\n    {if(f.fbq)return;n=f.fbq=function(){n.callMethod?\n    n.callMethod.apply(n,arguments):n.queue.push(arguments)};\n    if(!f._fbq)f._fbq=n;n.push=n;n.loaded=!0;n.version='2.0';\n    n.queue=[];t=b.createElement(e);t.async=!0;\n    t.src=v;s=b.getElementsByTagName(e)[0];\n    s.parentNode.insertBefore(t,s)}(window, document,'script',\n    'https:\/\/connect.facebook.net\/en_US\/fbevents.js');\n    fbq('init', '237927003583820');\n    fbq('track', 'PageView');\n  <\/script><script>\n    !function(f,b,e,v,n,t,s)\n    {if(f.fbq)return;n=f.fbq=function(){n.callMethod?\n    n.callMethod.apply(n,arguments):n.queue.push(arguments)};\n    if(!f._fbq)f._fbq=n;n.push=n;n.loaded=!0;n.version='2.0';\n    n.queue=[];t=b.createElement(e);t.async=!0;\n    t.src=v;s=b.getElementsByTagName(e)[0];\n    s.parentNode.insertBefore(t,s)}(window, document,'script',\n    'https:\/\/connect.facebook.net\/en_US\/fbevents.js');\n    fbq('init', '802372280934901');\n    fbq('track', 'PageView');\n    <\/script><br \/>\n<br \/><\/p>\n","protected":false},"excerpt":{"rendered":"<p>Este viernes 1 de mayo se dio a conocer la detenci\u00f3n de Jos\u00e9 Porfirio \u2018N\u2019 efectuada por elementos de la Guardia Nacional y la Secretar\u00eda de Seguridad y Protecci\u00f3n Ciudadana en Los Mochis, Sinaloa, por lo que ha sido trasladado a las instalaciones de la Fiscal\u00eda General de la Rep\u00fablica. Seg\u00fan el Registro Nacional de [&hellip;]<\/p>\n","protected":false},"author":2,"featured_media":3990,"comment_status":"","ping_status":"","sticky":false,"template":"","format":"standard","meta":{"footnotes":""},"categories":[2],"tags":[],"class_list":["post-3989","post","type-post","status-publish","format-standard","has-post-thumbnail","hentry","category-local"],"_links":{"self":[{"href":"https:\/\/conexion-mx.com\/index.php?rest_route=\/wp\/v2\/posts\/3989","targetHints":{"allow":["GET"]}}],"collection":[{"href":"https:\/\/conexion-mx.com\/index.php?rest_route=\/wp\/v2\/posts"}],"about":[{"href":"https:\/\/conexion-mx.com\/index.php?rest_route=\/wp\/v2\/types\/post"}],"author":[{"embeddable":true,"href":"https:\/\/conexion-mx.com\/index.php?rest_route=\/wp\/v2\/users\/2"}],"replies":[{"embeddable":true,"href":"https:\/\/conexion-mx.com\/index.php?rest_route=%2Fwp%2Fv2%2Fcomments&post=3989"}],"version-history":[{"count":0,"href":"https:\/\/conexion-mx.com\/index.php?rest_route=\/wp\/v2\/posts\/3989\/revisions"}],"wp:featuredmedia":[{"embeddable":true,"href":"https:\/\/conexion-mx.com\/index.php?rest_route=\/wp\/v2\/media\/3990"}],"wp:attachment":[{"href":"https:\/\/conexion-mx.com\/index.php?rest_route=%2Fwp%2Fv2%2Fmedia&parent=3989"}],"wp:term":[{"taxonomy":"category","embeddable":true,"href":"https:\/\/conexion-mx.com\/index.php?rest_route=%2Fwp%2Fv2%2Fcategories&post=3989"},{"taxonomy":"post_tag","embeddable":true,"href":"https:\/\/conexion-mx.com\/index.php?rest_route=%2Fwp%2Fv2%2Ftags&post=3989"}],"curies":[{"name":"wp","href":"https:\/\/api.w.org\/{rel}","templated":true}]}}