{"id":3995,"date":"2026-05-02T01:01:49","date_gmt":"2026-05-02T06:01:49","guid":{"rendered":"https:\/\/conexion-mx.com\/?p=3995"},"modified":"2026-05-02T01:01:49","modified_gmt":"2026-05-02T06:01:49","slug":"cuando-sera-el-proximo-eclipse-total-en-mexico-nasa-revela-la-fecha-exacta","status":"publish","type":"post","link":"https:\/\/conexion-mx.com\/?p=3995","title":{"rendered":"\u00bfCu\u00e1ndo ser\u00e1 el pr\u00f3ximo eclipse total en M\u00e9xico? NASA revela la fecha exacta"},"content":{"rendered":"<p> <br \/>\n<\/p>\n<div>\n<p>Tras el espectacular <strong>evento astron\u00f3mico<\/strong> que cautiv\u00f3 a diversas regiones del pa\u00eds en <strong>2024<\/strong>, la pregunta sobre cu\u00e1ndo volver\u00e1 a oscurecerse el cielo en<strong> territorio nacional<\/strong> ha despertado la curiosidad del p\u00fablico. Aunque el<strong> calendario astron\u00f3mico<\/strong> tiene m\u00faltiples citas programadas a nivel global en los pr\u00f3ximos a\u00f1os, para presenciar la majestuosidad de un <strong>eclipse solar total <\/strong>en <strong>M\u00e9xico<\/strong> ser\u00e1 necesario esperar algunas d\u00e9cadas.<\/p>\n<p>De acuerdo con los cat\u00e1logos y proyecciones de la Administraci\u00f3n Nacional de Aeron\u00e1utica y el Espacio (<strong>NASA<\/strong>), el pr\u00f3ximo eclipse solar total que ser\u00e1 visible directamente en territorio mexicano ocurrir\u00e1 el <strong>30 de marzo de 2052<\/strong>. Ser\u00e1 hasta esa fecha cuando la estrecha franja de totalidad vuelva a cruzar el pa\u00eds, regalando nuevamente el asombroso fen\u00f3meno en el que el <strong>d\u00eda<\/strong> se convierte de manera temporal en <strong>noche<\/strong>.<\/p>\n<aside class=\"htmlinline\"\/>\n<p>Mientras llega el momento, el planeta seguir\u00e1 presenciando <strong>eventos astron\u00f3micos<\/strong> en otras latitudes. Como ejemplo, destacan el eclipse solar anular del pasado <strong>17 de febrero<\/strong> de 2026 (visible en la Ant\u00e1rtida, Chile y el sur de \u00c1frica) y el eclipse total proyectado para el <strong>12 de agosto <\/strong>de 2026, que cubrir\u00e1 partes del \u00c1rtico, Groenlandia, Islandia y Espa\u00f1a.<\/p>\n<aside class=\"relacionadas con-foto linea-1078\"><strong class=\"relacionadas-titulo-gral\">Noticias Relacionadas<\/strong><\/aside>\n<div class=\"image-align-center\">\n<figure class=\"image\"><img loading=\"lazy\" decoding=\"async\" alt=\"\" height=\"400\" src=\"https:\/\/heraldodemexico.com.mx\/u\/fotografias\/m\/2026\/5\/1\/f768x400-1279069_1322972_5050.jpg\" width=\"768\"\/>&#13;<figcaption>El pr\u00f3ximo eclipse solar total visible en M\u00e9xico ser\u00e1 hasta el a\u00f1o 2052.<\/figcaption>&#13;<br \/>\n<\/figure>\n<\/div>\n<h2>\u00bfQu\u00e9 es un eclipse solar y cu\u00e1ndo se vio el \u00faltimo?<\/h2>\n<p>En t\u00e9rminos sencillos, un <strong>eclipse solar<\/strong> es un evento f\u00edsico y <strong>\u00f3ptico<\/strong> que ocurre cuando la<strong> Luna<\/strong> se interpone en l\u00ednea recta entre la <strong>Tierra<\/strong> y el <strong>Sol<\/strong>. Esta <strong>alineaci\u00f3n astron\u00f3mica<\/strong> bloquea la proyecci\u00f3n de la luz solar hacia nuestro planeta, provocando que ciertas zonas geogr\u00e1ficas queden en la penumbra de manera parcial o total.<\/p>\n<p>En <strong>M\u00e9xico<\/strong>, el \u00faltimo evento de magnitud total se observ\u00f3 el <strong>8 de abril de 2024<\/strong>. Durante este acontecimiento hist\u00f3rico, varias ciudades experimentaron la<strong> oscuridad <\/strong>en pleno d\u00eda; un espect\u00e1culo masivo que requiri\u00f3 el uso de filtros especiales, cristales de soldador, gafas certificadas y m\u00e9todos de proyecci\u00f3n para poder observarse sin riesgos de <strong>lesiones oculares<\/strong>.<\/p>\n<div class=\"image-align-center\">\n<figure class=\"image\"><img loading=\"lazy\" decoding=\"async\" alt=\"\" height=\"400\" src=\"https:\/\/heraldodemexico.com.mx\/u\/fotografias\/m\/2026\/5\/1\/f768x400-1279071_1322974_5050.jpg\" width=\"768\"\/>&#13;<figcaption>Existen varios tipos de eclipses, pero los anulares y totales son los m\u00e1s impresionantes.<\/figcaption>&#13;<br \/>\n<\/figure>\n<\/div>\n<h2>Tipos de eclipses<\/h2>\n<p>A trav\u00e9s de las tablas y c\u00e1lculos compilados por los astrof\u00edsicos de la NASA, se tiene un registro minucioso de las d\u00e9cadas venideras de eclipses. Estos se repiten a trav\u00e9s de un periodo denominado <strong>ciclo Saros<\/strong> (una ventana de tiempo de aproximadamente 18 a\u00f1os y 11 d\u00edas). La agencia clasifica las variaciones de estos fen\u00f3menos que podemos esperar observar en la <strong>Tierra<\/strong> en tres categor\u00edas adicionales a los eclipses totales:<\/p>\n<ul>&#13;<\/p>\n<li><strong>Eclipses anulares<\/strong>: Conocidos popularmente como \u00abanillos de fuego\u00bb. Suceden cuando la Luna se encuentra demasiado lejos de la Tierra en su \u00f3rbita y, por su tama\u00f1o aparente, no logra cubrir el disco solar por completo, dejando un brillante anillo de luz expuesto en sus bordes.<\/li>\n<p>&#13;<\/p>\n<li><strong>Eclipses parciales<\/strong>: En estos casos, la Luna \u00fanicamente oculta una fracci\u00f3n del Sol. Este fen\u00f3meno es el que puede presenciarse en los territorios colindantes a las franjas de totalidad o anularidad.<\/li>\n<p>&#13;<\/p>\n<li><strong>Eclipses<\/strong> <strong>h\u00edbridos<\/strong>: Es uno de los fen\u00f3menos m\u00e1s peculiares de la mec\u00e1nica celeste. Inician como un eclipse anular y transicionan a uno total (o viceversa) a lo largo de su veloz trayectoria por la superficie terrestre.<\/li>\n<p>&#13;\n<\/ul>\n<p>Aunado a oscurecer el cielo, los eclipses provocan fascinantes manifestaciones visuales a nivel de suelo, siendo la difracci\u00f3n de luz la m\u00e1s llamativa. Durante el desarrollo de un eclipse, los peque\u00f1os espacios que quedan libres entre las hojas y ramas de un \u00e1rbol frondoso fungen como diminutas lentes naturales o c\u00e1maras estenopeicas. Al colarse por estos huecos, la luz proyecta cientos de sombras en el pavimento o la tierra con la forma exacta de peque\u00f1as \u00ablunitas\u00bb o <strong>anillos solares<\/strong>.<\/p>\n<\/p><\/div>\n<p><script>\n    !function(f,b,e,v,n,t,s)\n    {if(f.fbq)return;n=f.fbq=function(){n.callMethod?\n    n.callMethod.apply(n,arguments):n.queue.push(arguments)};\n    if(!f._fbq)f._fbq=n;n.push=n;n.loaded=!0;n.version='2.0';\n    n.queue=[];t=b.createElement(e);t.async=!0;\n    t.src=v;s=b.getElementsByTagName(e)[0];\n    s.parentNode.insertBefore(t,s)}(window, document,'script',\n    'https:\/\/connect.facebook.net\/en_US\/fbevents.js');\n    fbq('init', '237927003583820');\n    fbq('track', 'PageView');\n  <\/script><script>\n    !function(f,b,e,v,n,t,s)\n    {if(f.fbq)return;n=f.fbq=function(){n.callMethod?\n    n.callMethod.apply(n,arguments):n.queue.push(arguments)};\n    if(!f._fbq)f._fbq=n;n.push=n;n.loaded=!0;n.version='2.0';\n    n.queue=[];t=b.createElement(e);t.async=!0;\n    t.src=v;s=b.getElementsByTagName(e)[0];\n    s.parentNode.insertBefore(t,s)}(window, document,'script',\n    'https:\/\/connect.facebook.net\/en_US\/fbevents.js');\n    fbq('init', '1188480345046653');\n    fbq('track', 'PageView');\n    <\/script><br \/>\n<br \/><\/p>\n","protected":false},"excerpt":{"rendered":"<p>Tras el espectacular evento astron\u00f3mico que cautiv\u00f3 a diversas regiones del pa\u00eds en 2024, la pregunta sobre cu\u00e1ndo volver\u00e1 a oscurecerse el cielo en territorio nacional ha despertado la curiosidad del p\u00fablico. Aunque el calendario astron\u00f3mico tiene m\u00faltiples citas programadas a nivel global en los pr\u00f3ximos a\u00f1os, para presenciar la majestuosidad de un eclipse solar [&hellip;]<\/p>\n","protected":false},"author":3,"featured_media":3996,"comment_status":"","ping_status":"","sticky":false,"template":"","format":"standard","meta":{"footnotes":""},"categories":[34],"tags":[],"class_list":["post-3995","post","type-post","status-publish","format-standard","has-post-thumbnail","hentry","category-sociedad"],"_links":{"self":[{"href":"https:\/\/conexion-mx.com\/index.php?rest_route=\/wp\/v2\/posts\/3995","targetHints":{"allow":["GET"]}}],"collection":[{"href":"https:\/\/conexion-mx.com\/index.php?rest_route=\/wp\/v2\/posts"}],"about":[{"href":"https:\/\/conexion-mx.com\/index.php?rest_route=\/wp\/v2\/types\/post"}],"author":[{"embeddable":true,"href":"https:\/\/conexion-mx.com\/index.php?rest_route=\/wp\/v2\/users\/3"}],"replies":[{"embeddable":true,"href":"https:\/\/conexion-mx.com\/index.php?rest_route=%2Fwp%2Fv2%2Fcomments&post=3995"}],"version-history":[{"count":0,"href":"https:\/\/conexion-mx.com\/index.php?rest_route=\/wp\/v2\/posts\/3995\/revisions"}],"wp:featuredmedia":[{"embeddable":true,"href":"https:\/\/conexion-mx.com\/index.php?rest_route=\/wp\/v2\/media\/3996"}],"wp:attachment":[{"href":"https:\/\/conexion-mx.com\/index.php?rest_route=%2Fwp%2Fv2%2Fmedia&parent=3995"}],"wp:term":[{"taxonomy":"category","embeddable":true,"href":"https:\/\/conexion-mx.com\/index.php?rest_route=%2Fwp%2Fv2%2Fcategories&post=3995"},{"taxonomy":"post_tag","embeddable":true,"href":"https:\/\/conexion-mx.com\/index.php?rest_route=%2Fwp%2Fv2%2Ftags&post=3995"}],"curies":[{"name":"wp","href":"https:\/\/api.w.org\/{rel}","templated":true}]}}