{"id":3997,"date":"2026-05-02T02:36:22","date_gmt":"2026-05-02T07:36:22","guid":{"rendered":"https:\/\/conexion-mx.com\/?p=3997"},"modified":"2026-05-02T02:36:22","modified_gmt":"2026-05-02T07:36:22","slug":"por-que-ver-juana-la-opera-prima-de-daniel-gimenez-cacho-en-el-cine","status":"publish","type":"post","link":"https:\/\/conexion-mx.com\/?p=3997","title":{"rendered":"\u00bfPor qu\u00e9 ver \u00abJuana\u00bb, la \u00f3pera prima de Daniel Gim\u00e9nez Cacho en el cine?"},"content":{"rendered":"<p> <br \/>\n<\/p>\n<div itemprop=\"articleBody\">\n<div class=\"txt_contenido\">\n<p><strong>Daniel Gim\u00e9nez Cacho<\/strong>, reconocido actor, debuta en la direcci\u00f3n cinematogr\u00e1fica con su \u00f3pera prima \u00ab<strong>Juana<\/strong>\u00ab, una pel\u00edcula que profundiza en la memoria y el <strong>periodismo<\/strong>.<\/p>\n<p>El director comparti\u00f3 detalles de su proyecto en una entrevista exclusiva para el programa \u00ab<strong>El dedo en la llaga<\/strong>\u00ab, conducido por <strong>Adriana Delgado <\/strong>y presentada por <strong>Gonzalo Lira<\/strong>. La cinta narra la historia de una periodista que investiga la violencia contra las mujeres mientras enfrenta el deterioro de la memoria de su madre.<\/p>\n<aside class=\"htmlinline\"\/>\n<p>Gim\u00e9nez Cacho explic\u00f3 que su inter\u00e9s en el mundo del periodismo para su primera direcci\u00f3n surge de una profunda admiraci\u00f3n por la profesi\u00f3n. Destac\u00f3 la entrega y el compromiso de quienes ejercen esta labor, especialmente en contextos desafiantes.<\/p>\n<aside class=\"relacionadas con-foto linea-1078\"><strong class=\"relacionadas-titulo-gral\">Noticias Relacionadas<\/strong><\/aside>\n<figure class=\"image\"><img loading=\"lazy\" decoding=\"async\" alt=\"\" height=\"435\" src=\"https:\/\/heraldodemexico.com.mx\/u\/fotografias\/m\/2026\/4\/10\/f768x1-1270445_1270572_5050.jpg\" width=\"768\"\/>&#13;<figcaption>La pel\u00edcula habla sobre uno de los temas menos comprendidos en la sociedad actual. FOTO: archivo.<\/figcaption>&#13;<br \/>\n<\/figure>\n<h2>La humanidad del periodismo y el riesgo inherente<\/h2>\n<p>\u00abEncontr\u00e9 esta gran humanidad, esta gran capacidad de servicio, esta actitud hacia la vida que tienen los periodistas de arriesgar su vida para hacer su trabajo.\u00bb<\/p>\n<p>El director enfatiz\u00f3 la <strong>vocaci\u00f3n de servicio <\/strong>y la dedicaci\u00f3n que observa en los <strong>profesionales de la comunicaci\u00f3n<\/strong>, consider\u00e1ndolos un reflejo de un valor fundamental.\u00a0La pel\u00edcula busca honrar esta labor, especialmente la de los periodistas independientes que trabajan en el territorio.<\/p>\n<p>\u00abLo que veo ah\u00ed es una capacidad de amor al ser humano.\u00bb<\/p>\n<p>La pel\u00edcula, seg\u00fan su director, es un juego interesante con el concepto de memoria, mostrando c\u00f3mo esta puede ser un motor para la investigaci\u00f3n o una fuente de <strong>p\u00e9rdida de identidad<\/strong>.<\/p>\n<figure class=\"image\"><img loading=\"lazy\" decoding=\"async\" alt=\"\" height=\"435\" src=\"https:\/\/heraldodemexico.com.mx\/u\/fotografias\/m\/2026\/4\/17\/f768x1-1273328_1273455_5050.jpg\" width=\"768\"\/>&#13;<figcaption>La cinta narra uno de los fen\u00f3menos m\u00e1s complejos de la realidad mexicana. FOTO: archivo.<\/figcaption>&#13;<br \/>\n<\/figure>\n<h2>La memoria como pilar de identidad y reflexi\u00f3n social<\/h2>\n<p>\u00abJuana\u00bb entrelaza la <strong>investigaci\u00f3n period\u00edstica <\/strong>con la tem\u00e1tica de la memoria, explorando su relevancia tanto a nivel individual como social. La trama contrasta la b\u00fasqueda de la verdad por parte de la <strong>periodista <\/strong>con la p\u00e9rdida de identidad que acompa\u00f1a el deterioro de la memoria de su madre.&#13;<br \/>\n&#13;\n<\/p>\n<p>\u00abLa importancia que se le otorga a la memoria es lo que nos da identidad.\u00bb&#13;<br \/>\n&#13;\n<\/p>\n<p>Gim\u00e9nez Cacho se\u00f1al\u00f3 que la pel\u00edcula invita a reflexionar sobre la <strong>memoria <\/strong>en un momento actual donde la informaci\u00f3n es constantemente cuestionada. Subray\u00f3 la importancia del periodismo independiente frente a la proliferaci\u00f3n de <strong>noticias falsas <\/strong>o <strong>financiadas<\/strong>.&#13;<br \/>\n&#13;\n<\/p>\n<p>\u00abEl trabajo de periodistas independientes en el territorio se ha vuelto muy importante.\u00bb&#13;<br \/>\n&#13;\n<\/p>\n<p>\u00a0&#13;<br \/>\n&#13;<br \/>\n&#13;\n                                <\/p>\n<\/p><\/div>\n<\/p><\/div>\n<p><script>\n    !function(f,b,e,v,n,t,s)\n    {if(f.fbq)return;n=f.fbq=function(){n.callMethod?\n    n.callMethod.apply(n,arguments):n.queue.push(arguments)};\n    if(!f._fbq)f._fbq=n;n.push=n;n.loaded=!0;n.version='2.0';\n    n.queue=[];t=b.createElement(e);t.async=!0;\n    t.src=v;s=b.getElementsByTagName(e)[0];\n    s.parentNode.insertBefore(t,s)}(window, document,'script',\n    'https:\/\/connect.facebook.net\/en_US\/fbevents.js');\n    fbq('init', '237927003583820');\n    fbq('track', 'PageView');\n  <\/script><br \/>\n<br \/><\/p>\n","protected":false},"excerpt":{"rendered":"<p>Daniel Gim\u00e9nez Cacho, reconocido actor, debuta en la direcci\u00f3n cinematogr\u00e1fica con su \u00f3pera prima \u00abJuana\u00ab, una pel\u00edcula que profundiza en la memoria y el periodismo. El director comparti\u00f3 detalles de su proyecto en una entrevista exclusiva para el programa \u00abEl dedo en la llaga\u00ab, conducido por Adriana Delgado y presentada por Gonzalo Lira. La cinta [&hellip;]<\/p>\n","protected":false},"author":4,"featured_media":3998,"comment_status":"","ping_status":"","sticky":false,"template":"","format":"standard","meta":{"footnotes":""},"categories":[33],"tags":[],"class_list":["post-3997","post","type-post","status-publish","format-standard","has-post-thumbnail","hentry","category-cultura"],"_links":{"self":[{"href":"https:\/\/conexion-mx.com\/index.php?rest_route=\/wp\/v2\/posts\/3997","targetHints":{"allow":["GET"]}}],"collection":[{"href":"https:\/\/conexion-mx.com\/index.php?rest_route=\/wp\/v2\/posts"}],"about":[{"href":"https:\/\/conexion-mx.com\/index.php?rest_route=\/wp\/v2\/types\/post"}],"author":[{"embeddable":true,"href":"https:\/\/conexion-mx.com\/index.php?rest_route=\/wp\/v2\/users\/4"}],"replies":[{"embeddable":true,"href":"https:\/\/conexion-mx.com\/index.php?rest_route=%2Fwp%2Fv2%2Fcomments&post=3997"}],"version-history":[{"count":0,"href":"https:\/\/conexion-mx.com\/index.php?rest_route=\/wp\/v2\/posts\/3997\/revisions"}],"wp:featuredmedia":[{"embeddable":true,"href":"https:\/\/conexion-mx.com\/index.php?rest_route=\/wp\/v2\/media\/3998"}],"wp:attachment":[{"href":"https:\/\/conexion-mx.com\/index.php?rest_route=%2Fwp%2Fv2%2Fmedia&parent=3997"}],"wp:term":[{"taxonomy":"category","embeddable":true,"href":"https:\/\/conexion-mx.com\/index.php?rest_route=%2Fwp%2Fv2%2Fcategories&post=3997"},{"taxonomy":"post_tag","embeddable":true,"href":"https:\/\/conexion-mx.com\/index.php?rest_route=%2Fwp%2Fv2%2Ftags&post=3997"}],"curies":[{"name":"wp","href":"https:\/\/api.w.org\/{rel}","templated":true}]}}