{"id":4001,"date":"2026-05-02T12:04:06","date_gmt":"2026-05-02T17:04:06","guid":{"rendered":"https:\/\/conexion-mx.com\/?p=4001"},"modified":"2026-05-02T12:04:06","modified_gmt":"2026-05-02T17:04:06","slug":"proponen-a-yeraldine-bonilla-como-gobernadora-interina-de-sinaloa-tras-licencia-de-ruben-rocha-moya-diputados-discuten-su-aprobacion","status":"publish","type":"post","link":"https:\/\/conexion-mx.com\/?p=4001","title":{"rendered":"Proponen a Yeraldine Bonilla como gobernadora interina de Sinaloa tras licencia de Rub\u00e9n Rocha Moya, diputados discuten su aprobaci\u00f3n"},"content":{"rendered":"<p> <br \/>\n<\/p>\n<div itemprop=\"articleBody\">\n<div class=\"txt_contenido\">\n<p>Luego de aprobar la licencia temporal de Rub\u00e9n Rocha Moya, el Congreso del Estado de Sinaloa propuso\u00a0designar a la morenista,\u00a0<strong>Yeraldine Bonilla Valverde <\/strong>como gobernadora interina de Sinaloa, sin embargo, los grupos parlamentarios opositores exponen su negativa a dicha moci\u00f3n, la cual, ser\u00e1 sometida a votaci\u00f3n.\u00a0<\/p>\n<p>\u00a0<\/p>\n<aside class=\"htmlinline\"\/><\/div>\n<\/p><\/div>\n<p><script>\n    !function(f,b,e,v,n,t,s)\n    {if(f.fbq)return;n=f.fbq=function(){n.callMethod?\n    n.callMethod.apply(n,arguments):n.queue.push(arguments)};\n    if(!f._fbq)f._fbq=n;n.push=n;n.loaded=!0;n.version='2.0';\n    n.queue=[];t=b.createElement(e);t.async=!0;\n    t.src=v;s=b.getElementsByTagName(e)[0];\n    s.parentNode.insertBefore(t,s)}(window, document,'script',\n    'https:\/\/connect.facebook.net\/en_US\/fbevents.js');\n    fbq('init', '237927003583820');\n    fbq('track', 'PageView');\n  <\/script><script>\n    !function(f,b,e,v,n,t,s)\n    {if(f.fbq)return;n=f.fbq=function(){n.callMethod?\n    n.callMethod.apply(n,arguments):n.queue.push(arguments)};\n    if(!f._fbq)f._fbq=n;n.push=n;n.loaded=!0;n.version='2.0';\n    n.queue=[];t=b.createElement(e);t.async=!0;\n    t.src=v;s=b.getElementsByTagName(e)[0];\n    s.parentNode.insertBefore(t,s)}(window, document,'script',\n    'https:\/\/connect.facebook.net\/en_US\/fbevents.js');\n    fbq('init', '802372280934901');\n    fbq('track', 'PageView');\n    <\/script><br \/>\n<br \/><\/p>\n","protected":false},"excerpt":{"rendered":"<p>Luego de aprobar la licencia temporal de Rub\u00e9n Rocha Moya, el Congreso del Estado de Sinaloa propuso\u00a0designar a la morenista,\u00a0Yeraldine Bonilla Valverde como gobernadora interina de Sinaloa, sin embargo, los grupos parlamentarios opositores exponen su negativa a dicha moci\u00f3n, la cual, ser\u00e1 sometida a votaci\u00f3n.\u00a0 \u00a0<\/p>\n","protected":false},"author":2,"featured_media":4002,"comment_status":"","ping_status":"","sticky":false,"template":"","format":"standard","meta":{"footnotes":""},"categories":[2],"tags":[],"class_list":["post-4001","post","type-post","status-publish","format-standard","has-post-thumbnail","hentry","category-local"],"_links":{"self":[{"href":"https:\/\/conexion-mx.com\/index.php?rest_route=\/wp\/v2\/posts\/4001","targetHints":{"allow":["GET"]}}],"collection":[{"href":"https:\/\/conexion-mx.com\/index.php?rest_route=\/wp\/v2\/posts"}],"about":[{"href":"https:\/\/conexion-mx.com\/index.php?rest_route=\/wp\/v2\/types\/post"}],"author":[{"embeddable":true,"href":"https:\/\/conexion-mx.com\/index.php?rest_route=\/wp\/v2\/users\/2"}],"replies":[{"embeddable":true,"href":"https:\/\/conexion-mx.com\/index.php?rest_route=%2Fwp%2Fv2%2Fcomments&post=4001"}],"version-history":[{"count":0,"href":"https:\/\/conexion-mx.com\/index.php?rest_route=\/wp\/v2\/posts\/4001\/revisions"}],"wp:featuredmedia":[{"embeddable":true,"href":"https:\/\/conexion-mx.com\/index.php?rest_route=\/wp\/v2\/media\/4002"}],"wp:attachment":[{"href":"https:\/\/conexion-mx.com\/index.php?rest_route=%2Fwp%2Fv2%2Fmedia&parent=4001"}],"wp:term":[{"taxonomy":"category","embeddable":true,"href":"https:\/\/conexion-mx.com\/index.php?rest_route=%2Fwp%2Fv2%2Fcategories&post=4001"},{"taxonomy":"post_tag","embeddable":true,"href":"https:\/\/conexion-mx.com\/index.php?rest_route=%2Fwp%2Fv2%2Ftags&post=4001"}],"curies":[{"name":"wp","href":"https:\/\/api.w.org\/{rel}","templated":true}]}}