{"id":4003,"date":"2026-05-02T20:07:21","date_gmt":"2026-05-03T01:07:21","guid":{"rendered":"https:\/\/conexion-mx.com\/?p=4003"},"modified":"2026-05-02T20:07:21","modified_gmt":"2026-05-03T01:07:21","slug":"metro-reporta-que-tiraron-muleta-a-las-vias-en-estacion-indios-verdes-provoco-un-chispazo-y-salida-de-humo","status":"publish","type":"post","link":"https:\/\/conexion-mx.com\/?p=4003","title":{"rendered":"Metro reporta que tiraron muleta a las v\u00edas en estaci\u00f3n Indios Verdes; provoc\u00f3 un chispazo y salida de humo"},"content":{"rendered":"<p> <br \/>\n<\/p>\n<div itemprop=\"articleBody\">\n<div class=\"txt_contenido\">\n<p>Este s\u00e1bado 2 de mayo se viraliz\u00f3 un video en redes sociales que muestra c\u00f3mo un vag\u00f3n del <strong>Metro de la Ciudad de M\u00e9xico<\/strong> comenz\u00f3 a sacar humo luego de un flamazo, provocado por la ca\u00edda de un objeto a las v\u00edas, generando caos en usuarios que se encontraban en el and\u00e9n de la estaci\u00f3n <strong>Indios Verdes.<\/strong><\/p>\n<p><iframe loading=\"lazy\" allow=\"autoplay; clipboard-write; encrypted-media; picture-in-picture; web-share\" allowfullscreen=\"true\" frameborder=\"0\" height=\"476\" scrolling=\"no\" src=\"https:\/\/www.facebook.com\/plugins\/video.php?height=476&amp;href=https%3A%2F%2Fwww.facebook.com%2Freel%2F822291547617128%2F&amp;show_text=false&amp;width=267&amp;t=0\" style=\"border:none;overflow:hidden\" width=\"267\"><\/iframe><\/p>\n<aside class=\"htmlinline\"\/>\n<p>Tras lo sucedido el <strong>Metro de la Ciudad de M\u00e9xico<\/strong> respondi\u00f3 por medio de un tweet en ente lo ocurrido en la <strong>estaci\u00f3n Indios Verdes,<\/strong> perteneciente a la <strong>L\u00ednea 3<\/strong>, mencionando que se realizaron maniobras para rescatar una muleta que cay\u00f3 a las v\u00edas generando retrasos en el servicio.<\/p>\n<aside class=\"relacionadas con-foto linea-1078\"><strong class=\"relacionadas-titulo-gral\">Noticias Relacionadas<\/strong><\/aside>\n<blockquote><p>&#13;<\/p>\n<p>\u201cBuena tarde. La circulaci\u00f3n de los trenes es continua en L\u00ednea 3, m\u00e1s temprano se realizaron maniobras para rescatar un objeto (muleta) en zona de v\u00edas de la estaci\u00f3n Indios Verdes. El llamado a los usuarios es\u00a0 a resguardar sus pertenencias al ingresar al and\u00e9n y respetar la l\u00ednea amarilla de seguridad\u201d, dijo el Metro CDMX.<\/p>\n<p>&#13;\n<\/p><\/blockquote>\n<p><img loading=\"lazy\" decoding=\"async\" alt=\"\" height=\"311\" src=\"https:\/\/heraldodemexico.com.mx\/u\/fotografias\/m\/2026\/5\/2\/f768x1-1279342_1279469_5050.png\" width=\"768\"\/><\/p>\n<h2>Te puede interesar:<\/h2>\n<p>\u00a0<\/p>\n<\/p><\/div>\n<\/p><\/div>\n<p><script>\n    !function(f,b,e,v,n,t,s)\n    {if(f.fbq)return;n=f.fbq=function(){n.callMethod?\n    n.callMethod.apply(n,arguments):n.queue.push(arguments)};\n    if(!f._fbq)f._fbq=n;n.push=n;n.loaded=!0;n.version='2.0';\n    n.queue=[];t=b.createElement(e);t.async=!0;\n    t.src=v;s=b.getElementsByTagName(e)[0];\n    s.parentNode.insertBefore(t,s)}(window, document,'script',\n    'https:\/\/connect.facebook.net\/en_US\/fbevents.js');\n    fbq('init', '237927003583820');\n    fbq('track', 'PageView');\n  <\/script><script>\n    !function(f,b,e,v,n,t,s)\n    {if(f.fbq)return;n=f.fbq=function(){n.callMethod?\n    n.callMethod.apply(n,arguments):n.queue.push(arguments)};\n    if(!f._fbq)f._fbq=n;n.push=n;n.loaded=!0;n.version='2.0';\n    n.queue=[];t=b.createElement(e);t.async=!0;\n    t.src=v;s=b.getElementsByTagName(e)[0];\n    s.parentNode.insertBefore(t,s)}(window, document,'script',\n    'https:\/\/connect.facebook.net\/en_US\/fbevents.js');\n    fbq('init', '802372280934901');\n    fbq('track', 'PageView');\n    <\/script><br \/>\n<br \/><\/p>\n","protected":false},"excerpt":{"rendered":"<p>Este s\u00e1bado 2 de mayo se viraliz\u00f3 un video en redes sociales que muestra c\u00f3mo un vag\u00f3n del Metro de la Ciudad de M\u00e9xico comenz\u00f3 a sacar humo luego de un flamazo, provocado por la ca\u00edda de un objeto a las v\u00edas, generando caos en usuarios que se encontraban en el and\u00e9n de la estaci\u00f3n [&hellip;]<\/p>\n","protected":false},"author":2,"featured_media":4004,"comment_status":"","ping_status":"","sticky":false,"template":"","format":"standard","meta":{"footnotes":""},"categories":[2],"tags":[],"class_list":["post-4003","post","type-post","status-publish","format-standard","has-post-thumbnail","hentry","category-local"],"_links":{"self":[{"href":"https:\/\/conexion-mx.com\/index.php?rest_route=\/wp\/v2\/posts\/4003","targetHints":{"allow":["GET"]}}],"collection":[{"href":"https:\/\/conexion-mx.com\/index.php?rest_route=\/wp\/v2\/posts"}],"about":[{"href":"https:\/\/conexion-mx.com\/index.php?rest_route=\/wp\/v2\/types\/post"}],"author":[{"embeddable":true,"href":"https:\/\/conexion-mx.com\/index.php?rest_route=\/wp\/v2\/users\/2"}],"replies":[{"embeddable":true,"href":"https:\/\/conexion-mx.com\/index.php?rest_route=%2Fwp%2Fv2%2Fcomments&post=4003"}],"version-history":[{"count":0,"href":"https:\/\/conexion-mx.com\/index.php?rest_route=\/wp\/v2\/posts\/4003\/revisions"}],"wp:featuredmedia":[{"embeddable":true,"href":"https:\/\/conexion-mx.com\/index.php?rest_route=\/wp\/v2\/media\/4004"}],"wp:attachment":[{"href":"https:\/\/conexion-mx.com\/index.php?rest_route=%2Fwp%2Fv2%2Fmedia&parent=4003"}],"wp:term":[{"taxonomy":"category","embeddable":true,"href":"https:\/\/conexion-mx.com\/index.php?rest_route=%2Fwp%2Fv2%2Fcategories&post=4003"},{"taxonomy":"post_tag","embeddable":true,"href":"https:\/\/conexion-mx.com\/index.php?rest_route=%2Fwp%2Fv2%2Ftags&post=4003"}],"curies":[{"name":"wp","href":"https:\/\/api.w.org\/{rel}","templated":true}]}}